{"id":2640,"date":"2020-11-18T11:04:38","date_gmt":"2020-11-18T14:04:38","guid":{"rendered":"http:\/\/fmtinkunaco.com.ar\/?p=2640"},"modified":"2020-11-18T11:04:38","modified_gmt":"2020-11-18T14:04:38","slug":"caravana-y-bicicleteada-por-el-aborto-legal-2020","status":"publish","type":"post","link":"https:\/\/fmtinkunaco.ar\/?p=2640","title":{"rendered":"Caravana y bicicleteada por el Aborto Legal 2020"},"content":{"rendered":"<p>La Campa\u00f1a Nacional por el Derecho al aborto legal, seguro y gratuito convoca esta tarde a una caravana y bicicleteada por el aborto legal, bajo el lema #EnCampa\u00f1aHastaQueSeaLey.<\/p>\n<p>La convocatoria es hoy, a partir de las 17hs se parte de la plaza de Jos\u00e9. C. Paz, para luego dirigirse al predio municipal de Malvinas Argentinas.<\/p>\n<p>En di\u00e1logo con el programa radial \u201cEncuentro con las Noticias\u201d, Sandra Hoyos, integrante de la campa\u00f1a nacional por el derecho al aborto, se refiri\u00f3 a la jornada <em>\u201cVamos a hacer un actividad intermunicipal, interterritorio, vamos a convocar a una caravana, que tambi\u00e9n son actividades a nivel federal, en todo el pa\u00eds se van a hacer pa\u00f1uelazos en simultaneo. En otro caso invitamos a una caravana en bici, caminando, en auto, en lo que puedan acompa\u00f1ar<\/em>\u201d.<\/p>\n<p>Adem\u00e1s, Hoyos, se refiri\u00f3 a la reciente presentaci\u00f3n del proyecto de ley por parte del Ejecutivo, <em>\u201cY nuestras expectativas tienen que ver con que en principio quer\u00edamos conocer el proyecto, que lo que hemos confirmado es que muchos de los argumentos que est\u00e1n vertidos en este texto son nuestros argumentos. Entendemos tambi\u00e9n que es parte de un proceso pol\u00edtico, y que un tema de estas caracter\u00edsticas que lo haya tomado el Ejecutivo es porque es importante sino tranquilamente, sino le prestan importancia las gestiones, ni los funcionarios, quiz\u00e1s tienen las posibilidades de otras legislaciones que van impulsadas de abajo, sin el apoyo de diputados, legisladores y senadores. (\u2026) Esperamos que este debate se d\u00e9 en los mejore t\u00e9rminos\u201d<\/em>.<\/p>\n<p>La convocatoria es hoy, a partir de las 17hs se parte de la plaza de Jos\u00e9. C. Paz, para luego dirigirse al predio municipal de Malvinas Argentinas<\/p>\n<p>Compartimos la entrevista completa<\/p>\n<p><a href=\"https:\/\/archive.org\/details\/audio-sandra-hoyos-18-11-2020\">Descargar<\/a><\/p>\n<audio class=\"wp-audio-shortcode\" id=\"audio-2640-2\" preload=\"none\" style=\"width: 100%;\" controls=\"controls\"><source type=\"audio\/mpeg\" src=\"https:\/\/archive.org\/download\/audio-sandra-hoyos-18-11-2020\/AUDIO%20-%20SANDRA%20HOYOS%2018%2011%202020.mp3?_=2\" \/><a href=\"https:\/\/archive.org\/download\/audio-sandra-hoyos-18-11-2020\/AUDIO%20-%20SANDRA%20HOYOS%2018%2011%202020.mp3\">https:\/\/archive.org\/download\/audio-sandra-hoyos-18-11-2020\/AUDIO%20-%20SANDRA%20HOYOS%2018%2011%202020.mp3<\/a><\/audio>\n<div class=\"powerpress_player\" id=\"powerpress_player_1878\"><audio class=\"wp-audio-shortcode\" id=\"audio-2640-1\" preload=\"none\" style=\"width: 100%;\" controls=\"controls\"><source type=\"audio\/mpeg\" src=\"https:\/\/archive.org\/download\/audio-sandra-hoyos-18-11-2020\/AUDIO%20-%20SANDRA%20HOYOS%2018%2011%202020.mp3?_=1\" \/><a href=\"https:\/\/archive.org\/download\/audio-sandra-hoyos-18-11-2020\/AUDIO%20-%20SANDRA%20HOYOS%2018%2011%202020.mp3\">https:\/\/archive.org\/download\/audio-sandra-hoyos-18-11-2020\/AUDIO%20-%20SANDRA%20HOYOS%2018%2011%202020.mp3<\/a><\/audio><\/div><p class=\"powerpress_links powerpress_links_mp3\" style=\"margin-bottom: 1px !important;\">Podcast: <a href=\"https:\/\/archive.org\/download\/audio-sandra-hoyos-18-11-2020\/AUDIO%20-%20SANDRA%20HOYOS%2018%2011%202020.mp3\" class=\"powerpress_link_pinw\" target=\"_blank\" title=\"Reproducir en una nueva ventana\" onclick=\"return powerpress_pinw('https:\/\/fmtinkunaco.ar\/?powerpress_pinw=2640-podcast');\" rel=\"nofollow\">Reproducir en una nueva ventana<\/a> | <a href=\"https:\/\/archive.org\/download\/audio-sandra-hoyos-18-11-2020\/AUDIO%20-%20SANDRA%20HOYOS%2018%2011%202020.mp3\" class=\"powerpress_link_d\" title=\"Descargar\" rel=\"nofollow\" download=\"AUDIO%20-%20SANDRA%20HOYOS%2018%2011%202020.mp3\">Descargar<\/a><\/p>","protected":false},"excerpt":{"rendered":"<p>La Campa\u00f1a Nacional por el Derecho al aborto legal, seguro y gratuito convoca esta tarde a una caravana y bicicleteada por el aborto legal, bajo el lema #EnCampa\u00f1aHastaQueSeaLey. La convocatoria es hoy, a partir de las 17hs se parte de la plaza de Jos\u00e9. C. Paz, para luego dirigirse al predio municipal de Malvinas Argentinas. [&hellip;]<\/p>\n","protected":false},"author":1,"featured_media":2641,"comment_status":"open","ping_status":"open","sticky":false,"template":"","format":"standard","meta":{"footnotes":""},"categories":[4],"tags":[74,79],"class_list":["post-2640","post","type-post","status-publish","format-standard","has-post-thumbnail","hentry","category-derechos-humanos","tag-campana-nacional-por-el-derecho-al-aborto-legal","tag-caravana"],"_links":{"self":[{"href":"https:\/\/fmtinkunaco.ar\/index.php?rest_route=\/wp\/v2\/posts\/2640","targetHints":{"allow":["GET"]}}],"collection":[{"href":"https:\/\/fmtinkunaco.ar\/index.php?rest_route=\/wp\/v2\/posts"}],"about":[{"href":"https:\/\/fmtinkunaco.ar\/index.php?rest_route=\/wp\/v2\/types\/post"}],"author":[{"embeddable":true,"href":"https:\/\/fmtinkunaco.ar\/index.php?rest_route=\/wp\/v2\/users\/1"}],"replies":[{"embeddable":true,"href":"https:\/\/fmtinkunaco.ar\/index.php?rest_route=%2Fwp%2Fv2%2Fcomments&post=2640"}],"version-history":[{"count":0,"href":"https:\/\/fmtinkunaco.ar\/index.php?rest_route=\/wp\/v2\/posts\/2640\/revisions"}],"wp:featuredmedia":[{"embeddable":true,"href":"https:\/\/fmtinkunaco.ar\/index.php?rest_route=\/"}],"wp:attachment":[{"href":"https:\/\/fmtinkunaco.ar\/index.php?rest_route=%2Fwp%2Fv2%2Fmedia&parent=2640"}],"wp:term":[{"taxonomy":"category","embeddable":true,"href":"https:\/\/fmtinkunaco.ar\/index.php?rest_route=%2Fwp%2Fv2%2Fcategories&post=2640"},{"taxonomy":"post_tag","embeddable":true,"href":"https:\/\/fmtinkunaco.ar\/index.php?rest_route=%2Fwp%2Fv2%2Ftags&post=2640"}],"curies":[{"name":"wp","href":"https:\/\/api.w.org\/{rel}","templated":true}]}}