{"id":2647,"date":"2020-11-20T10:07:21","date_gmt":"2020-11-20T13:07:21","guid":{"rendered":"http:\/\/fmtinkunaco.com.ar\/?p=2647"},"modified":"2020-11-20T10:07:21","modified_gmt":"2020-11-20T13:07:21","slug":"2do-encuentro-plurinacional-de-argentina","status":"publish","type":"post","link":"https:\/\/fmtinkunaco.ar\/?p=2647","title":{"rendered":"2do Encuentro Plurinacional\u00a0de Argentina"},"content":{"rendered":"<p>El\u00a0 21, 22 y 23 de noviembre se realizaran los Talleres\u00a0 del 2DO ENCUENTRO PLURINACIONAL, de Naciones Pueblos e Identidades, Ind\u00edgenas, Afrodescendientes, Migrantes y Diversidades. Ser\u00e1n de manera virtual, se transmitir\u00e1 por el Facebook y la p\u00e1gina de Youtube del Encuentro.<\/p>\n<p>Comenzar\u00e1 el s\u00e1bado 21 de noviembre a las 8 hs con una Ceremonia y despu\u00e9s se desarrollan los 12 Talleres con expositores y expositoras s de distintas regiones del pa\u00eds y de pa\u00edses como Bolivia, Chile, Paraguay y Colombia.<\/p>\n<p>En di\u00e1logo con el programa radial \u201cEncuentro con las Noticias\u201d, Zulema Enriquez, integrante de la organizaci\u00f3n, se refiri\u00f3 a la emoci\u00f3n por este segundo encuentro, <em>\u201cLa verdad que estamos muy felices, muy contentas porque es el resultado de mucho trabajo pero sobretodo de tener muy claro los entusiasmos, los objetivos, pero tambi\u00e9n las decisiones pol\u00edticas de seguir construyendo y entender que necesitamos y nos entendemos como una Argentina Plurinacional, desde nuestras organizaciones sociales, institucionales, pol\u00edticas, las comunidades en los territorios, las comunidades en la urbanidad, en las ciudades, pero no solamente de Argentina, sino que tambi\u00e9n en este contexto de virtualidad, por eso es distinto como todes, el encuentro se contextualiza a la pandemia y lo hacemos de manera virtual y nos permite tener compa\u00f1eros, hermanos, hermanas que vienen de otros lugares como Colombia, Uruguay, Chile, Paraguay y Bolivia que nos van a estar acompa\u00f1ando\u201d<\/em>.<\/p>\n<p>El Encuentro Plurinacional concluir\u00e1 el lunes con una Festi-Pe\u00f1a de manera virtual, con la participaci\u00f3n de m\u00e1s de 50 m\u00fasicxs y artistas invitadxs.<\/p>\n<p>Para participar de cada taller es necesario inscribirse\u00a0 y se les enviara el link de la sala del Encuentro. Toda la informaci\u00f3n est\u00e1 disponible en las redes.<\/p>\n<p>Estos ser\u00e1n los Talleres:<\/p>\n<p>Apertura. PRESENTACI\u00d3N: CEREMONIA Y RECORDATORIO RAFAEL NAHUEL<\/p>\n<p>&#8211; Participaci\u00f3n Pol\u00edtica Plurinacional. Pol\u00edticas p\u00fablicas del Estado. Desaf\u00edos de la democracia representativa para los Pueblos Ind\u00edgenas.<\/p>\n<p>&#8211; Experiencias de Constituci\u00f3n y Estados Plurinacional en Latinoam\u00e9rica<\/p>\n<p>&#8211; Descolonizaci\u00f3n del G\u00e9nero. Disidencias, luchas y resistencias.<\/p>\n<p>&#8211; Salud intercultural, medicina ancestral. Parto respetado.<\/p>\n<p>&#8211; Tierra, h\u00e1bitat, territorio y consulta previa<\/p>\n<p>&#8211; Educaci\u00f3n Pluricultural: conquistas y tensiones<\/p>\n<p>&#8211; ECONOM\u00cdA DEL BUEN VIVIR: econom\u00edas alternativas, del cuidado y de descolonizaci\u00f3n. Soberan\u00eda alimentaria.<\/p>\n<p>&#8211; Genocidio ind\u00edgena. Construcci\u00f3n del Estado Naci\u00f3n y de la identidad nacional.<\/p>\n<p>&#8211; Censo 2021 Argentina. Sistemas de informaci\u00f3n propios para el Buen Vivir.<\/p>\n<p>-Lenguas. Procesos de revitalizaci\u00f3n ling\u00fc\u00edstica: qom, mapuzungun, quechua, wichi, guaran\u00ed, kunza y gunu a kuna<\/p>\n<p>&#8211; Reivindicaciones de la Organizaci\u00f3n y la lucha Migrante<\/p>\n<p>&#8211; Africanismo del Sur: colonialidad y racismo<\/p>\n<p>El Encuentro ser\u00e1 el 21, 22 y 23 de noviembre a partir de las 8hs.<\/p>\n<p>Compartimos la entrevista completa<\/p>\n<p><a href=\"https:\/\/archive.org\/details\/audio-zulema-enriquez-19-11-2020\">Descargar<\/a><\/p>\n<audio class=\"wp-audio-shortcode\" id=\"audio-2647-2\" preload=\"none\" style=\"width: 100%;\" controls=\"controls\"><source type=\"audio\/mpeg\" src=\"https:\/\/archive.org\/download\/audio-zulema-enriquez-19-11-2020\/AUDIO%20-%20ZULEMA%20ENRIQUEZ%2019%2011%202020.mp3?_=2\" \/><a href=\"https:\/\/archive.org\/download\/audio-zulema-enriquez-19-11-2020\/AUDIO%20-%20ZULEMA%20ENRIQUEZ%2019%2011%202020.mp3\">https:\/\/archive.org\/download\/audio-zulema-enriquez-19-11-2020\/AUDIO%20-%20ZULEMA%20ENRIQUEZ%2019%2011%202020.mp3<\/a><\/audio>\n<div class=\"powerpress_player\" id=\"powerpress_player_9589\"><audio class=\"wp-audio-shortcode\" id=\"audio-2647-1\" preload=\"none\" style=\"width: 100%;\" controls=\"controls\"><source type=\"audio\/mpeg\" src=\"https:\/\/archive.org\/download\/audio-zulema-enriquez-19-11-2020\/AUDIO%20-%20ZULEMA%20ENRIQUEZ%2019%2011%202020.mp3?_=1\" \/><a href=\"https:\/\/archive.org\/download\/audio-zulema-enriquez-19-11-2020\/AUDIO%20-%20ZULEMA%20ENRIQUEZ%2019%2011%202020.mp3\">https:\/\/archive.org\/download\/audio-zulema-enriquez-19-11-2020\/AUDIO%20-%20ZULEMA%20ENRIQUEZ%2019%2011%202020.mp3<\/a><\/audio><\/div><p class=\"powerpress_links powerpress_links_mp3\" style=\"margin-bottom: 1px !important;\">Podcast: <a href=\"https:\/\/archive.org\/download\/audio-zulema-enriquez-19-11-2020\/AUDIO%20-%20ZULEMA%20ENRIQUEZ%2019%2011%202020.mp3\" class=\"powerpress_link_pinw\" target=\"_blank\" title=\"Reproducir en una nueva ventana\" onclick=\"return powerpress_pinw('https:\/\/fmtinkunaco.ar\/?powerpress_pinw=2647-podcast');\" rel=\"nofollow\">Reproducir en una nueva ventana<\/a> | <a href=\"https:\/\/archive.org\/download\/audio-zulema-enriquez-19-11-2020\/AUDIO%20-%20ZULEMA%20ENRIQUEZ%2019%2011%202020.mp3\" class=\"powerpress_link_d\" title=\"Descargar\" rel=\"nofollow\" download=\"AUDIO%20-%20ZULEMA%20ENRIQUEZ%2019%2011%202020.mp3\">Descargar<\/a><\/p>","protected":false},"excerpt":{"rendered":"<p>El\u00a0 21, 22 y 23 de noviembre se realizaran los Talleres\u00a0 del 2DO ENCUENTRO PLURINACIONAL, de Naciones Pueblos e Identidades, Ind\u00edgenas, Afrodescendientes, Migrantes y Diversidades. Ser\u00e1n de manera virtual, se transmitir\u00e1 por el Facebook y la p\u00e1gina de Youtube del Encuentro. Comenzar\u00e1 el s\u00e1bado 21 de noviembre a las 8 hs con una Ceremonia y [&hellip;]<\/p>\n","protected":false},"author":1,"featured_media":2648,"comment_status":"open","ping_status":"open","sticky":false,"template":"","format":"standard","meta":{"footnotes":""},"categories":[4],"tags":[18],"class_list":["post-2647","post","type-post","status-publish","format-standard","has-post-thumbnail","hentry","category-derechos-humanos","tag-2do-encuentro-plurinacional-de-argentina"],"_links":{"self":[{"href":"https:\/\/fmtinkunaco.ar\/index.php?rest_route=\/wp\/v2\/posts\/2647","targetHints":{"allow":["GET"]}}],"collection":[{"href":"https:\/\/fmtinkunaco.ar\/index.php?rest_route=\/wp\/v2\/posts"}],"about":[{"href":"https:\/\/fmtinkunaco.ar\/index.php?rest_route=\/wp\/v2\/types\/post"}],"author":[{"embeddable":true,"href":"https:\/\/fmtinkunaco.ar\/index.php?rest_route=\/wp\/v2\/users\/1"}],"replies":[{"embeddable":true,"href":"https:\/\/fmtinkunaco.ar\/index.php?rest_route=%2Fwp%2Fv2%2Fcomments&post=2647"}],"version-history":[{"count":0,"href":"https:\/\/fmtinkunaco.ar\/index.php?rest_route=\/wp\/v2\/posts\/2647\/revisions"}],"wp:featuredmedia":[{"embeddable":true,"href":"https:\/\/fmtinkunaco.ar\/index.php?rest_route=\/"}],"wp:attachment":[{"href":"https:\/\/fmtinkunaco.ar\/index.php?rest_route=%2Fwp%2Fv2%2Fmedia&parent=2647"}],"wp:term":[{"taxonomy":"category","embeddable":true,"href":"https:\/\/fmtinkunaco.ar\/index.php?rest_route=%2Fwp%2Fv2%2Fcategories&post=2647"},{"taxonomy":"post_tag","embeddable":true,"href":"https:\/\/fmtinkunaco.ar\/index.php?rest_route=%2Fwp%2Fv2%2Ftags&post=2647"}],"curies":[{"name":"wp","href":"https:\/\/api.w.org\/{rel}","templated":true}]}}