{"id":2654,"date":"2020-11-26T10:44:57","date_gmt":"2020-11-26T13:44:57","guid":{"rendered":"http:\/\/fmtinkunaco.com.ar\/?p=2654"},"modified":"2020-11-26T10:44:57","modified_gmt":"2020-11-26T13:44:57","slug":"el-galpon-cultural-de-pilar-retoma-actividades-presenciales","status":"publish","type":"post","link":"https:\/\/fmtinkunaco.ar\/?p=2654","title":{"rendered":"El Galp\u00f3n Cultural de Pilar retoma actividades presenciales"},"content":{"rendered":"<p>El Galp\u00f3n Cultural, ubicado en Ferm\u00edn Gamboa 464 \u2013 Pilar, retomas algunas actividades presenciales este fin de semana.<\/p>\n<p>Por un lado, se encuentra convocando a feriantes emprendedores para formar parte de la feria galponera del pr\u00f3ximo s\u00e1bado 28 de noviembre, y en paralelo invita a reservar un lugar en el Barcito Galponero, los jueves, viernes y s\u00e1bados.<\/p>\n<p>En di\u00e1logo con el programa radial \u201cEncuentro con las Noticias\u201d, Fabio Buchanan, referente del Galp\u00f3n Cultural, explic\u00f3 la propuesta, <em>\u201cLo que arranca este s\u00e1bado son las ferias tipo mercaditos con artesanos y productores de productos propios. (\u2026) Lo que se busca es generar el consumo consiente y obviamente tambi\u00e9n una interacci\u00f3n entre productores locales\u201d<\/em>.<\/p>\n<p>La convocatoria es a productores, feriantes y emprendedores de espacios como el arte, diversidad, ecolog\u00eda, feminismo, m\u00fasica, educaci\u00f3n popular, h\u00e1bitat y cooperativismo, entre otros.<\/p>\n<p>La feria galponera, ser\u00e1 el pr\u00f3ximo s\u00e1bado 28 de noviembre de 11 a 17 hs.<\/p>\n<p><a href=\"http:\/\/fmtinkunaco.com.ar\/files\/2020\/11\/WhatsApp-Image-2020-11-26-at-9.42.31-AM.jpeg\"><img loading=\"lazy\" decoding=\"async\" class=\"aligncenter size-full wp-image-2655\" src=\"http:\/\/fmtinkunaco.com.ar\/files\/2020\/11\/WhatsApp-Image-2020-11-26-at-9.42.31-AM.jpeg\" alt=\"\" width=\"600\" height=\"900\" \/><\/a><\/p>\n<p>Fabio Buchanan, adem\u00e1s, cont\u00f3 que el Galp\u00f3n se encuentra probando el proyecto del barcito con el objetivo de encontrar un posible sustento que en otro contexto ingresaba por otras actividades, <em>\u201cSacamos las mesitas afuera, y en el patio interno, siguiendo los protocolos que bajaron de provincia\u201d.<\/em><\/p>\n<p><a href=\"http:\/\/fmtinkunaco.com.ar\/files\/2020\/11\/WhatsApp-Image-2020-11-26-at-9.42.34-AM.jpeg\"><img loading=\"lazy\" decoding=\"async\" class=\"aligncenter size-full wp-image-2656\" src=\"http:\/\/fmtinkunaco.com.ar\/files\/2020\/11\/WhatsApp-Image-2020-11-26-at-9.42.34-AM.jpeg\" alt=\"\" width=\"720\" height=\"900\" \/><\/a><\/p>\n<p>&nbsp;<\/p>\n<p>Compartimos la entrevista completa<\/p>\n<p><a href=\"https:\/\/archive.org\/details\/audio-fabio-buchanan-26-11-2020\">Descargar<\/a><\/p>\n<audio class=\"wp-audio-shortcode\" id=\"audio-2654-2\" preload=\"none\" style=\"width: 100%;\" controls=\"controls\"><source type=\"audio\/mpeg\" src=\"https:\/\/archive.org\/download\/audio-fabio-buchanan-26-11-2020\/AUDIO%20-%20FABIO%20BUCHANAN%2026%2011%202020.mp3?_=2\" \/><a href=\"https:\/\/archive.org\/download\/audio-fabio-buchanan-26-11-2020\/AUDIO%20-%20FABIO%20BUCHANAN%2026%2011%202020.mp3\">https:\/\/archive.org\/download\/audio-fabio-buchanan-26-11-2020\/AUDIO%20-%20FABIO%20BUCHANAN%2026%2011%202020.mp3<\/a><\/audio>\n<div class=\"powerpress_player\" id=\"powerpress_player_9539\"><audio class=\"wp-audio-shortcode\" id=\"audio-2654-1\" preload=\"none\" style=\"width: 100%;\" controls=\"controls\"><source type=\"audio\/mpeg\" src=\"https:\/\/archive.org\/download\/audio-fabio-buchanan-26-11-2020\/AUDIO%20-%20FABIO%20BUCHANAN%2026%2011%202020.mp3?_=1\" \/><a href=\"https:\/\/archive.org\/download\/audio-fabio-buchanan-26-11-2020\/AUDIO%20-%20FABIO%20BUCHANAN%2026%2011%202020.mp3\">https:\/\/archive.org\/download\/audio-fabio-buchanan-26-11-2020\/AUDIO%20-%20FABIO%20BUCHANAN%2026%2011%202020.mp3<\/a><\/audio><\/div><p class=\"powerpress_links powerpress_links_mp3\" style=\"margin-bottom: 1px !important;\">Podcast: <a href=\"https:\/\/archive.org\/download\/audio-fabio-buchanan-26-11-2020\/AUDIO%20-%20FABIO%20BUCHANAN%2026%2011%202020.mp3\" class=\"powerpress_link_pinw\" target=\"_blank\" title=\"Reproducir en una nueva ventana\" onclick=\"return powerpress_pinw('https:\/\/fmtinkunaco.ar\/?powerpress_pinw=2654-podcast');\" rel=\"nofollow\">Reproducir en una nueva ventana<\/a> | <a href=\"https:\/\/archive.org\/download\/audio-fabio-buchanan-26-11-2020\/AUDIO%20-%20FABIO%20BUCHANAN%2026%2011%202020.mp3\" class=\"powerpress_link_d\" title=\"Descargar\" rel=\"nofollow\" download=\"AUDIO%20-%20FABIO%20BUCHANAN%2026%2011%202020.mp3\">Descargar<\/a><\/p>","protected":false},"excerpt":{"rendered":"<p>El Galp\u00f3n Cultural, ubicado en Ferm\u00edn Gamboa 464 \u2013 Pilar, retomas algunas actividades presenciales este fin de semana. Por un lado, se encuentra convocando a feriantes emprendedores para formar parte de la feria galponera del pr\u00f3ximo s\u00e1bado 28 de noviembre, y en paralelo invita a reservar un lugar en el Barcito Galponero, los jueves, viernes [&hellip;]<\/p>\n","protected":false},"author":1,"featured_media":2655,"comment_status":"open","ping_status":"open","sticky":false,"template":"","format":"standard","meta":{"footnotes":""},"categories":[3],"tags":[181,340],"class_list":["post-2654","post","type-post","status-publish","format-standard","has-post-thumbnail","hentry","category-cultura","tag-el-galpon-cultural","tag-municipio-de-pilar"],"_links":{"self":[{"href":"https:\/\/fmtinkunaco.ar\/index.php?rest_route=\/wp\/v2\/posts\/2654","targetHints":{"allow":["GET"]}}],"collection":[{"href":"https:\/\/fmtinkunaco.ar\/index.php?rest_route=\/wp\/v2\/posts"}],"about":[{"href":"https:\/\/fmtinkunaco.ar\/index.php?rest_route=\/wp\/v2\/types\/post"}],"author":[{"embeddable":true,"href":"https:\/\/fmtinkunaco.ar\/index.php?rest_route=\/wp\/v2\/users\/1"}],"replies":[{"embeddable":true,"href":"https:\/\/fmtinkunaco.ar\/index.php?rest_route=%2Fwp%2Fv2%2Fcomments&post=2654"}],"version-history":[{"count":0,"href":"https:\/\/fmtinkunaco.ar\/index.php?rest_route=\/wp\/v2\/posts\/2654\/revisions"}],"wp:featuredmedia":[{"embeddable":true,"href":"https:\/\/fmtinkunaco.ar\/index.php?rest_route=\/"}],"wp:attachment":[{"href":"https:\/\/fmtinkunaco.ar\/index.php?rest_route=%2Fwp%2Fv2%2Fmedia&parent=2654"}],"wp:term":[{"taxonomy":"category","embeddable":true,"href":"https:\/\/fmtinkunaco.ar\/index.php?rest_route=%2Fwp%2Fv2%2Fcategories&post=2654"},{"taxonomy":"post_tag","embeddable":true,"href":"https:\/\/fmtinkunaco.ar\/index.php?rest_route=%2Fwp%2Fv2%2Ftags&post=2654"}],"curies":[{"name":"wp","href":"https:\/\/api.w.org\/{rel}","templated":true}]}}