{"id":2661,"date":"2020-11-30T11:17:14","date_gmt":"2020-11-30T14:17:14","guid":{"rendered":"http:\/\/fmtinkunaco.com.ar\/?p=2661"},"modified":"2020-11-30T11:17:14","modified_gmt":"2020-11-30T14:17:14","slug":"organizaciones-pacenas-participaron-del-cuarto-encuentro-de-la-red-de-consejos-locales-de-ninez","status":"publish","type":"post","link":"https:\/\/fmtinkunaco.ar\/?p=2661","title":{"rendered":"Organizaciones pace\u00f1as participaron del Cuarto Encuentro de la Red de Consejos Locales de Ni\u00f1ez"},"content":{"rendered":"<p>El pasado jueves y viernes, se concret\u00f3 el Cuarto Encuentro de la Red de Consejos Locales de la Provincia de Buenos Aires que concentra a los Consejos de ni\u00f1ez y adolescencia ya conformados pero tambi\u00e9n a aquellos espacios que se encuentran en plena conformaci\u00f3n, como Jos\u00e9. C. Paz.<\/p>\n<p>Diferentes organizaciones pace\u00f1as se encuentran en plena construcci\u00f3n del Consejo Local de Promoci\u00f3n y Protecci\u00f3n de los derechos de ni\u00f1os, ni\u00f1as y adolescentes en el territorio.<\/p>\n<p>En di\u00e1logo con el programa radial \u201cEncuentro con las Noticias\u201d, Mat\u00edas Santill\u00e1n, parte de este proceso de construcci\u00f3n, represento a las organizaciones en el Cuarto Encuentro y se refiri\u00f3 a su participaci\u00f3n, <em>\u201cLa verdad que fue una linda experiencia, (\u2026) en lo particular me toco participar en una mesa donde hab\u00eda una compa\u00f1era de Ituzaingo, que es uno de los municipios que recientemente adhiri\u00f3 a la ley y se est\u00e1 conformando el Consejo Local, entonces tambi\u00e9n es como que estamos en procesos similares y tambi\u00e9n me toco participar con un compa\u00f1ero que es funcionario en Z\u00e1rate y en el caso de ellos es el municipio quien est\u00e1 convocando a la conformaci\u00f3n de la mesa, entonces fue muy rico porque pudimos compartir de los dos lados. Ituzaingo tambi\u00e9n estaba en un proceso parecido al nuestro, en el que eran las organizaciones e instituciones que trabajan con ni\u00f1ez quienes tomaron la iniciativa pero r\u00e1pidamente el municipio tambi\u00e9n adhiri\u00f3. Lo rico de todo esto es poder compartir estas experiencias\u201d<\/em>.<\/p>\n<p>En este marco, las organizaciones pace\u00f1as se re\u00fanen el 2 de diciembre con el objetivo se continuar el proceso de conformaci\u00f3n, <em>\u201cLa idea es seguir conformando el espacio, este ser\u00eda el segundo encuentro, y en este caso la idea ser\u00eda retomar un poco esto de lo que fue el Cuarto Encuentro Provincial en la mesa de Jos\u00e9. C. Paz y despu\u00e9s tambi\u00e9n empezar a discutir con las organizaciones d\u00f3nde estamos con respecto al trabajo con las infancias es nuestro municipio y tambi\u00e9n que acciones hay pensadas para lo que viene en enero y febrero\u201d.<\/em><\/p>\n<p>El pr\u00f3ximo encuentro del espacio de organizaciones pace\u00f1as es el mi\u00e9rcoles 2 de diciembre, a partir de las 15 hs.<\/p>\n<p>Compartimos entrevista completa<\/p>\n<p><a href=\"https:\/\/archive.org\/details\/audio-matias-santillan-30-11-2020\">Descargar<\/a><\/p>\n<audio class=\"wp-audio-shortcode\" id=\"audio-2661-2\" preload=\"none\" style=\"width: 100%;\" controls=\"controls\"><source type=\"audio\/mpeg\" src=\"https:\/\/archive.org\/download\/audio-matias-santillan-30-11-2020\/AUDIO%20-%20MATIAS%20SANTILLAN%2030%2011%202020.mp3?_=2\" \/><a href=\"https:\/\/archive.org\/download\/audio-matias-santillan-30-11-2020\/AUDIO%20-%20MATIAS%20SANTILLAN%2030%2011%202020.mp3\">https:\/\/archive.org\/download\/audio-matias-santillan-30-11-2020\/AUDIO%20-%20MATIAS%20SANTILLAN%2030%2011%202020.mp3<\/a><\/audio>\n<div class=\"powerpress_player\" id=\"powerpress_player_4290\"><audio class=\"wp-audio-shortcode\" id=\"audio-2661-1\" preload=\"none\" style=\"width: 100%;\" controls=\"controls\"><source type=\"audio\/mpeg\" src=\"https:\/\/archive.org\/download\/audio-matias-santillan-30-11-2020\/AUDIO%20-%20MATIAS%20SANTILLAN%2030%2011%202020.mp3?_=1\" \/><a href=\"https:\/\/archive.org\/download\/audio-matias-santillan-30-11-2020\/AUDIO%20-%20MATIAS%20SANTILLAN%2030%2011%202020.mp3\">https:\/\/archive.org\/download\/audio-matias-santillan-30-11-2020\/AUDIO%20-%20MATIAS%20SANTILLAN%2030%2011%202020.mp3<\/a><\/audio><\/div><p class=\"powerpress_links powerpress_links_mp3\" style=\"margin-bottom: 1px !important;\">Podcast: <a href=\"https:\/\/archive.org\/download\/audio-matias-santillan-30-11-2020\/AUDIO%20-%20MATIAS%20SANTILLAN%2030%2011%202020.mp3\" class=\"powerpress_link_pinw\" target=\"_blank\" title=\"Reproducir en una nueva ventana\" onclick=\"return powerpress_pinw('https:\/\/fmtinkunaco.ar\/?powerpress_pinw=2661-podcast');\" rel=\"nofollow\">Reproducir en una nueva ventana<\/a> | <a href=\"https:\/\/archive.org\/download\/audio-matias-santillan-30-11-2020\/AUDIO%20-%20MATIAS%20SANTILLAN%2030%2011%202020.mp3\" class=\"powerpress_link_d\" title=\"Descargar\" rel=\"nofollow\" download=\"AUDIO%20-%20MATIAS%20SANTILLAN%2030%2011%202020.mp3\">Descargar<\/a><\/p>","protected":false},"excerpt":{"rendered":"<p>El pasado jueves y viernes, se concret\u00f3 el Cuarto Encuentro de la Red de Consejos Locales de la Provincia de Buenos Aires que concentra a los Consejos de ni\u00f1ez y adolescencia ya conformados pero tambi\u00e9n a aquellos espacios que se encuentran en plena conformaci\u00f3n, como Jos\u00e9. C. Paz. Diferentes organizaciones pace\u00f1as se encuentran en plena [&hellip;]<\/p>\n","protected":false},"author":1,"featured_media":2662,"comment_status":"open","ping_status":"open","sticky":false,"template":"","format":"standard","meta":{"footnotes":""},"categories":[4,5],"tags":[353],"class_list":["post-2661","post","type-post","status-publish","format-standard","has-post-thumbnail","hentry","category-derechos-humanos","category-educacion","tag-ninez"],"_links":{"self":[{"href":"https:\/\/fmtinkunaco.ar\/index.php?rest_route=\/wp\/v2\/posts\/2661","targetHints":{"allow":["GET"]}}],"collection":[{"href":"https:\/\/fmtinkunaco.ar\/index.php?rest_route=\/wp\/v2\/posts"}],"about":[{"href":"https:\/\/fmtinkunaco.ar\/index.php?rest_route=\/wp\/v2\/types\/post"}],"author":[{"embeddable":true,"href":"https:\/\/fmtinkunaco.ar\/index.php?rest_route=\/wp\/v2\/users\/1"}],"replies":[{"embeddable":true,"href":"https:\/\/fmtinkunaco.ar\/index.php?rest_route=%2Fwp%2Fv2%2Fcomments&post=2661"}],"version-history":[{"count":0,"href":"https:\/\/fmtinkunaco.ar\/index.php?rest_route=\/wp\/v2\/posts\/2661\/revisions"}],"wp:featuredmedia":[{"embeddable":true,"href":"https:\/\/fmtinkunaco.ar\/index.php?rest_route=\/"}],"wp:attachment":[{"href":"https:\/\/fmtinkunaco.ar\/index.php?rest_route=%2Fwp%2Fv2%2Fmedia&parent=2661"}],"wp:term":[{"taxonomy":"category","embeddable":true,"href":"https:\/\/fmtinkunaco.ar\/index.php?rest_route=%2Fwp%2Fv2%2Fcategories&post=2661"},{"taxonomy":"post_tag","embeddable":true,"href":"https:\/\/fmtinkunaco.ar\/index.php?rest_route=%2Fwp%2Fv2%2Ftags&post=2661"}],"curies":[{"name":"wp","href":"https:\/\/api.w.org\/{rel}","templated":true}]}}