{"id":2664,"date":"2020-12-01T09:47:42","date_gmt":"2020-12-01T12:47:42","guid":{"rendered":"http:\/\/fmtinkunaco.com.ar\/?p=2664"},"modified":"2020-12-01T09:47:42","modified_gmt":"2020-12-01T12:47:42","slug":"el-sanatorio-san-miguel-adeuda-salarios-a-sus-trabajadores-y-trabajadoras","status":"publish","type":"post","link":"https:\/\/fmtinkunaco.ar\/?p=2664","title":{"rendered":"El Sanatorio San Miguel adeuda salarios a sus trabajadores y trabajadoras"},"content":{"rendered":"<p>Trabajadores y trabajadoras del Sanatorio San Miguel vienen de una medida de fuerza exigiendo el pago de los salarios adeudados de junio, agosto y septiembre; luego de la acci\u00f3n y acuerdo con el Ministerio de Trabajo de por medio lograron cobrar lo adeudado.<br \/>\nPero hoy, entrando al mes de diciembre, el Sanatorio les debe parte de septiembre, octubre y noviembre.<\/p>\n<p>En di\u00e1logo con el programa radial \u201cEncuentro con las Noticias\u201d, Andrea Medina, Trabajadora del Sanatorio San Miguel, se refiri\u00f3 al momento m\u00e1s cr\u00edtico de la pandemia, hasta hoy, \u201cLa realidad es que llegamos a estar, pr\u00e1cticamente, colapsados en el mes de junio, julio que en estos \u00faltimos tiempos. Es como que ha ido bajando bastante la cantidad de contagios o que no requieren, en realidad, internaci\u00f3n; las internaciones las requieren las personas que son de riesgo o esencialmente los respiratorios\u201d.<\/p>\n<p>En este marco, adem\u00e1s, Medina, describi\u00f3 la situaci\u00f3n de las y los trabajadores del Sanatorio y explic\u00f3 que vienen de una medida de fuerza, \u201cSe nos adeudaba lo que era el 50% del aguinaldo de junio, agosto, septiembre; igualmente ya estamos de vuelta con meses atrasados. Con la medida de fuerza y un acuerdo de por medio en el Ministerio de Trabajo y ahora, llegando a fines de noviembre nos adeudan parte de septiembre, 50% de octubre y ya se vence noviembre otra vez\u201d.<\/p>\n<p>Andrea Medina, explic\u00f3 finalmente, que piensan en nuevas medidas de fuerza, \u201cDe continuar este atraso y de no haber una respuesta satisfactoria para nosotros y lamentablemente terminaremos el a\u00f1o con otra medida de fuerza. Lo cual siempre la consideramos innecesaria porque no est\u00e1 bueno para ninguna de las dos partes, para la parte empresarial, para nosotros y mucho menos para la gente que se ve afectada, porque cerramos la guardia y solamente permitimos las urgencias\u201d.<\/p>\n<p>Compartimos la entrevista completa<\/p>\n<p><a href=\"https:\/\/archive.org\/details\/audio-andrea-medina-30-11-2020\">Descargar<\/a><\/p>\n<audio class=\"wp-audio-shortcode\" id=\"audio-2664-2\" preload=\"none\" style=\"width: 100%;\" controls=\"controls\"><source type=\"audio\/mpeg\" src=\"https:\/\/archive.org\/download\/audio-andrea-medina-30-11-2020\/AUDIO%20-%20ANDREA%20MEDINA%2030%2011%202020%20.mp3?_=2\" \/><a href=\"https:\/\/archive.org\/download\/audio-andrea-medina-30-11-2020\/AUDIO%20-%20ANDREA%20MEDINA%2030%2011%202020%20.mp3\">https:\/\/archive.org\/download\/audio-andrea-medina-30-11-2020\/AUDIO%20-%20ANDREA%20MEDINA%2030%2011%202020%20.mp3<\/a><\/audio>\n<div class=\"powerpress_player\" id=\"powerpress_player_4755\"><audio class=\"wp-audio-shortcode\" id=\"audio-2664-1\" preload=\"none\" style=\"width: 100%;\" controls=\"controls\"><source type=\"audio\/mpeg\" src=\"https:\/\/archive.org\/download\/audio-andrea-medina-30-11-2020\/AUDIO%20-%20ANDREA%20MEDINA%2030%2011%202020%20.mp3?_=1\" \/><a href=\"https:\/\/archive.org\/download\/audio-andrea-medina-30-11-2020\/AUDIO%20-%20ANDREA%20MEDINA%2030%2011%202020%20.mp3\">https:\/\/archive.org\/download\/audio-andrea-medina-30-11-2020\/AUDIO%20-%20ANDREA%20MEDINA%2030%2011%202020%20.mp3<\/a><\/audio><\/div><p class=\"powerpress_links powerpress_links_mp3\" style=\"margin-bottom: 1px !important;\">Podcast: <a href=\"https:\/\/archive.org\/download\/audio-andrea-medina-30-11-2020\/AUDIO%20-%20ANDREA%20MEDINA%2030%2011%202020%20.mp3\" class=\"powerpress_link_pinw\" target=\"_blank\" title=\"Reproducir en una nueva ventana\" onclick=\"return powerpress_pinw('https:\/\/fmtinkunaco.ar\/?powerpress_pinw=2664-podcast');\" rel=\"nofollow\">Reproducir en una nueva ventana<\/a> | <a href=\"https:\/\/archive.org\/download\/audio-andrea-medina-30-11-2020\/AUDIO%20-%20ANDREA%20MEDINA%2030%2011%202020%20.mp3\" class=\"powerpress_link_d\" title=\"Descargar\" rel=\"nofollow\" download=\"AUDIO%20-%20ANDREA%20MEDINA%2030%2011%202020%20.mp3\">Descargar<\/a><\/p>","protected":false},"excerpt":{"rendered":"<p>Trabajadores y trabajadoras del Sanatorio San Miguel vienen de una medida de fuerza exigiendo el pago de los salarios adeudados de junio, agosto y septiembre; luego de la acci\u00f3n y acuerdo con el Ministerio de Trabajo de por medio lograron cobrar lo adeudado. Pero hoy, entrando al mes de diciembre, el Sanatorio les debe parte [&hellip;]<\/p>\n","protected":false},"author":1,"featured_media":2665,"comment_status":"open","ping_status":"open","sticky":false,"template":"","format":"standard","meta":{"footnotes":""},"categories":[7],"tags":[342,446],"class_list":["post-2664","post","type-post","status-publish","format-standard","has-post-thumbnail","hentry","category-salud","tag-municipio-de-san-miguel","tag-sanatorio-san-miguel"],"_links":{"self":[{"href":"https:\/\/fmtinkunaco.ar\/index.php?rest_route=\/wp\/v2\/posts\/2664","targetHints":{"allow":["GET"]}}],"collection":[{"href":"https:\/\/fmtinkunaco.ar\/index.php?rest_route=\/wp\/v2\/posts"}],"about":[{"href":"https:\/\/fmtinkunaco.ar\/index.php?rest_route=\/wp\/v2\/types\/post"}],"author":[{"embeddable":true,"href":"https:\/\/fmtinkunaco.ar\/index.php?rest_route=\/wp\/v2\/users\/1"}],"replies":[{"embeddable":true,"href":"https:\/\/fmtinkunaco.ar\/index.php?rest_route=%2Fwp%2Fv2%2Fcomments&post=2664"}],"version-history":[{"count":0,"href":"https:\/\/fmtinkunaco.ar\/index.php?rest_route=\/wp\/v2\/posts\/2664\/revisions"}],"wp:featuredmedia":[{"embeddable":true,"href":"https:\/\/fmtinkunaco.ar\/index.php?rest_route=\/"}],"wp:attachment":[{"href":"https:\/\/fmtinkunaco.ar\/index.php?rest_route=%2Fwp%2Fv2%2Fmedia&parent=2664"}],"wp:term":[{"taxonomy":"category","embeddable":true,"href":"https:\/\/fmtinkunaco.ar\/index.php?rest_route=%2Fwp%2Fv2%2Fcategories&post=2664"},{"taxonomy":"post_tag","embeddable":true,"href":"https:\/\/fmtinkunaco.ar\/index.php?rest_route=%2Fwp%2Fv2%2Ftags&post=2664"}],"curies":[{"name":"wp","href":"https:\/\/api.w.org\/{rel}","templated":true}]}}