{"id":2668,"date":"2020-12-02T10:02:06","date_gmt":"2020-12-02T13:02:06","guid":{"rendered":"http:\/\/fmtinkunaco.com.ar\/?p=2668"},"modified":"2020-12-02T10:02:06","modified_gmt":"2020-12-02T13:02:06","slug":"hospital-mercante-personal-sanitario-exige-que-la-direccion-otorgue-las-licencias","status":"publish","type":"post","link":"https:\/\/fmtinkunaco.ar\/?p=2668","title":{"rendered":"Hospital Mercante: Personal Sanitario exige que la Direcci\u00f3n otorgue las licencias"},"content":{"rendered":"<p>El personal sanitario del Hospital Provincial Mercante exige que frente a la baja de casos de pacientes covid positivo y la baja de trabajadores de la salud covid positivo, se les otorgue la licencia y el merecido descans\u00f3 luego del aparente pico de la pandemia y de m\u00e1s de un a\u00f1o sin descanso.<\/p>\n<p>En di\u00e1logo con el programa radial \u201cEncuentro con las Noticias\u201d, Silvia Mitschenco, Trabajadora y Delegada de ATE Lista Negra en el Hosp\u00edtal Mercante, y se refiri\u00f3 a las exigencias de los trabajadores a la Direcci\u00f3n y a sus respuestas, <em>\u201cEn relaci\u00f3n a las cuestiones planteadas como demanda para solicitar un receso para el personal, fue denegado por parte de la direcci\u00f3n; a ra\u00edz de esa situaci\u00f3n nosotros llamamos a una asamblea hace dos viernes atr\u00e1s en la cual se resolvi\u00f3 subir a la direcci\u00f3n acompa\u00f1ada de los trabajadores, del sector a quienes se les negaba esa licencia, ese descanso, eran los trabajadores de limpieza del hospital, eran los trabajadores del sector administrativo y, por \u00faltimo, era el sector de mantenimiento. Tanto a m\u00e9dicos como a enfermeras s\u00ed se les hab\u00eda otorgado este descans\u00f3. (\u2026) Ese d\u00eda nos hicimos presente en la direcci\u00f3n y lejos de recibir una respuesta, la direcci\u00f3n opto por llamar a personal policial\u201d<\/em>.<\/p>\n<p>En este marco, Mitschenco explic\u00f3 que mientras se daban estas exigencias en el Hospital Mercante, el Ministerio acordaba dar doce d\u00edas de descanso a trabajadores y trabajadoras sanitarias, <em>\u201cDesde el Concejo Directivo provincial de ATE se combin\u00f3 con el Ministerio de dar doce d\u00edas al personal sanitario como licencia extraordinaria, esto significa que se va a permitir que el personal sanitario descanse doce d\u00edas sin hacer uso de lo que es el derecho vacacional. Desde el Ministerio mismo est\u00e1n aceptando de que el personal sanitario frente a este inici\u00f3 de proceso de receso de casos tanto a la relaci\u00f3n de demanda por covid de pacientes en el hospital como tambi\u00e9n de contagiados dentro del personal\u201d<\/em>.<\/p>\n<p>Finalmente, en lo que a la posible campa\u00f1a de vacunaci\u00f3n se refiere, Silvia Mitschenco explico qye no hay informaciones certeras que manejen los diferentes niveles de salud, <em>\u201cYo fui a primer nivel de salud de Jos\u00e9. C. Paz para llevar la estad\u00edstica de lo que es noviembre y justamente pregunt\u00e9 sobre este tema y las compa\u00f1eras me dicen que no manejan certeramente como estar\u00eda por llevarse adelante esta campa\u00f1a y te estoy hablando, no de un centro de salud primario, te estoy hablando de donde se manejan, se reciben y se hace la log\u00edstica y distribuci\u00f3n de las vacunas. Entonces si ellos no cuentan con la informaci\u00f3n va a ser muy dif\u00edcil\u201d<\/em>.<\/p>\n<p>Compartimos la entrevista completa<\/p>\n<p><a href=\"https:\/\/archive.org\/details\/audio-silvia-mitschenco-01-10-2020\">Descargar<\/a><\/p>\n<audio class=\"wp-audio-shortcode\" id=\"audio-2668-2\" preload=\"none\" style=\"width: 100%;\" controls=\"controls\"><source type=\"audio\/mpeg\" src=\"https:\/\/archive.org\/download\/audio-silvia-mitschenco-01-10-2020\/AUDIO%20-%20SILVIA%20MITSCHENCO%2001%2010%202020.mp3?_=2\" \/><a href=\"https:\/\/archive.org\/download\/audio-silvia-mitschenco-01-10-2020\/AUDIO%20-%20SILVIA%20MITSCHENCO%2001%2010%202020.mp3\">https:\/\/archive.org\/download\/audio-silvia-mitschenco-01-10-2020\/AUDIO%20-%20SILVIA%20MITSCHENCO%2001%2010%202020.mp3<\/a><\/audio>\n<p>&nbsp;<\/p>\n<div class=\"powerpress_player\" id=\"powerpress_player_2282\"><audio class=\"wp-audio-shortcode\" id=\"audio-2668-1\" preload=\"none\" style=\"width: 100%;\" controls=\"controls\"><source type=\"audio\/mpeg\" src=\"https:\/\/archive.org\/download\/audio-silvia-mitschenco-01-10-2020\/AUDIO%20-%20SILVIA%20MITSCHENCO%2001%2010%202020.mp3?_=1\" \/><a href=\"https:\/\/archive.org\/download\/audio-silvia-mitschenco-01-10-2020\/AUDIO%20-%20SILVIA%20MITSCHENCO%2001%2010%202020.mp3\">https:\/\/archive.org\/download\/audio-silvia-mitschenco-01-10-2020\/AUDIO%20-%20SILVIA%20MITSCHENCO%2001%2010%202020.mp3<\/a><\/audio><\/div><p class=\"powerpress_links powerpress_links_mp3\" style=\"margin-bottom: 1px !important;\">Podcast: <a href=\"https:\/\/archive.org\/download\/audio-silvia-mitschenco-01-10-2020\/AUDIO%20-%20SILVIA%20MITSCHENCO%2001%2010%202020.mp3\" class=\"powerpress_link_pinw\" target=\"_blank\" title=\"Reproducir en una nueva ventana\" onclick=\"return powerpress_pinw('https:\/\/fmtinkunaco.ar\/?powerpress_pinw=2668-podcast');\" rel=\"nofollow\">Reproducir en una nueva ventana<\/a> | <a href=\"https:\/\/archive.org\/download\/audio-silvia-mitschenco-01-10-2020\/AUDIO%20-%20SILVIA%20MITSCHENCO%2001%2010%202020.mp3\" class=\"powerpress_link_d\" title=\"Descargar\" rel=\"nofollow\" download=\"AUDIO%20-%20SILVIA%20MITSCHENCO%2001%2010%202020.mp3\">Descargar<\/a><\/p>","protected":false},"excerpt":{"rendered":"<p>El personal sanitario del Hospital Provincial Mercante exige que frente a la baja de casos de pacientes covid positivo y la baja de trabajadores de la salud covid positivo, se les otorgue la licencia y el merecido descans\u00f3 luego del aparente pico de la pandemia y de m\u00e1s de un a\u00f1o sin descanso. En di\u00e1logo [&hellip;]<\/p>\n","protected":false},"author":1,"featured_media":1769,"comment_status":"open","ping_status":"open","sticky":false,"template":"","format":"standard","meta":{"footnotes":""},"categories":[7],"tags":[245,337],"class_list":["post-2668","post","type-post","status-publish","format-standard","has-post-thumbnail","hentry","category-salud","tag-hospital-mercante","tag-municipio-de-jose-c-paz"],"_links":{"self":[{"href":"https:\/\/fmtinkunaco.ar\/index.php?rest_route=\/wp\/v2\/posts\/2668","targetHints":{"allow":["GET"]}}],"collection":[{"href":"https:\/\/fmtinkunaco.ar\/index.php?rest_route=\/wp\/v2\/posts"}],"about":[{"href":"https:\/\/fmtinkunaco.ar\/index.php?rest_route=\/wp\/v2\/types\/post"}],"author":[{"embeddable":true,"href":"https:\/\/fmtinkunaco.ar\/index.php?rest_route=\/wp\/v2\/users\/1"}],"replies":[{"embeddable":true,"href":"https:\/\/fmtinkunaco.ar\/index.php?rest_route=%2Fwp%2Fv2%2Fcomments&post=2668"}],"version-history":[{"count":0,"href":"https:\/\/fmtinkunaco.ar\/index.php?rest_route=\/wp\/v2\/posts\/2668\/revisions"}],"wp:featuredmedia":[{"embeddable":true,"href":"https:\/\/fmtinkunaco.ar\/index.php?rest_route=\/"}],"wp:attachment":[{"href":"https:\/\/fmtinkunaco.ar\/index.php?rest_route=%2Fwp%2Fv2%2Fmedia&parent=2668"}],"wp:term":[{"taxonomy":"category","embeddable":true,"href":"https:\/\/fmtinkunaco.ar\/index.php?rest_route=%2Fwp%2Fv2%2Fcategories&post=2668"},{"taxonomy":"post_tag","embeddable":true,"href":"https:\/\/fmtinkunaco.ar\/index.php?rest_route=%2Fwp%2Fv2%2Ftags&post=2668"}],"curies":[{"name":"wp","href":"https:\/\/api.w.org\/{rel}","templated":true}]}}