{"id":2677,"date":"2020-12-02T10:59:29","date_gmt":"2020-12-02T13:59:29","guid":{"rendered":"http:\/\/fmtinkunaco.com.ar\/?p=2677"},"modified":"2020-12-02T10:59:29","modified_gmt":"2020-12-02T13:59:29","slug":"moreno-bajan-los-casos-positivos-de-covid-pero-el-personal-sanitario-continua-sin-licencias","status":"publish","type":"post","link":"https:\/\/fmtinkunaco.ar\/?p=2677","title":{"rendered":"Moreno: Bajan los casos positivos de covid pero el personal sanitario continua sin licencias"},"content":{"rendered":"<p>El municipio de Moreno se encuentra en pleno descenso de los casos covid positivo, luego de haber sido uno de los partidos del conurbano bonaerense con m\u00e1s contagiados durante el principio de la pandemia.<\/p>\n<p>A\u00fan en este contexto, los trabajadores y las trabajadoras del Hospital Mariano y Luciano de la Vega se encuentran sin recibir sus licencias y con posibles vacaciones reci\u00e9n en marzo del 2021 y con ofertas paritarias muy por debajo de la inflaci\u00f3n y de la canasta b\u00e1sica.<\/p>\n<p>En di\u00e1logo con el programa radial \u201cEncuentro con las Noticias\u201d, Claudia Sanguinet, Delegada de ATE del Hospital Mariano y Luciano de la Vega de Moreno, se refiri\u00f3 a la baja en los casos covid positivo en el Hospital, <em>\u201cNosotros tuvimos como una baja importante, dentro de los hisopados que recibimos a diario tenemos un 10% de positivos, muchos de ellos son pacientes que no son sintom\u00e1ticos, son asintom\u00e1ticos. Y, por ejemplo, se registra gente que tiene que viajar, y tenemos como hallazgo de alg\u00fan positivo; estamos haciendo unos 60. 70 test por d\u00eda y de esos tenemos unos 10, 12 positivos. En esos n\u00fameros andamos, as\u00ed que ha bajado. Incluso la internaci\u00f3n de pacientes covid, tambi\u00e9n bajo considerablemente; esta semana creo que hay un solo paciente positivo en el \u00e1rea de terapia intensiva, son n\u00fameros alentadores desde ese punto\u201d<\/em>.<\/p>\n<p>Claudia Sanguinet, adem\u00e1s, describi\u00f3 la situaci\u00f3n en la que se encuentran los trabajadores y trabajadoras del Hospital Mariano y Luciano de la Vega, <em>\u201cEn nuestro hospital estamos como en casi todos los otros, porque entro un grupo importante de profesionales y compa\u00f1eros de distintas \u00e1reas que era necesario. Es como que nos pusimos un poco al d\u00eda con la incorporaci\u00f3n del personal pero los salarios siguen siendo los mismos, la paritaria es realmente escandalosa, con un 14%, que no estuvo de acuerdo ning\u00fan sindicato pero es lo que nos ofrecieron. Es un d\u00eda de tristeza cada vez que cobramos porque te encontr\u00e1s con esa realidad que a veces en la rutina un poco olvidas. (\u2026) Estamos como medios malheridos porque seguimos sin las licencias, a veces tambi\u00e9n la contradicci\u00f3n de que se abre todo y nosotros seguimos sin licencias desde marzo del a\u00f1o pasado hasta, por decreto, el marzo del 2021\u201d<\/em>.<\/p>\n<p>Compartimos la entrevista completa<\/p>\n<p><a href=\"https:\/\/archive.org\/details\/audio-claudia-sanguinet-ate-02-12-2020\">Descargar<\/a><\/p>\n<audio class=\"wp-audio-shortcode\" id=\"audio-2677-2\" preload=\"none\" style=\"width: 100%;\" controls=\"controls\"><source type=\"audio\/mpeg\" src=\"https:\/\/archive.org\/download\/audio-claudia-sanguinet-ate-02-12-2020\/AUDIO%20-%20CLAUDIA%20SANGUINET%20%28ATE%29%2002%2012%202020%20.mp3?_=2\" \/><a href=\"https:\/\/archive.org\/download\/audio-claudia-sanguinet-ate-02-12-2020\/AUDIO%20-%20CLAUDIA%20SANGUINET%20%28ATE%29%2002%2012%202020%20.mp3\">https:\/\/archive.org\/download\/audio-claudia-sanguinet-ate-02-12-2020\/AUDIO%20-%20CLAUDIA%20SANGUINET%20%28ATE%29%2002%2012%202020%20.mp3<\/a><\/audio>\n<div class=\"powerpress_player\" id=\"powerpress_player_1761\"><audio class=\"wp-audio-shortcode\" id=\"audio-2677-1\" preload=\"none\" style=\"width: 100%;\" controls=\"controls\"><source type=\"audio\/mpeg\" src=\"https:\/\/archive.org\/download\/audio-claudia-sanguinet-ate-02-12-2020\/AUDIO%20-%20CLAUDIA%20SANGUINET%20%28ATE%29%2002%2012%202020%20.mp3?_=1\" \/><a href=\"https:\/\/archive.org\/download\/audio-claudia-sanguinet-ate-02-12-2020\/AUDIO%20-%20CLAUDIA%20SANGUINET%20%28ATE%29%2002%2012%202020%20.mp3\">https:\/\/archive.org\/download\/audio-claudia-sanguinet-ate-02-12-2020\/AUDIO%20-%20CLAUDIA%20SANGUINET%20%28ATE%29%2002%2012%202020%20.mp3<\/a><\/audio><\/div><p class=\"powerpress_links powerpress_links_mp3\" style=\"margin-bottom: 1px !important;\">Podcast: <a href=\"https:\/\/archive.org\/download\/audio-claudia-sanguinet-ate-02-12-2020\/AUDIO%20-%20CLAUDIA%20SANGUINET%20%28ATE%29%2002%2012%202020%20.mp3\" class=\"powerpress_link_pinw\" target=\"_blank\" title=\"Reproducir en una nueva ventana\" onclick=\"return powerpress_pinw('https:\/\/fmtinkunaco.ar\/?powerpress_pinw=2677-podcast');\" rel=\"nofollow\">Reproducir en una nueva ventana<\/a> | <a href=\"https:\/\/archive.org\/download\/audio-claudia-sanguinet-ate-02-12-2020\/AUDIO%20-%20CLAUDIA%20SANGUINET%20%28ATE%29%2002%2012%202020%20.mp3\" class=\"powerpress_link_d\" title=\"Descargar\" rel=\"nofollow\" download=\"AUDIO%20-%20CLAUDIA%20SANGUINET%20%28ATE%29%2002%2012%202020%20.mp3\">Descargar<\/a><\/p>","protected":false},"excerpt":{"rendered":"<p>El municipio de Moreno se encuentra en pleno descenso de los casos covid positivo, luego de haber sido uno de los partidos del conurbano bonaerense con m\u00e1s contagiados durante el principio de la pandemia. A\u00fan en este contexto, los trabajadores y las trabajadoras del Hospital Mariano y Luciano de la Vega se encuentran sin recibir [&hellip;]<\/p>\n","protected":false},"author":1,"featured_media":2678,"comment_status":"open","ping_status":"open","sticky":false,"template":"","format":"standard","meta":{"footnotes":""},"categories":[7],"tags":[244,339,383,484],"class_list":["post-2677","post","type-post","status-publish","format-standard","has-post-thumbnail","hentry","category-salud","tag-hospital-mariano-y-luciano-de-la-vega","tag-municipio-de-moreno","tag-paritarias-en-la-salud","tag-trabajadorxs-de-la-salud"],"_links":{"self":[{"href":"https:\/\/fmtinkunaco.ar\/index.php?rest_route=\/wp\/v2\/posts\/2677","targetHints":{"allow":["GET"]}}],"collection":[{"href":"https:\/\/fmtinkunaco.ar\/index.php?rest_route=\/wp\/v2\/posts"}],"about":[{"href":"https:\/\/fmtinkunaco.ar\/index.php?rest_route=\/wp\/v2\/types\/post"}],"author":[{"embeddable":true,"href":"https:\/\/fmtinkunaco.ar\/index.php?rest_route=\/wp\/v2\/users\/1"}],"replies":[{"embeddable":true,"href":"https:\/\/fmtinkunaco.ar\/index.php?rest_route=%2Fwp%2Fv2%2Fcomments&post=2677"}],"version-history":[{"count":0,"href":"https:\/\/fmtinkunaco.ar\/index.php?rest_route=\/wp\/v2\/posts\/2677\/revisions"}],"wp:featuredmedia":[{"embeddable":true,"href":"https:\/\/fmtinkunaco.ar\/index.php?rest_route=\/"}],"wp:attachment":[{"href":"https:\/\/fmtinkunaco.ar\/index.php?rest_route=%2Fwp%2Fv2%2Fmedia&parent=2677"}],"wp:term":[{"taxonomy":"category","embeddable":true,"href":"https:\/\/fmtinkunaco.ar\/index.php?rest_route=%2Fwp%2Fv2%2Fcategories&post=2677"},{"taxonomy":"post_tag","embeddable":true,"href":"https:\/\/fmtinkunaco.ar\/index.php?rest_route=%2Fwp%2Fv2%2Ftags&post=2677"}],"curies":[{"name":"wp","href":"https:\/\/api.w.org\/{rel}","templated":true}]}}