{"id":2680,"date":"2020-12-03T09:17:22","date_gmt":"2020-12-03T12:17:22","guid":{"rendered":"http:\/\/fmtinkunaco.com.ar\/?p=2680"},"modified":"2020-12-03T09:17:22","modified_gmt":"2020-12-03T12:17:22","slug":"jornada-del-forum-infancias-espacios-de-escucha-en-la-escuela-como-politica-de-cuidado","status":"publish","type":"post","link":"https:\/\/fmtinkunaco.ar\/?p=2680","title":{"rendered":"Jornada del Forum Infancias: \u201cEspacios de escucha en la escuela como pol\u00edtica de cuidado\u201d"},"content":{"rendered":"<p>Hoy, jueves 3 de diciembre, Forum Infancias realizar\u00e1 la jornada \u201cEspacios de escucha en la escuela como pol\u00edtica de cuidado\u201d, con la participaci\u00f3n de la Licenciada Cecilia Fern\u00e1ndez y la Licenciada Gisela Oriolo.<\/p>\n<p>La jornada se transmitir\u00e1 a trav\u00e9s de un vivo de instagram de la cuenta @forum.infancias, a partir de las 20hs.<\/p>\n<p>En di\u00e1logo con el programa radial \u201cEncuentro con las Noticias\u201d, Cecilia Fern\u00e1ndez, Licenciada en Ciencias de la Educaci\u00f3n, se refiri\u00f3 al conversatorio \u201cCuando pensamos con mi compa\u00f1era Gisela, a ver qu\u00e9 nos parec\u00eda interesante plantear en este di\u00e1logo, en este intercambio que vamos a tener, nos pareci\u00f3 importante como darle continuidad a lo que en este a\u00f1o nos parece que fue sost\u00e9n para las docentes, las ni\u00f1as y los ni\u00f1os, las familias en la escuela que es intentar en la virtualidad mantener esos espacios que entendemos que en la escuela, en la presencialidad, siempre promueven un trabajo colectivo, colaborativo que potencia y que enriquece y tambi\u00e9n pensando en la vuelta a la presencialidad del a\u00f1o que viene; c\u00f3mo se va a revalorizar todav\u00eda m\u00e1s, en los lugares donde ya ocurre y esto es parte de la tarea en general esto de reflexionar junto con, de escuchar a las infancias y tambi\u00e9n escucharnos entre nosotres\u201d.<\/p>\n<p>El vivo se transmitir\u00e1 por instagram desde la cuenta @forum.infancias, a partir de las 20hs.<\/p>\n<p>Compartimos la entrevista completa<\/p>\n<p><a href=\"https:\/\/archive.org\/details\/audio-cecilia-fernandez-forum-infancias-02-12-2020\">Descargar<\/a><\/p>\n<audio class=\"wp-audio-shortcode\" id=\"audio-2680-2\" preload=\"none\" style=\"width: 100%;\" controls=\"controls\"><source type=\"audio\/mpeg\" src=\"https:\/\/archive.org\/download\/audio-cecilia-fernandez-forum-infancias-02-12-2020\/AUDIO%20-%20CECILIA%20FERNANDEZ%20%28FORUM%20INFANCIAS%29%2002%2012%202020.mp3?_=2\" \/><a href=\"https:\/\/archive.org\/download\/audio-cecilia-fernandez-forum-infancias-02-12-2020\/AUDIO%20-%20CECILIA%20FERNANDEZ%20%28FORUM%20INFANCIAS%29%2002%2012%202020.mp3\">https:\/\/archive.org\/download\/audio-cecilia-fernandez-forum-infancias-02-12-2020\/AUDIO%20-%20CECILIA%20FERNANDEZ%20%28FORUM%20INFANCIAS%29%2002%2012%202020.mp3<\/a><\/audio>\n<div class=\"powerpress_player\" id=\"powerpress_player_5728\"><audio class=\"wp-audio-shortcode\" id=\"audio-2680-1\" preload=\"none\" style=\"width: 100%;\" controls=\"controls\"><source type=\"audio\/mpeg\" src=\"https:\/\/archive.org\/download\/audio-cecilia-fernandez-forum-infancias-02-12-2020\/AUDIO%20-%20CECILIA%20FERNANDEZ%20%28FORUM%20INFANCIAS%29%2002%2012%202020.mp3?_=1\" \/><a href=\"https:\/\/archive.org\/download\/audio-cecilia-fernandez-forum-infancias-02-12-2020\/AUDIO%20-%20CECILIA%20FERNANDEZ%20%28FORUM%20INFANCIAS%29%2002%2012%202020.mp3\">https:\/\/archive.org\/download\/audio-cecilia-fernandez-forum-infancias-02-12-2020\/AUDIO%20-%20CECILIA%20FERNANDEZ%20%28FORUM%20INFANCIAS%29%2002%2012%202020.mp3<\/a><\/audio><\/div><p class=\"powerpress_links powerpress_links_mp3\" style=\"margin-bottom: 1px !important;\">Podcast: <a href=\"https:\/\/archive.org\/download\/audio-cecilia-fernandez-forum-infancias-02-12-2020\/AUDIO%20-%20CECILIA%20FERNANDEZ%20%28FORUM%20INFANCIAS%29%2002%2012%202020.mp3\" class=\"powerpress_link_pinw\" target=\"_blank\" title=\"Reproducir en una nueva ventana\" onclick=\"return powerpress_pinw('https:\/\/fmtinkunaco.ar\/?powerpress_pinw=2680-podcast');\" rel=\"nofollow\">Reproducir en una nueva ventana<\/a> | <a href=\"https:\/\/archive.org\/download\/audio-cecilia-fernandez-forum-infancias-02-12-2020\/AUDIO%20-%20CECILIA%20FERNANDEZ%20%28FORUM%20INFANCIAS%29%2002%2012%202020.mp3\" class=\"powerpress_link_d\" title=\"Descargar\" rel=\"nofollow\" download=\"AUDIO%20-%20CECILIA%20FERNANDEZ%20%28FORUM%20INFANCIAS%29%2002%2012%202020.mp3\">Descargar<\/a><\/p>","protected":false},"excerpt":{"rendered":"<p>Hoy, jueves 3 de diciembre, Forum Infancias realizar\u00e1 la jornada \u201cEspacios de escucha en la escuela como pol\u00edtica de cuidado\u201d, con la participaci\u00f3n de la Licenciada Cecilia Fern\u00e1ndez y la Licenciada Gisela Oriolo. La jornada se transmitir\u00e1 a trav\u00e9s de un vivo de instagram de la cuenta @forum.infancias, a partir de las 20hs. En di\u00e1logo [&hellip;]<\/p>\n","protected":false},"author":1,"featured_media":2681,"comment_status":"open","ping_status":"open","sticky":false,"template":"","format":"standard","meta":{"footnotes":""},"categories":[4],"tags":[220],"class_list":["post-2680","post","type-post","status-publish","format-standard","has-post-thumbnail","hentry","category-derechos-humanos","tag-forum-infancias"],"_links":{"self":[{"href":"https:\/\/fmtinkunaco.ar\/index.php?rest_route=\/wp\/v2\/posts\/2680","targetHints":{"allow":["GET"]}}],"collection":[{"href":"https:\/\/fmtinkunaco.ar\/index.php?rest_route=\/wp\/v2\/posts"}],"about":[{"href":"https:\/\/fmtinkunaco.ar\/index.php?rest_route=\/wp\/v2\/types\/post"}],"author":[{"embeddable":true,"href":"https:\/\/fmtinkunaco.ar\/index.php?rest_route=\/wp\/v2\/users\/1"}],"replies":[{"embeddable":true,"href":"https:\/\/fmtinkunaco.ar\/index.php?rest_route=%2Fwp%2Fv2%2Fcomments&post=2680"}],"version-history":[{"count":0,"href":"https:\/\/fmtinkunaco.ar\/index.php?rest_route=\/wp\/v2\/posts\/2680\/revisions"}],"wp:featuredmedia":[{"embeddable":true,"href":"https:\/\/fmtinkunaco.ar\/index.php?rest_route=\/"}],"wp:attachment":[{"href":"https:\/\/fmtinkunaco.ar\/index.php?rest_route=%2Fwp%2Fv2%2Fmedia&parent=2680"}],"wp:term":[{"taxonomy":"category","embeddable":true,"href":"https:\/\/fmtinkunaco.ar\/index.php?rest_route=%2Fwp%2Fv2%2Fcategories&post=2680"},{"taxonomy":"post_tag","embeddable":true,"href":"https:\/\/fmtinkunaco.ar\/index.php?rest_route=%2Fwp%2Fv2%2Ftags&post=2680"}],"curies":[{"name":"wp","href":"https:\/\/api.w.org\/{rel}","templated":true}]}}