{"id":2683,"date":"2020-12-03T10:23:52","date_gmt":"2020-12-03T13:23:52","guid":{"rendered":"http:\/\/fmtinkunaco.com.ar\/?p=2683"},"modified":"2020-12-03T10:23:52","modified_gmt":"2020-12-03T13:23:52","slug":"presidente-derqui-de-feria-con-intervenciones-artisticas-de-la-mano-de-mujeres-en-accion","status":"publish","type":"post","link":"https:\/\/fmtinkunaco.ar\/?p=2683","title":{"rendered":"Presidente Derqui de Feria con intervenciones art\u00edsticas de la mano de Mujeres en Acci\u00f3n"},"content":{"rendered":"<p>El pr\u00f3ximo s\u00e1bado, a partir de las 16 hs hasta las 20 hs, se realizar\u00e1 en el Corredor de Toro \u2013 Presidente Derqui \u2013 una nueva feria de la mano de Mujeres en acci\u00f3n pero en esta oportunidad con una intervenci\u00f3n art\u00edstica cultural.<\/p>\n<p>En di\u00e1logo con el programa radial \u201cEncuentro con las Noticias\u201d, Marianela, integrante del colectivo Mujeres en Acci\u00f3n, se refiri\u00f3 a esta nueva jornada de feria <em>\u201cEstamos muy contentas porque este s\u00e1bado hemos logrado que nos dieran el permiso para poder hacer una intervenci\u00f3n musical, la primera dentro del distrito, con todas las medidas de protocolo, as\u00ed que van a haber artistas tocando en vivo. (\u2026) Los shows van a ser cortos por una cuesti\u00f3n de prevenci\u00f3n, en el escenario no se pueden m\u00e1s de cuatro artistas, la gente que este abajo va a estar regulada la entrada y la salida por el municipio, as\u00ed que por lo tanto m\u00e1s de 50 espectadores no puede haber\u201d<\/em>.<\/p>\n<p>Adem\u00e1s, dentro de la feria se dar\u00e1 un taller de g\u00e9nero a la comunidad en el marco del pasado 25 de noviembre \u201cD\u00eda Internacional de la Erradicaci\u00f3n de la violencia contra las mujeres\u201d, acompa\u00f1ado de una intervenci\u00f3n fotogr\u00e1fica.<\/p>\n<p>Adem\u00e1s, Marianela, relat\u00f3 la incorporaci\u00f3n al espacio de feriantes y emprendedores de mujeres de la comunidad Toba de Presidente Derqui, <em>\u201cVan a venir mujeres de la comunidad Toba, van a estar exponiendo sus artesan\u00edas, entonces eso esta bueno tambi\u00e9n, como mujeres ir integrando a las distintas mujeres que est\u00e1n en el espacio de Derqui. (\u2026) Se suman todos los s\u00e1bados, van a tener un puesto todos los s\u00e1bados<\/em>\u201d.<\/p>\n<p>A partir de las 16 hs, del pr\u00f3ximo s\u00e1bado 5 de diciembre, el espacio Mujeres en Acci\u00f3n te espera en el Corredor de Toro. Las intervenciones art\u00edsticas son gratuitas.<\/p>\n<p>Compartimos la entrevista completa<\/p>\n<p><a href=\"https:\/\/archive.org\/details\/audio-marianela-mujeres-en-accion-03-12-2020\">Descargar<\/p>\n<p><\/a><\/p>\n<audio class=\"wp-audio-shortcode\" id=\"audio-2683-2\" preload=\"none\" style=\"width: 100%;\" controls=\"controls\"><source type=\"audio\/mpeg\" src=\"https:\/\/archive.org\/download\/audio-marianela-mujeres-en-accion-03-12-2020\/AUDIO%20-%20MARIANELA%20%28MUJERES%20EN%20ACCION%29%2003%2012%202020.mp3?_=2\" \/><a href=\"https:\/\/archive.org\/download\/audio-marianela-mujeres-en-accion-03-12-2020\/AUDIO%20-%20MARIANELA%20%28MUJERES%20EN%20ACCION%29%2003%2012%202020.mp3\">https:\/\/archive.org\/download\/audio-marianela-mujeres-en-accion-03-12-2020\/AUDIO%20-%20MARIANELA%20%28MUJERES%20EN%20ACCION%29%2003%2012%202020.mp3<\/a><\/audio>\n<div class=\"powerpress_player\" id=\"powerpress_player_2486\"><audio class=\"wp-audio-shortcode\" id=\"audio-2683-1\" preload=\"none\" style=\"width: 100%;\" controls=\"controls\"><source type=\"audio\/mpeg\" src=\"https:\/\/archive.org\/download\/audio-marianela-mujeres-en-accion-03-12-2020\/AUDIO%20-%20MARIANELA%20%28MUJERES%20EN%20ACCION%29%2003%2012%202020.mp3?_=1\" \/><a href=\"https:\/\/archive.org\/download\/audio-marianela-mujeres-en-accion-03-12-2020\/AUDIO%20-%20MARIANELA%20%28MUJERES%20EN%20ACCION%29%2003%2012%202020.mp3\">https:\/\/archive.org\/download\/audio-marianela-mujeres-en-accion-03-12-2020\/AUDIO%20-%20MARIANELA%20%28MUJERES%20EN%20ACCION%29%2003%2012%202020.mp3<\/a><\/audio><\/div><p class=\"powerpress_links powerpress_links_mp3\" style=\"margin-bottom: 1px !important;\">Podcast: <a href=\"https:\/\/archive.org\/download\/audio-marianela-mujeres-en-accion-03-12-2020\/AUDIO%20-%20MARIANELA%20%28MUJERES%20EN%20ACCION%29%2003%2012%202020.mp3\" class=\"powerpress_link_pinw\" target=\"_blank\" title=\"Reproducir en una nueva ventana\" onclick=\"return powerpress_pinw('https:\/\/fmtinkunaco.ar\/?powerpress_pinw=2683-podcast');\" rel=\"nofollow\">Reproducir en una nueva ventana<\/a> | <a href=\"https:\/\/archive.org\/download\/audio-marianela-mujeres-en-accion-03-12-2020\/AUDIO%20-%20MARIANELA%20%28MUJERES%20EN%20ACCION%29%2003%2012%202020.mp3\" class=\"powerpress_link_d\" title=\"Descargar\" rel=\"nofollow\" download=\"AUDIO%20-%20MARIANELA%20%28MUJERES%20EN%20ACCION%29%2003%2012%202020.mp3\">Descargar<\/a><\/p>","protected":false},"excerpt":{"rendered":"<p>El pr\u00f3ximo s\u00e1bado, a partir de las 16 hs hasta las 20 hs, se realizar\u00e1 en el Corredor de Toro \u2013 Presidente Derqui \u2013 una nueva feria de la mano de Mujeres en acci\u00f3n pero en esta oportunidad con una intervenci\u00f3n art\u00edstica cultural. En di\u00e1logo con el programa radial \u201cEncuentro con las Noticias\u201d, Marianela, integrante [&hellip;]<\/p>\n","protected":false},"author":1,"featured_media":2684,"comment_status":"open","ping_status":"open","sticky":false,"template":"","format":"standard","meta":{"footnotes":""},"categories":[3],"tags":[333,340],"class_list":["post-2683","post","type-post","status-publish","format-standard","has-post-thumbnail","hentry","category-cultura","tag-mujeres-en-accion","tag-municipio-de-pilar"],"_links":{"self":[{"href":"https:\/\/fmtinkunaco.ar\/index.php?rest_route=\/wp\/v2\/posts\/2683","targetHints":{"allow":["GET"]}}],"collection":[{"href":"https:\/\/fmtinkunaco.ar\/index.php?rest_route=\/wp\/v2\/posts"}],"about":[{"href":"https:\/\/fmtinkunaco.ar\/index.php?rest_route=\/wp\/v2\/types\/post"}],"author":[{"embeddable":true,"href":"https:\/\/fmtinkunaco.ar\/index.php?rest_route=\/wp\/v2\/users\/1"}],"replies":[{"embeddable":true,"href":"https:\/\/fmtinkunaco.ar\/index.php?rest_route=%2Fwp%2Fv2%2Fcomments&post=2683"}],"version-history":[{"count":0,"href":"https:\/\/fmtinkunaco.ar\/index.php?rest_route=\/wp\/v2\/posts\/2683\/revisions"}],"wp:featuredmedia":[{"embeddable":true,"href":"https:\/\/fmtinkunaco.ar\/index.php?rest_route=\/"}],"wp:attachment":[{"href":"https:\/\/fmtinkunaco.ar\/index.php?rest_route=%2Fwp%2Fv2%2Fmedia&parent=2683"}],"wp:term":[{"taxonomy":"category","embeddable":true,"href":"https:\/\/fmtinkunaco.ar\/index.php?rest_route=%2Fwp%2Fv2%2Fcategories&post=2683"},{"taxonomy":"post_tag","embeddable":true,"href":"https:\/\/fmtinkunaco.ar\/index.php?rest_route=%2Fwp%2Fv2%2Ftags&post=2683"}],"curies":[{"name":"wp","href":"https:\/\/api.w.org\/{rel}","templated":true}]}}