{"id":2687,"date":"2020-12-03T11:03:39","date_gmt":"2020-12-03T14:03:39","guid":{"rendered":"http:\/\/fmtinkunaco.com.ar\/?p=2687"},"modified":"2020-12-03T11:03:39","modified_gmt":"2020-12-03T14:03:39","slug":"en-el-marco-del-dia-mundial-del-sida-la-fundacion-huesped-lanzo-la-campana-ponetelacinta","status":"publish","type":"post","link":"https:\/\/fmtinkunaco.ar\/?p=2687","title":{"rendered":"En el marco del D\u00eda Mundial del Sida la Fundaci\u00f3n Hu\u00e9sped lanz\u00f3 la campa\u00f1a #PoneteLaCinta"},"content":{"rendered":"<p>En el marco del D\u00eda Mundial del Sida la Fundaci\u00f3n Hu\u00e9sped lanz\u00f3 la campa\u00f1a #ponetelacinta y hace un llamado a reactivar las medidas para controlar el VIH.<\/p>\n<p>Si el 90% de las personas con VIH conociera su diagn\u00f3stico, acceder\u00eda al tratamiento y mantendr\u00eda su carga viral indetectable, es posible controlar la epidemia del VIH en 2030. Sin embargo, en todo el mundo la pandemia por COVID-19 afect\u00f3, entre otras cosas, el acceso a la salud de la poblaci\u00f3n: se redujeron los servicios y recursos de cuidado, el acceso a insumos se vio obstaculizado y se limitaron campa\u00f1as de prevenci\u00f3n y controles de rutina.<\/p>\n<p>En di\u00e1logo con el programa radial <em>\u201cEncuentro con las Noticias\u201d, D\u00e9bora Fiore, Directora de Comunicaci\u00f3n de la Fundaci\u00f3n Hu\u00e9sped, se refiri\u00f3 a la campa\u00f1a, \u201cLa campa\u00f1a que nosotros proponemos para este a\u00f1o es la campa\u00f1a ponete la cinta que lo que busca es volver a poner en agenda el tema de la responsabilidad tanto individual como colectiva, por supuesto del Estado, en \u00a0reactivar las medidas para terminar con el VI. Hay un modelo matem\u00e1tico que establece que si el 90% de las personas que viven con VIH conocieran su diagnostico, que el 90% de ellas tuviera su carga viral indetectable, que es que tienen tan poco virus en sangre que los an\u00e1lisis no llegan a detectarlo y el 90% de ellos estuvieran en tratamiento, podr\u00eda controlarse el VIH en diez a\u00f1os y Argentina tiene todas las herramientas para que esto sea posible, lo que necesitamos es que realmente haya un uso efectivo de esas herramientas y que las mismas lleguen a toda la poblaci\u00f3n\u201d<\/em>.<\/p>\n<p>La campa\u00f1a <strong>#PoneteLaCinta<\/strong> se realiza con el apoyo de Coalici\u00f3n Plus, una red internacional de organizaciones para dar respuesta al VIH y hepatitis virales.<\/p>\n<p>Situaci\u00f3n del VIH en Argentina<\/p>\n<ul>\n<li>En Argentina, se estima que viven con VIH 136.000 personas<\/li>\n<li>El 17% de las personas con VIH desconoce su diagn\u00f3stico<\/li>\n<li>67% de quienes conocen su diagn\u00f3stico se atienden en el subsistema p\u00fablico.<\/li>\n<li>En promedio, se notifican 4800 nuevas infecciones por VIH por a\u00f1o<\/li>\n<\/ul>\n<p>Fiore, adem\u00e1s, describi\u00f3 el impacto de la emergencia sanitaria, <em>\u201cLa emergencia sanitaria tom\u00f3 toda la atenci\u00f3n, digamos, del sistema de salud como tambi\u00e9n de la poblaci\u00f3n en prevenir otro virus y eso, sin lugar a dudas, va a tener un impacto en lo que es la epidemia de VIH tambi\u00e9n como en otras patolog\u00edas. Por un lado, los hospitales y las salas de salud estaban abocadas al coronavirus y por otro lado, la poblaci\u00f3n era reticente a salir de su casa para hacerse un test de VIH o para poder acceder a la medicaci\u00f3n. Hubo algunas trabas para el acceso a la medicaci\u00f3n tambi\u00e9n, hubo algunas demoras y por eso insistimos en que todo eso es altamente resoluble con pol\u00edticas p\u00fablicas que lo que hagan es poder facilitar tanto el acceso a la medicaci\u00f3n el acceso al testeo y que sea el test el que vaya a la persona y no la persona la que tenga que ir al test\u201d<\/em>.<\/p>\n<p>Compartimos la entrevista completa<\/p>\n<p><a href=\"https:\/\/archive.org\/details\/audio-debora-fiore-fundacion-huesped\">Descargar<\/a><\/p>\n<p>&nbsp;<\/p>\n<audio class=\"wp-audio-shortcode\" id=\"audio-2687-2\" preload=\"none\" style=\"width: 100%;\" controls=\"controls\"><source type=\"audio\/mpeg\" src=\"https:\/\/archive.org\/download\/audio-debora-fiore-fundacion-huesped\/AUDIO%20-%20DEBORA%20FIORE%20%28FUNDACION%20HUESPED%29.mp3?_=2\" \/><a href=\"https:\/\/archive.org\/download\/audio-debora-fiore-fundacion-huesped\/AUDIO%20-%20DEBORA%20FIORE%20%28FUNDACION%20HUESPED%29.mp3\">https:\/\/archive.org\/download\/audio-debora-fiore-fundacion-huesped\/AUDIO%20-%20DEBORA%20FIORE%20%28FUNDACION%20HUESPED%29.mp3<\/a><\/audio>\n<div class=\"powerpress_player\" id=\"powerpress_player_6815\"><audio class=\"wp-audio-shortcode\" id=\"audio-2687-1\" preload=\"none\" style=\"width: 100%;\" controls=\"controls\"><source type=\"audio\/mpeg\" src=\"https:\/\/archive.org\/download\/audio-debora-fiore-fundacion-huesped\/AUDIO%20-%20DEBORA%20FIORE%20%28FUNDACION%20HUESPED%29.mp3?_=1\" \/><a href=\"https:\/\/archive.org\/download\/audio-debora-fiore-fundacion-huesped\/AUDIO%20-%20DEBORA%20FIORE%20%28FUNDACION%20HUESPED%29.mp3\">https:\/\/archive.org\/download\/audio-debora-fiore-fundacion-huesped\/AUDIO%20-%20DEBORA%20FIORE%20%28FUNDACION%20HUESPED%29.mp3<\/a><\/audio><\/div><p class=\"powerpress_links powerpress_links_mp3\" style=\"margin-bottom: 1px !important;\">Podcast: <a href=\"https:\/\/archive.org\/download\/audio-debora-fiore-fundacion-huesped\/AUDIO%20-%20DEBORA%20FIORE%20%28FUNDACION%20HUESPED%29.mp3\" class=\"powerpress_link_pinw\" target=\"_blank\" title=\"Reproducir en una nueva ventana\" onclick=\"return powerpress_pinw('https:\/\/fmtinkunaco.ar\/?powerpress_pinw=2687-podcast');\" rel=\"nofollow\">Reproducir en una nueva ventana<\/a> | <a href=\"https:\/\/archive.org\/download\/audio-debora-fiore-fundacion-huesped\/AUDIO%20-%20DEBORA%20FIORE%20%28FUNDACION%20HUESPED%29.mp3\" class=\"powerpress_link_d\" title=\"Descargar\" rel=\"nofollow\" download=\"AUDIO%20-%20DEBORA%20FIORE%20%28FUNDACION%20HUESPED%29.mp3\">Descargar<\/a><\/p>","protected":false},"excerpt":{"rendered":"<p>En el marco del D\u00eda Mundial del Sida la Fundaci\u00f3n Hu\u00e9sped lanz\u00f3 la campa\u00f1a #ponetelacinta y hace un llamado a reactivar las medidas para controlar el VIH. Si el 90% de las personas con VIH conociera su diagn\u00f3stico, acceder\u00eda al tratamiento y mantendr\u00eda su carga viral indetectable, es posible controlar la epidemia del VIH en [&hellip;]<\/p>\n","protected":false},"author":1,"featured_media":2688,"comment_status":"open","ping_status":"open","sticky":false,"template":"","format":"standard","meta":{"footnotes":""},"categories":[7],"tags":[227,406],"class_list":["post-2687","post","type-post","status-publish","format-standard","has-post-thumbnail","hentry","category-salud","tag-fundacion-huesped","tag-ponete-la-cinta"],"_links":{"self":[{"href":"https:\/\/fmtinkunaco.ar\/index.php?rest_route=\/wp\/v2\/posts\/2687","targetHints":{"allow":["GET"]}}],"collection":[{"href":"https:\/\/fmtinkunaco.ar\/index.php?rest_route=\/wp\/v2\/posts"}],"about":[{"href":"https:\/\/fmtinkunaco.ar\/index.php?rest_route=\/wp\/v2\/types\/post"}],"author":[{"embeddable":true,"href":"https:\/\/fmtinkunaco.ar\/index.php?rest_route=\/wp\/v2\/users\/1"}],"replies":[{"embeddable":true,"href":"https:\/\/fmtinkunaco.ar\/index.php?rest_route=%2Fwp%2Fv2%2Fcomments&post=2687"}],"version-history":[{"count":0,"href":"https:\/\/fmtinkunaco.ar\/index.php?rest_route=\/wp\/v2\/posts\/2687\/revisions"}],"wp:featuredmedia":[{"embeddable":true,"href":"https:\/\/fmtinkunaco.ar\/index.php?rest_route=\/"}],"wp:attachment":[{"href":"https:\/\/fmtinkunaco.ar\/index.php?rest_route=%2Fwp%2Fv2%2Fmedia&parent=2687"}],"wp:term":[{"taxonomy":"category","embeddable":true,"href":"https:\/\/fmtinkunaco.ar\/index.php?rest_route=%2Fwp%2Fv2%2Fcategories&post=2687"},{"taxonomy":"post_tag","embeddable":true,"href":"https:\/\/fmtinkunaco.ar\/index.php?rest_route=%2Fwp%2Fv2%2Ftags&post=2687"}],"curies":[{"name":"wp","href":"https:\/\/api.w.org\/{rel}","templated":true}]}}