{"id":2691,"date":"2020-12-04T10:45:46","date_gmt":"2020-12-04T13:45:46","guid":{"rendered":"http:\/\/fmtinkunaco.com.ar\/?p=2691"},"modified":"2020-12-04T10:45:46","modified_gmt":"2020-12-04T13:45:46","slug":"clara-parodi-directora-de-la-orquesta-municipal-de-jose-c-paz-fue-reconocida-por-el-foro-argentino-de-compositoras","status":"publish","type":"post","link":"https:\/\/fmtinkunaco.ar\/?p=2691","title":{"rendered":"Clara Parodi, Directora de la Orquesta Municipal de Jos\u00e9 C. Paz, fue reconocida por el Foro Argentino de Compositoras"},"content":{"rendered":"<p>El Foro Argentino de Compositoras contin\u00faa publicando y dando a conocer a las Mujeres Destacadas 2020 y en esta oportunidad reconocieron la labor y trayectoria de la Directora de la Orquesta Municipal de Jos\u00e9 C. Paz Clara Parodi.<\/p>\n<p>En di\u00e1logo con el programa radial \u201cEncuentro con las Noticias\u201d, Clara Parodi, se refiri\u00f3 a la emoci\u00f3n por este reconocimiento, <em>\u201cLa verdad yo estoy muy sorprendida, el Foro Argentino de compositoras es un espacio muy importante ac\u00e1 en la Argentina, uno de los organismos que impulso el proyecto de ley para la ley de cupo femenino, entonces incluso en lo que es materia de g\u00e9nero en organizaci\u00f3n oficial es una de las m\u00e1s importantes. Ellas todos los a\u00f1os, desde el Foro, seleccionan a distintas mujeres reconocidas del pa\u00eds y del extranjero tambi\u00e9n por la trayectoria y como destacadas en el a\u00f1o por la actividad y haber sido seleccionada la verdad me tiene muy sorprendida porque incluso compartir con referentes muy importantes de la cultura del pa\u00eds y del extranjero tambi\u00e9n, entonces, la verdad me tiene m\u00e1s que sorprendida\u201d<\/em>.<\/p>\n<p>Parodi, adem\u00e1s, sostuvo <em>\u201cLlega este reconocimiento y es cuando uno dice bueno, hay que seguir, apostando y seguir luch\u00e1ndola porque justamente si desde arriba, desde los organismos m\u00e1s grandes, nos han reconocido y creen loable que hay que sostener estos espacios es porque vamos en buen camino aunque a veces la tormenta no nos deje ver el horizonte\u201d<\/em>.<\/p>\n<p>Compartimos la entrevista completa<\/p>\n<p><a href=\"https:\/\/archive.org\/details\/audio-clara-parodi-04-12-2020\">Descargar<\/a><\/p>\n<audio class=\"wp-audio-shortcode\" id=\"audio-2691-2\" preload=\"none\" style=\"width: 100%;\" controls=\"controls\"><source type=\"audio\/mpeg\" src=\"https:\/\/archive.org\/download\/audio-clara-parodi-04-12-2020\/AUDIO%20-%20CLARA%20PARODI%2004%2012%202020.mp3?_=2\" \/><a href=\"https:\/\/archive.org\/download\/audio-clara-parodi-04-12-2020\/AUDIO%20-%20CLARA%20PARODI%2004%2012%202020.mp3\">https:\/\/archive.org\/download\/audio-clara-parodi-04-12-2020\/AUDIO%20-%20CLARA%20PARODI%2004%2012%202020.mp3<\/a><\/audio>\n<div class=\"powerpress_player\" id=\"powerpress_player_6815\"><audio class=\"wp-audio-shortcode\" id=\"audio-2691-1\" preload=\"none\" style=\"width: 100%;\" controls=\"controls\"><source type=\"audio\/mpeg\" src=\"https:\/\/archive.org\/download\/audio-clara-parodi-04-12-2020\/AUDIO%20-%20CLARA%20PARODI%2004%2012%202020.mp3?_=1\" \/><a href=\"https:\/\/archive.org\/download\/audio-clara-parodi-04-12-2020\/AUDIO%20-%20CLARA%20PARODI%2004%2012%202020.mp3\">https:\/\/archive.org\/download\/audio-clara-parodi-04-12-2020\/AUDIO%20-%20CLARA%20PARODI%2004%2012%202020.mp3<\/a><\/audio><\/div><p class=\"powerpress_links powerpress_links_mp3\" style=\"margin-bottom: 1px !important;\">Podcast: <a href=\"https:\/\/archive.org\/download\/audio-clara-parodi-04-12-2020\/AUDIO%20-%20CLARA%20PARODI%2004%2012%202020.mp3\" class=\"powerpress_link_pinw\" target=\"_blank\" title=\"Reproducir en una nueva ventana\" onclick=\"return powerpress_pinw('https:\/\/fmtinkunaco.ar\/?powerpress_pinw=2691-podcast');\" rel=\"nofollow\">Reproducir en una nueva ventana<\/a> | <a href=\"https:\/\/archive.org\/download\/audio-clara-parodi-04-12-2020\/AUDIO%20-%20CLARA%20PARODI%2004%2012%202020.mp3\" class=\"powerpress_link_d\" title=\"Descargar\" rel=\"nofollow\" download=\"AUDIO%20-%20CLARA%20PARODI%2004%2012%202020.mp3\">Descargar<\/a><\/p>","protected":false},"excerpt":{"rendered":"<p>El Foro Argentino de Compositoras contin\u00faa publicando y dando a conocer a las Mujeres Destacadas 2020 y en esta oportunidad reconocieron la labor y trayectoria de la Directora de la Orquesta Municipal de Jos\u00e9 C. Paz Clara Parodi. En di\u00e1logo con el programa radial \u201cEncuentro con las Noticias\u201d, Clara Parodi, se refiri\u00f3 a la emoci\u00f3n [&hellip;]<\/p>\n","protected":false},"author":1,"featured_media":2693,"comment_status":"open","ping_status":"open","sticky":false,"template":"","format":"standard","meta":{"footnotes":""},"categories":[3],"tags":[111,337,368],"class_list":["post-2691","post","type-post","status-publish","format-standard","has-post-thumbnail","hentry","category-cultura","tag-clara-parodi","tag-municipio-de-jose-c-paz","tag-orquesta-municipal-jose-c-paz"],"_links":{"self":[{"href":"https:\/\/fmtinkunaco.ar\/index.php?rest_route=\/wp\/v2\/posts\/2691","targetHints":{"allow":["GET"]}}],"collection":[{"href":"https:\/\/fmtinkunaco.ar\/index.php?rest_route=\/wp\/v2\/posts"}],"about":[{"href":"https:\/\/fmtinkunaco.ar\/index.php?rest_route=\/wp\/v2\/types\/post"}],"author":[{"embeddable":true,"href":"https:\/\/fmtinkunaco.ar\/index.php?rest_route=\/wp\/v2\/users\/1"}],"replies":[{"embeddable":true,"href":"https:\/\/fmtinkunaco.ar\/index.php?rest_route=%2Fwp%2Fv2%2Fcomments&post=2691"}],"version-history":[{"count":0,"href":"https:\/\/fmtinkunaco.ar\/index.php?rest_route=\/wp\/v2\/posts\/2691\/revisions"}],"wp:featuredmedia":[{"embeddable":true,"href":"https:\/\/fmtinkunaco.ar\/index.php?rest_route=\/"}],"wp:attachment":[{"href":"https:\/\/fmtinkunaco.ar\/index.php?rest_route=%2Fwp%2Fv2%2Fmedia&parent=2691"}],"wp:term":[{"taxonomy":"category","embeddable":true,"href":"https:\/\/fmtinkunaco.ar\/index.php?rest_route=%2Fwp%2Fv2%2Fcategories&post=2691"},{"taxonomy":"post_tag","embeddable":true,"href":"https:\/\/fmtinkunaco.ar\/index.php?rest_route=%2Fwp%2Fv2%2Ftags&post=2691"}],"curies":[{"name":"wp","href":"https:\/\/api.w.org\/{rel}","templated":true}]}}