{"id":2699,"date":"2020-12-10T10:17:55","date_gmt":"2020-12-10T13:17:55","guid":{"rendered":"http:\/\/fmtinkunaco.com.ar\/?p=2699"},"modified":"2020-12-10T10:17:55","modified_gmt":"2020-12-10T13:17:55","slug":"vecinos-organizaciones-y-productores-agroecologicos-contra-la-ordenanza-que-autoriza-el-uso-de-agrotoxicos-en-la-ciudad-de-general-rodriguez","status":"publish","type":"post","link":"https:\/\/fmtinkunaco.ar\/?p=2699","title":{"rendered":"Vecinos, organizaciones y productores agroecol\u00f3gicos contra la ordenanza que autoriza el uso de agrot\u00f3xicos en la ciudad de General Rodr\u00edguez"},"content":{"rendered":"<p>Vecinos, organizaciones y productores agroecol\u00f3gicos, movilizan hoy, jueves 10 de diciembre a las 9hs a la c\u00e1mara empresarial para decirle no a la Ordenanza que autoriza el uso de agrot\u00f3xicos en la ciudad de General Rodr\u00edguez.<\/p>\n<p>En di\u00e1logo con el programa radial \u201cEncuentro con las Noticias\u201d, Leo Fueyo, explic\u00f3 la lucha de los vecinos y vecinas <em>\u201cVenimos luchando para que el municipio, a trav\u00e9s de una ordenanza, regule y limite las fumigaciones indiscriminadas con agrotoxicos que se realizan en muchos de los campos de nuestro distrito que lindan con zonas urbanas o rurales pero habitadas y que esta desmotrasdo por much\u00edsimos estudios que no solo generan un fuerte impacto socioambiental sino que tambien un gran impacto en la salud de las personas\u201d<\/em>.<\/p>\n<p>Vecines, organizaciones y productores agropecuarios Autoconvocades contra la fumigaci\u00f3n.<\/p>\n<p>Compartimos entrevista completa<\/p>\n<p><a href=\"https:\/\/archive.org\/details\/audio-leo-fueyo-10-12-2020\">Descargar<\/a><\/p>\n<audio class=\"wp-audio-shortcode\" id=\"audio-2699-2\" preload=\"none\" style=\"width: 100%;\" controls=\"controls\"><source type=\"audio\/mpeg\" src=\"https:\/\/archive.org\/download\/audio-leo-fueyo-10-12-2020\/AUDIO%20-%20LEO%20FUEYO%2010%2012%202020.mp3?_=2\" \/><a href=\"https:\/\/archive.org\/download\/audio-leo-fueyo-10-12-2020\/AUDIO%20-%20LEO%20FUEYO%2010%2012%202020.mp3\">https:\/\/archive.org\/download\/audio-leo-fueyo-10-12-2020\/AUDIO%20-%20LEO%20FUEYO%2010%2012%202020.mp3<\/a><\/audio>\n<div class=\"powerpress_player\" id=\"powerpress_player_5004\"><audio class=\"wp-audio-shortcode\" id=\"audio-2699-1\" preload=\"none\" style=\"width: 100%;\" controls=\"controls\"><source type=\"audio\/mpeg\" src=\"https:\/\/archive.org\/download\/audio-leo-fueyo-10-12-2020\/AUDIO%20-%20LEO%20FUEYO%2010%2012%202020.mp3?_=1\" \/><a href=\"https:\/\/archive.org\/download\/audio-leo-fueyo-10-12-2020\/AUDIO%20-%20LEO%20FUEYO%2010%2012%202020.mp3\">https:\/\/archive.org\/download\/audio-leo-fueyo-10-12-2020\/AUDIO%20-%20LEO%20FUEYO%2010%2012%202020.mp3<\/a><\/audio><\/div><p class=\"powerpress_links powerpress_links_mp3\" style=\"margin-bottom: 1px !important;\">Podcast: <a href=\"https:\/\/archive.org\/download\/audio-leo-fueyo-10-12-2020\/AUDIO%20-%20LEO%20FUEYO%2010%2012%202020.mp3\" class=\"powerpress_link_pinw\" target=\"_blank\" title=\"Reproducir en una nueva ventana\" onclick=\"return powerpress_pinw('https:\/\/fmtinkunaco.ar\/?powerpress_pinw=2699-podcast');\" rel=\"nofollow\">Reproducir en una nueva ventana<\/a> | <a href=\"https:\/\/archive.org\/download\/audio-leo-fueyo-10-12-2020\/AUDIO%20-%20LEO%20FUEYO%2010%2012%202020.mp3\" class=\"powerpress_link_d\" title=\"Descargar\" rel=\"nofollow\" download=\"AUDIO%20-%20LEO%20FUEYO%2010%2012%202020.mp3\">Descargar<\/a><\/p>","protected":false},"excerpt":{"rendered":"<p>Vecinos, organizaciones y productores agroecol\u00f3gicos, movilizan hoy, jueves 10 de diciembre a las 9hs a la c\u00e1mara empresarial para decirle no a la Ordenanza que autoriza el uso de agrot\u00f3xicos en la ciudad de General Rodr\u00edguez. En di\u00e1logo con el programa radial \u201cEncuentro con las Noticias\u201d, Leo Fueyo, explic\u00f3 la lucha de los vecinos y [&hellip;]<\/p>\n","protected":false},"author":1,"featured_media":2700,"comment_status":"open","ping_status":"open","sticky":false,"template":"","format":"standard","meta":{"footnotes":""},"categories":[7],"tags":[],"class_list":["post-2699","post","type-post","status-publish","format-standard","has-post-thumbnail","hentry","category-salud"],"_links":{"self":[{"href":"https:\/\/fmtinkunaco.ar\/index.php?rest_route=\/wp\/v2\/posts\/2699","targetHints":{"allow":["GET"]}}],"collection":[{"href":"https:\/\/fmtinkunaco.ar\/index.php?rest_route=\/wp\/v2\/posts"}],"about":[{"href":"https:\/\/fmtinkunaco.ar\/index.php?rest_route=\/wp\/v2\/types\/post"}],"author":[{"embeddable":true,"href":"https:\/\/fmtinkunaco.ar\/index.php?rest_route=\/wp\/v2\/users\/1"}],"replies":[{"embeddable":true,"href":"https:\/\/fmtinkunaco.ar\/index.php?rest_route=%2Fwp%2Fv2%2Fcomments&post=2699"}],"version-history":[{"count":0,"href":"https:\/\/fmtinkunaco.ar\/index.php?rest_route=\/wp\/v2\/posts\/2699\/revisions"}],"wp:featuredmedia":[{"embeddable":true,"href":"https:\/\/fmtinkunaco.ar\/index.php?rest_route=\/"}],"wp:attachment":[{"href":"https:\/\/fmtinkunaco.ar\/index.php?rest_route=%2Fwp%2Fv2%2Fmedia&parent=2699"}],"wp:term":[{"taxonomy":"category","embeddable":true,"href":"https:\/\/fmtinkunaco.ar\/index.php?rest_route=%2Fwp%2Fv2%2Fcategories&post=2699"},{"taxonomy":"post_tag","embeddable":true,"href":"https:\/\/fmtinkunaco.ar\/index.php?rest_route=%2Fwp%2Fv2%2Ftags&post=2699"}],"curies":[{"name":"wp","href":"https:\/\/api.w.org\/{rel}","templated":true}]}}