{"id":2702,"date":"2020-12-10T10:52:29","date_gmt":"2020-12-10T13:52:29","guid":{"rendered":"http:\/\/fmtinkunaco.com.ar\/?p=2702"},"modified":"2020-12-10T10:52:29","modified_gmt":"2020-12-10T13:52:29","slug":"pilar-accion-plurinacional-por-el-agua-la-vida-y-los-territorios","status":"publish","type":"post","link":"https:\/\/fmtinkunaco.ar\/?p=2702","title":{"rendered":"Pilar: Acci\u00f3n Plurinacional por el Agua, la Vida y los Territorios"},"content":{"rendered":"<p>El pr\u00f3ximo s\u00e1bado 12 de diciembre a las 15hs, en la Plaza 12 de Octubre de Pilar, vecinos autoconvocados y espacios ambientalistas del municipio realizar\u00e1n la Acci\u00f3n Plurinacional por el Agua, la Vida y los Territorios bajo los lemas \u201cLey de Humedales Ya\u201d y \u201cNo a la Rectificaci\u00f3n del R\u00edo Luj\u00e1n\u201d.<\/p>\n<p>En di\u00e1logo con el programa radial \u201cEncuentro con las Noticias\u201d, Pablo Bobadilla, Periodista y productor agroecol\u00f3gico, se refiri\u00f3 al estado de las obras de rectificaci\u00f3n <em>\u201cEstamos en cuenta regresiva desde abril, donde se adjudic\u00f3 directamente la obra en una maniobra ilegal porque la Ley general de Ambiente, que es la 25.675 exige la realizaci\u00f3n de audiencias p\u00fablicas para que todas la ciudadan\u00eda de la cuenca, porque esto no es solo un municipio son muchos partidos, pueda decidir y aportar informaci\u00f3n. (\u2026) S\u00ed bien las obras ahora, no comenzaron, s\u00ed hay relevamientos y movimientos de empresas que tienen un contrato que no pueden tener licencia social\u201d<\/em>.<\/p>\n<p>Bobadilla, se refiri\u00f3 a la propuesta de las organizaciones, <em>\u201cNosotros lo que proponemos es no tocar el R\u00edo, de hecho, uno de los lemas de la ciudadan\u00eda es el R\u00edo Luj\u00e1n no se toca. Las curvas son muy necesarias, porque en esas curvas, en los meandros hay mucha amortiguaci\u00f3n de las lluvias y de los eventos extremos que pueden llegar a suceder\u201d<\/em>.<\/p>\n<p>En este marco, el pr\u00f3ximo s\u00e1bado 12 de diciembre, en la Plaza 12 de octubre de Pilar se realizar\u00e1 la jornada de Acci\u00f3n Plurinacional por el Agua, la Vida y los Territorios con Radio Abierta, Asamblea, Muraleada y \u00a0Plantaci\u00f3n de Nativas.<\/p>\n<p>La actividad se realiza con los protocolos Covid-19 correspondientes.<\/p>\n<p>Compartimos la entrevista completa<\/p>\n<p><a href=\"https:\/\/archive.org\/details\/audio-pablo-bobadilla-10-12-2020\">Descargar<\/a><\/p>\n<p>&nbsp;<\/p>\n<audio class=\"wp-audio-shortcode\" id=\"audio-2702-2\" preload=\"none\" style=\"width: 100%;\" controls=\"controls\"><source type=\"audio\/mpeg\" src=\"https:\/\/archive.org\/download\/audio-pablo-bobadilla-10-12-2020\/AUDIO%20-%20PABLO%20BOBADILLA%2010%2012%202020.mp3?_=2\" \/><a href=\"https:\/\/archive.org\/download\/audio-pablo-bobadilla-10-12-2020\/AUDIO%20-%20PABLO%20BOBADILLA%2010%2012%202020.mp3\">https:\/\/archive.org\/download\/audio-pablo-bobadilla-10-12-2020\/AUDIO%20-%20PABLO%20BOBADILLA%2010%2012%202020.mp3<\/a><\/audio>\n<div class=\"powerpress_player\" id=\"powerpress_player_9764\"><audio class=\"wp-audio-shortcode\" id=\"audio-2702-1\" preload=\"none\" style=\"width: 100%;\" controls=\"controls\"><source type=\"audio\/mpeg\" src=\"https:\/\/archive.org\/download\/audio-pablo-bobadilla-10-12-2020\/AUDIO%20-%20PABLO%20BOBADILLA%2010%2012%202020.mp3?_=1\" \/><a href=\"https:\/\/archive.org\/download\/audio-pablo-bobadilla-10-12-2020\/AUDIO%20-%20PABLO%20BOBADILLA%2010%2012%202020.mp3\">https:\/\/archive.org\/download\/audio-pablo-bobadilla-10-12-2020\/AUDIO%20-%20PABLO%20BOBADILLA%2010%2012%202020.mp3<\/a><\/audio><\/div><p class=\"powerpress_links powerpress_links_mp3\" style=\"margin-bottom: 1px !important;\">Podcast: <a href=\"https:\/\/archive.org\/download\/audio-pablo-bobadilla-10-12-2020\/AUDIO%20-%20PABLO%20BOBADILLA%2010%2012%202020.mp3\" class=\"powerpress_link_pinw\" target=\"_blank\" title=\"Reproducir en una nueva ventana\" onclick=\"return powerpress_pinw('https:\/\/fmtinkunaco.ar\/?powerpress_pinw=2702-podcast');\" rel=\"nofollow\">Reproducir en una nueva ventana<\/a> | <a href=\"https:\/\/archive.org\/download\/audio-pablo-bobadilla-10-12-2020\/AUDIO%20-%20PABLO%20BOBADILLA%2010%2012%202020.mp3\" class=\"powerpress_link_d\" title=\"Descargar\" rel=\"nofollow\" download=\"AUDIO%20-%20PABLO%20BOBADILLA%2010%2012%202020.mp3\">Descargar<\/a><\/p>","protected":false},"excerpt":{"rendered":"<p>El pr\u00f3ximo s\u00e1bado 12 de diciembre a las 15hs, en la Plaza 12 de Octubre de Pilar, vecinos autoconvocados y espacios ambientalistas del municipio realizar\u00e1n la Acci\u00f3n Plurinacional por el Agua, la Vida y los Territorios bajo los lemas \u201cLey de Humedales Ya\u201d y \u201cNo a la Rectificaci\u00f3n del R\u00edo Luj\u00e1n\u201d. En di\u00e1logo con el [&hellip;]<\/p>\n","protected":false},"author":1,"featured_media":2703,"comment_status":"open","ping_status":"open","sticky":false,"template":"","format":"standard","meta":{"footnotes":""},"categories":[4,7,9],"tags":[141],"class_list":["post-2702","post","type-post","status-publish","format-standard","has-post-thumbnail","hentry","category-derechos-humanos","category-salud","category-sociedad","tag-cuenca-rio-lujan"],"_links":{"self":[{"href":"https:\/\/fmtinkunaco.ar\/index.php?rest_route=\/wp\/v2\/posts\/2702","targetHints":{"allow":["GET"]}}],"collection":[{"href":"https:\/\/fmtinkunaco.ar\/index.php?rest_route=\/wp\/v2\/posts"}],"about":[{"href":"https:\/\/fmtinkunaco.ar\/index.php?rest_route=\/wp\/v2\/types\/post"}],"author":[{"embeddable":true,"href":"https:\/\/fmtinkunaco.ar\/index.php?rest_route=\/wp\/v2\/users\/1"}],"replies":[{"embeddable":true,"href":"https:\/\/fmtinkunaco.ar\/index.php?rest_route=%2Fwp%2Fv2%2Fcomments&post=2702"}],"version-history":[{"count":0,"href":"https:\/\/fmtinkunaco.ar\/index.php?rest_route=\/wp\/v2\/posts\/2702\/revisions"}],"wp:featuredmedia":[{"embeddable":true,"href":"https:\/\/fmtinkunaco.ar\/index.php?rest_route=\/"}],"wp:attachment":[{"href":"https:\/\/fmtinkunaco.ar\/index.php?rest_route=%2Fwp%2Fv2%2Fmedia&parent=2702"}],"wp:term":[{"taxonomy":"category","embeddable":true,"href":"https:\/\/fmtinkunaco.ar\/index.php?rest_route=%2Fwp%2Fv2%2Fcategories&post=2702"},{"taxonomy":"post_tag","embeddable":true,"href":"https:\/\/fmtinkunaco.ar\/index.php?rest_route=%2Fwp%2Fv2%2Ftags&post=2702"}],"curies":[{"name":"wp","href":"https:\/\/api.w.org\/{rel}","templated":true}]}}