{"id":2707,"date":"2020-12-11T09:18:52","date_gmt":"2020-12-11T12:18:52","guid":{"rendered":"http:\/\/fmtinkunaco.com.ar\/?p=2707"},"modified":"2020-12-11T09:18:52","modified_gmt":"2020-12-11T12:18:52","slug":"en-el-dia-de-los-derechos-humanos-familiares-y-sobrevivientes-del-terrorismo-de-estado-realizaron-un-acto-en-campo-de-mayo","status":"publish","type":"post","link":"https:\/\/fmtinkunaco.ar\/?p=2707","title":{"rendered":"En el D\u00eda de los Derechos Humanos familiares y sobrevivientes del terrorismo de estado realizaron un acto en Campo de Mayo"},"content":{"rendered":"<p>En la ma\u00f1ana de este 10 de diciembre, D\u00eda Internacional de los Derechos Humanos, un peque\u00f1o grupo, para mantener las medidas de cuidado frente al Covid-19, de integrantes de la Asociaci\u00f3n de Sobrevivientes, Familiares, Compa\u00f1eras y Compa\u00f1eros de Campo de Mayo realiz\u00f3 un acto en el se\u00f1alamiento de \u201cEl Campito\u201d de Campo de Mayo, uno de los 4 Centros Clandestinos de Detenci\u00f3n Tortura y Exterminio, que funcion\u00f3 durante la \u00faltima dictadura c\u00edvico militar dentro de esta guarnici\u00f3n.<\/p>\n<p>Desafiando la jornada de calor intenso, cerca de las 10 de la ma\u00f1ana, las y los sobrevivientes y familiares encabezados por Iris Avellaneda, Presidenta de la Asociaci\u00f3n, lleg\u00f3 hasta el cartel de se\u00f1alamiento colocado hace un a\u00f1o atr\u00e1s.<\/p>\n<p>All\u00ed se record\u00f3 a las y los desaparecidos dentro de esta guarnici\u00f3n militar, se reclam\u00f3 mayor celeridad en los juicios por cr\u00edmenes de lesa humanidad, y se volvi\u00f3 a insistir con el pedido de crear en Campo de Mayo un sitio de Memoria.<\/p>\n<p>El Documento:<\/p>\n<p>Campo de Mayo a 30 Km. de la Capital Federal.<\/p>\n<p>Al Pueblo<\/p>\n<p>Asociaci\u00f3n civil Sobrevivientes, familiares y compa\u00f1eros de Campo de Mayo<\/p>\n<p>En Campo de Mayo desde 1975 hasta 1983 funcionaron 4 campos de concentraci\u00f3n durante la \u00faltima dictadura c\u00edvico-militar-eclesi\u00e1stica: El Campito, Las Casitas, La c\u00e1rcel de Encausados y el Hospital Militar. Durante ese per\u00edodo, fueron secuestrados y desaparecidos entre 5.000 y 7.000 compa\u00f1eros que resist\u00edan el plan econ\u00f3mico, pol\u00edtico y social neoliberal, impuesto a sangre y fuego por la dictadura genocida.<\/p>\n<p>Su lucha es nuestra lucha.<\/p>\n<p>Como ellos, queremos una patria libre, soberana, solidaria.<\/p>\n<p>Hoy m\u00e1s que nunca, renovamos nuestro compromiso de lucha para lograr la plena vigencia de los Derechos Humanos, Pol\u00edticos y Sociales para todas y todos.<\/p>\n<p>El nervio m\u00e1s sensible<\/p>\n<p>Durante el terrorismo de Estado, en esta guarnici\u00f3n militar se reun\u00edan las jefaturas militares represivas del cono sur de nuestro continente, (Brasil, Bolivia, Uruguay, Paraguay, Chile y Argentina) para la coordinaci\u00f3n de la operaci\u00f3n conocida como Plan C\u00f3ndor; junto con la CIA (Agencia Central de Inteligencia de EE.UU.), y los gerentes de las empresas multinacionales planificaron, financiaron y ejecutaron el golpe m\u00e1s artero contra la clase obrera organizada y el pueblo argentino.<\/p>\n<p>A 37 a\u00f1os del restablecimiento democr\u00e1tico en nuestro pa\u00eds, la justicia a\u00fan no investig\u00f3 suficientemente el secuestro, tortura y desaparici\u00f3n de entre 5.000 y 7.000 detenidos desaparecidos dentro de esta guarnici\u00f3n militar. Los sobrevivientes somos apenas un pu\u00f1ado y muchos han fallecido esperando que la justicia investigue y condene a los culpables de estos hechos aberrantes que lesionan a la humanidad toda.<\/p>\n<p>Abrir los archivos de la represi\u00f3n.<\/p>\n<p>Desde 1985 todos los organismos de derechos humanos exigieron la apertura de los archivos de la represi\u00f3n y no se ha cumplido. Eso aclarar\u00eda el destino de todos los desaparecidos y recuperar\u00eda la identidad de los ni\u00f1os nacidos en cautiverio en los campos de concentraci\u00f3n de todo el pa\u00eds. Ya es tiempo que el poder pol\u00edtico ordene a los militares que entreguen toda la documentaci\u00f3n sobre la represi\u00f3n que tienen guardada en la oscuridad de su conciencia.<\/p>\n<p>Juicios a genocidas militares.<\/p>\n<p>Hemos sufrido un gran retroceso respecto a lo que hab\u00edamos logrado del 2003 en adelante con la derogaci\u00f3n de las leyes de impunidad y los indultos. La causa Campo de Mayo se ha convertido en la m\u00e1s impune de todos los juicios de LESA HUMANIDAD. Solo hay 38\u00a0 genocidas procesados. Todo eso es por el atraso judicial en la causa Campo de Mayo. Teniendo en cuenta que los hechos que deben juzgarse, ocurrieron hace 37 a\u00f1os. Eso beneficia a los criminales porque vemos que en muchos casos la impunidad biol\u00f3gica ha dejado muchos protagonistas fuera del alcance de la justicia, con el agravante de un tratamiento judicial a la medida del concepto de Obediencia Debida, ya repudiado por toda la sociedad.<\/p>\n<p>Cuando asistimos a los juicios, vemos con asombro que siempre son los mismos los que est\u00e1n en el banquillo de los acusados. Esos 38 genocidas son los sempiternos atacados de amnesia selectiva al no reconocer a ning\u00fan subordinado que haya cometido cr\u00edmenes bajo su mando en la guarnici\u00f3n militar m\u00e1s grande del pa\u00eds. Solamente recuperan la memoria para recitar su libreto, orgullosos de los cr\u00edmenes cometidos y para afirmar que lo volver\u00edan a hacer.<\/p>\n<p>Exigimos que se unifiquen los pedidos de juicio en una sola mega causa Campo de Mayo, con todos los responsables ideol\u00f3gicos, represivos y econ\u00f3micos para su juicio y castigo. Repudiamos todos los intentos permanentes de aplazar el juzgamiento por parte del poder judicial con chicanas administrativas o excusas por falta de recursos econ\u00f3micos, como lo han hecho durante estos 17 a\u00f1os luego de la derogaci\u00f3n de las leyes de impunidad y los decretos de indulto.<\/p>\n<p>Juicio a genocidas civiles.<\/p>\n<p>Durante la investigaci\u00f3n hecha por sobrevivientes y familiares de los compa\u00f1eros desaparecidos en Campo de Mayo hemos recabado informaci\u00f3n sobre la responsabilidad empresarial en el secuestro y desaparici\u00f3n de los compa\u00f1eros. La mayor\u00eda de las empresas multinacionales y nacionales participaron activamente planificando, dirigiendo y financiando la represi\u00f3n en las f\u00e1bricas contra los activistas gremiales y cuerpos de delegados. La importancia de este requerimiento de justicia contra las empresas que participaron del genocidio es fundamental para llegar a la verdad real que se necesita para encontrar la anhelada justicia. El razonamiento simple es: si los empresarios mandaron a secuestrar y desaparecer a sus propios trabajadores para beneficiarse en su tasa de ganancia. \u00bfQui\u00e9n garantiza que no vuelvan a hacerlo? Necesitamos que paguen por sus cr\u00edmenes y un fallo de la justicia explique al pueblo argentino por qu\u00e9 72 empresas multinacionales se beneficiaron con 23.000.000.000 (23 mil millones) de d\u00f3lares durante la dictadura, deuda que la est\u00e1 pagando el pueblo argentino hasta el d\u00eda de hoy. Las pruebas se encuentran en los juzgados, pero los jueces no juzgan. Las pruebas las tiene el Congreso Nacional pero la Comisi\u00f3n Bicameral de la deuda externa est\u00e1 inactiva desde 2010. Los funcionarios responsables no funcionan o est\u00e1n de los dos lados del mostrador. En cambio, sin chistar, el Estado aporta a las empresas jugosos subsidios para asegurarles su ganancia. La impunidad nos trajo gobiernos neoliberales que volvieron a saquear lo que es del pueblo argentino. Otra Comisi\u00f3n Bicameral de investigaci\u00f3n de la deuda externa se form\u00f3 en marzo de 2020. Son 20 legisladores de todos los partidos pol\u00edticos y hasta hoy ninguno de ellos nombr\u00f3 a los que nos endeudaron en U$S 86.000.000.000 (86 mil millones) que el se\u00f1or ministro de econom\u00eda le va a pagar el FMI con la miseria planificada del pueblo argentino.<\/p>\n<p>Un cap\u00edtulo especial.<\/p>\n<p>Nos faltan 400 ni\u00f1os robados durante el genocidio. Militamos por la memoria de todes les desaparecides, por las varias decenas de hombres y mujeres, que todav\u00eda viven bajo una identidad falsa dibujada por el pacto de silencio de civiles, cl\u00e9rigos y militares mafiosos. Nuestro pueblo necesita recuperar la identidad de aproximadamente 200 ni\u00f1os nacidos en la maternidad clandestina que funcion\u00f3 en el departamento de Epidemiolog\u00eda del Hospital Militar de Campo de Mayo.<\/p>\n<p>LEY NACIONAL 26.691<\/p>\n<p>Esta ley nacional de Preservaci\u00f3n, Se\u00f1alizaci\u00f3n, y Difusi\u00f3n de Sitios de Memoria del Terrorismo de Estado, en Campo de Mayo no se cumple en su totalidad. Reci\u00e9n el a\u00f1o 2019, en el final del mandato de Macri, logramos hacer se\u00f1alizar oficialmente \u201cEl Campito\u201d, uno de los cuatro centros de exterminio, que funcionaron dentro la guarnici\u00f3n, reconocidos hasta ahora. Faltan los otros tres. Y falta poner en pie los Espacios de Memoria correspondientes que funcionen abiertos a la comunidad dentro del predio.<\/p>\n<p>Mesa de enlace.<\/p>\n<p>En estos momentos asistimos a la puesta en escena de un rebrote del fascismo criollo con pretensiones desestabilizadoras. Un grupo de militares, polic\u00edas y civiles con comportamiento condenado por la historia, aparecen en la escena pol\u00edtica con el nombre rimbombante de Mesa de Enlace. Su ideolog\u00eda antidemocr\u00e1tica, intenta reeditar el carapintadismo de 1987, cuando en una situaci\u00f3n parecida, presionaban al gobierno democr\u00e1tico para lograr la impunidad de los genocidas y el olvido de las deudas de los que se hab\u00edan enriquecido con el hambre de nuestro pueblo. Eso ocurri\u00f3 durante los alzamientos carapintadas que parieron las leyes de impunidad Punto final y de Obediencia Debida. En el caso de los responsables civiles, cuando se intent\u00f3 investigar el origen de la deuda externa, la conspiraci\u00f3n empresarial logr\u00f3 que quedara sin efecto. Hay funcionarios del ministerio de econom\u00eda y del Banco Central que jam\u00e1s fueron llamados a responder en sede judicial por incumplir con sus deberes. Melconi\u00e1n, Cavallo, Daniel Marx, Machinea, etc. Son algunos de los nombres que hace 40 a\u00f1os siguen haciendo de las suyas en detrimento del pueblo argentino.<\/p>\n<p>C\u00c1RCEL COM\u00daN Y EFECTIVA PARA TODOS LOS GENOCIDAS CIVILES Y MILITARES<\/p>\n<p>NI OLVIDO NI PERD\u00d3N<\/p>\n<p>SON 30.000 FUE GENOCIDIO<\/p>\n<p>30.000 compa\u00f1eras y compa\u00f1eros detenidas y desaparecidas PRESENTE Ahora y siempre.<\/p>\n<p>Sobrevivientes, Familiares y Compa\u00f1erxs de Campo de Mayo<\/p>\n<p>Compartimos entrevista completa a Iris Avellaneda<\/p>\n<p><a href=\"https:\/\/archive.org\/details\/audio-iris-avellaneda-10-12-2020\">Descargar<\/a><\/p>\n<audio class=\"wp-audio-shortcode\" id=\"audio-2707-2\" preload=\"none\" style=\"width: 100%;\" controls=\"controls\"><source type=\"audio\/mpeg\" src=\"https:\/\/archive.org\/download\/audio-iris-avellaneda-10-12-2020\/AUDIO%20-%20IRIS%20AVELLANEDA%2010%2012%202020.mp3?_=2\" \/><a href=\"https:\/\/archive.org\/download\/audio-iris-avellaneda-10-12-2020\/AUDIO%20-%20IRIS%20AVELLANEDA%2010%2012%202020.mp3\">https:\/\/archive.org\/download\/audio-iris-avellaneda-10-12-2020\/AUDIO%20-%20IRIS%20AVELLANEDA%2010%2012%202020.mp3<\/a><\/audio>\n<div class=\"powerpress_player\" id=\"powerpress_player_5419\"><audio class=\"wp-audio-shortcode\" id=\"audio-2707-1\" preload=\"none\" style=\"width: 100%;\" controls=\"controls\"><source type=\"audio\/mpeg\" src=\"https:\/\/archive.org\/download\/audio-iris-avellaneda-10-12-2020\/AUDIO%20-%20IRIS%20AVELLANEDA%2010%2012%202020.mp3?_=1\" \/><a href=\"https:\/\/archive.org\/download\/audio-iris-avellaneda-10-12-2020\/AUDIO%20-%20IRIS%20AVELLANEDA%2010%2012%202020.mp3\">https:\/\/archive.org\/download\/audio-iris-avellaneda-10-12-2020\/AUDIO%20-%20IRIS%20AVELLANEDA%2010%2012%202020.mp3<\/a><\/audio><\/div><p class=\"powerpress_links powerpress_links_mp3\" style=\"margin-bottom: 1px !important;\">Podcast: <a href=\"https:\/\/archive.org\/download\/audio-iris-avellaneda-10-12-2020\/AUDIO%20-%20IRIS%20AVELLANEDA%2010%2012%202020.mp3\" class=\"powerpress_link_pinw\" target=\"_blank\" title=\"Reproducir en una nueva ventana\" onclick=\"return powerpress_pinw('https:\/\/fmtinkunaco.ar\/?powerpress_pinw=2707-podcast');\" rel=\"nofollow\">Reproducir en una nueva ventana<\/a> | <a href=\"https:\/\/archive.org\/download\/audio-iris-avellaneda-10-12-2020\/AUDIO%20-%20IRIS%20AVELLANEDA%2010%2012%202020.mp3\" class=\"powerpress_link_d\" title=\"Descargar\" rel=\"nofollow\" download=\"AUDIO%20-%20IRIS%20AVELLANEDA%2010%2012%202020.mp3\">Descargar<\/a><\/p>","protected":false},"excerpt":{"rendered":"<p>En la ma\u00f1ana de este 10 de diciembre, D\u00eda Internacional de los Derechos Humanos, un peque\u00f1o grupo, para mantener las medidas de cuidado frente al Covid-19, de integrantes de la Asociaci\u00f3n de Sobrevivientes, Familiares, Compa\u00f1eras y Compa\u00f1eros de Campo de Mayo realiz\u00f3 un acto en el se\u00f1alamiento de \u201cEl Campito\u201d de Campo de Mayo, uno [&hellip;]<\/p>\n","protected":false},"author":1,"featured_media":2708,"comment_status":"open","ping_status":"open","sticky":false,"template":"","format":"standard","meta":{"footnotes":""},"categories":[4],"tags":[],"class_list":["post-2707","post","type-post","status-publish","format-standard","has-post-thumbnail","hentry","category-derechos-humanos"],"_links":{"self":[{"href":"https:\/\/fmtinkunaco.ar\/index.php?rest_route=\/wp\/v2\/posts\/2707","targetHints":{"allow":["GET"]}}],"collection":[{"href":"https:\/\/fmtinkunaco.ar\/index.php?rest_route=\/wp\/v2\/posts"}],"about":[{"href":"https:\/\/fmtinkunaco.ar\/index.php?rest_route=\/wp\/v2\/types\/post"}],"author":[{"embeddable":true,"href":"https:\/\/fmtinkunaco.ar\/index.php?rest_route=\/wp\/v2\/users\/1"}],"replies":[{"embeddable":true,"href":"https:\/\/fmtinkunaco.ar\/index.php?rest_route=%2Fwp%2Fv2%2Fcomments&post=2707"}],"version-history":[{"count":0,"href":"https:\/\/fmtinkunaco.ar\/index.php?rest_route=\/wp\/v2\/posts\/2707\/revisions"}],"wp:featuredmedia":[{"embeddable":true,"href":"https:\/\/fmtinkunaco.ar\/index.php?rest_route=\/"}],"wp:attachment":[{"href":"https:\/\/fmtinkunaco.ar\/index.php?rest_route=%2Fwp%2Fv2%2Fmedia&parent=2707"}],"wp:term":[{"taxonomy":"category","embeddable":true,"href":"https:\/\/fmtinkunaco.ar\/index.php?rest_route=%2Fwp%2Fv2%2Fcategories&post=2707"},{"taxonomy":"post_tag","embeddable":true,"href":"https:\/\/fmtinkunaco.ar\/index.php?rest_route=%2Fwp%2Fv2%2Ftags&post=2707"}],"curies":[{"name":"wp","href":"https:\/\/api.w.org\/{rel}","templated":true}]}}