{"id":2714,"date":"2020-12-14T09:42:33","date_gmt":"2020-12-14T12:42:33","guid":{"rendered":"http:\/\/fmtinkunaco.com.ar\/?p=2714"},"modified":"2020-12-14T09:42:33","modified_gmt":"2020-12-14T12:42:33","slug":"trabajadores-y-trabajadoras-del-parque-de-la-costa-en-lucha","status":"publish","type":"post","link":"https:\/\/fmtinkunaco.ar\/?p=2714","title":{"rendered":"Trabajadores y Trabajadoras del Parque de la Costa en Lucha"},"content":{"rendered":"<p>Trabajadoras y trabajadores del Parque de la Costa, ubicado en Tigre, se encuentran denunciando reducci\u00f3n de salarios, falta de aportes jubilatorios desde el mes de febrero, no pag\u00f3 de aguinaldo, entre otros.<\/p>\n<p>En di\u00e1logo con el programa radial \u201cEncuentro con las Noticias\u201d, Daniela Miller, trabajadora del Parque de la Costa, se refiri\u00f3 al conflicto, <em>\u201cEl conflicto se origin\u00f3 a partir de la cuarentena, cuando empez\u00f3 todo este conflicto de la pandemia, que el parque inevitablemente tuvo que cerrar por una cuesti\u00f3n de protocolo, por una cuesti\u00f3n de sanidad. El parque estuvo cerrado, sigue cerrado hace nueve meses, aproximadamente, y lo que se empez\u00f3 a originar es que hace tres meses empezaron a haber retiros voluntarios. A partir de esta propuesta del holding del Parque de la Costa, que ofrec\u00edan los retiros voluntarios que fueron muy bajos, un 130% les ofrecieron a los trabajadores de mayor rango empez\u00f3 a haber incertidumbre y descontento en los trabajadores porque tampoco ten\u00edamos respuesta de cu\u00e1ndo iba a presentarse un protocolo, se ve\u00eda que el parque estaba muy deteriorado, no se estaba manteniendo\u201d<\/em>.<\/p>\n<p>Adem\u00e1s, Miller, remarc\u00f3 que est\u00e1n nucleados en dos sindicatos, Sindicato de Pasteleros y el Sindicato \u00danico de Trabajadores del Espect\u00e1culo P\u00fablico, pero \u00fanicamente el Sindicato de Pasteleros es el que les da respuestas y los acompa\u00f1a,\u00a0 <em>\u201cNos empezamos a organizar y a exigirle al sindicato que se d\u00e9 una respuesta, que se hable con el Holding del parque de la costa para que nos cuenten que es lo que pensaban hacer ellos. Todav\u00eda seguimos sin respuestas, hemos tenido ocho audiencias\u201d<\/em>.<\/p>\n<p>Daniela Miller, finalmente describi\u00f3 la situaci\u00f3n de las y los trabajadores <em>\u201cNo est\u00e1n pagando los sueldos, estamos cobrando solo ATP, hay compa\u00f1eros que cobran $25, no estamos cobrando aguinaldo, desde febrero que no tenemos los aportes jubilatorios, la verdad que estamos totalmente mal todos los compa\u00f1eros\u201d<\/em>.<\/p>\n<p>Actualmente, son 500 trabajadores y trabajadoras las que se encuentran en esta situaci\u00f3n.<\/p>\n<p>Compartimos la entrevista completa<\/p>\n<p><a href=\"https:\/\/archive.org\/details\/audio-daniela-miller-11-12-2020\">Descargar<\/a><\/p>\n<audio class=\"wp-audio-shortcode\" id=\"audio-2714-2\" preload=\"none\" style=\"width: 100%;\" controls=\"controls\"><source type=\"audio\/mpeg\" src=\"https:\/\/archive.org\/download\/audio-daniela-miller-11-12-2020\/AUDIO%20-%20DANIELA%20MILLER%2011%2012%202020.mp3?_=2\" \/><a href=\"https:\/\/archive.org\/download\/audio-daniela-miller-11-12-2020\/AUDIO%20-%20DANIELA%20MILLER%2011%2012%202020.mp3\">https:\/\/archive.org\/download\/audio-daniela-miller-11-12-2020\/AUDIO%20-%20DANIELA%20MILLER%2011%2012%202020.mp3<\/a><\/audio>\n<div class=\"powerpress_player\" id=\"powerpress_player_2836\"><audio class=\"wp-audio-shortcode\" id=\"audio-2714-1\" preload=\"none\" style=\"width: 100%;\" controls=\"controls\"><source type=\"audio\/mpeg\" src=\"https:\/\/archive.org\/download\/audio-daniela-miller-11-12-2020\/AUDIO%20-%20DANIELA%20MILLER%2011%2012%202020.mp3?_=1\" \/><a href=\"https:\/\/archive.org\/download\/audio-daniela-miller-11-12-2020\/AUDIO%20-%20DANIELA%20MILLER%2011%2012%202020.mp3\">https:\/\/archive.org\/download\/audio-daniela-miller-11-12-2020\/AUDIO%20-%20DANIELA%20MILLER%2011%2012%202020.mp3<\/a><\/audio><\/div><p class=\"powerpress_links powerpress_links_mp3\" style=\"margin-bottom: 1px !important;\">Podcast: <a href=\"https:\/\/archive.org\/download\/audio-daniela-miller-11-12-2020\/AUDIO%20-%20DANIELA%20MILLER%2011%2012%202020.mp3\" class=\"powerpress_link_pinw\" target=\"_blank\" title=\"Reproducir en una nueva ventana\" onclick=\"return powerpress_pinw('https:\/\/fmtinkunaco.ar\/?powerpress_pinw=2714-podcast');\" rel=\"nofollow\">Reproducir en una nueva ventana<\/a> | <a href=\"https:\/\/archive.org\/download\/audio-daniela-miller-11-12-2020\/AUDIO%20-%20DANIELA%20MILLER%2011%2012%202020.mp3\" class=\"powerpress_link_d\" title=\"Descargar\" rel=\"nofollow\" download=\"AUDIO%20-%20DANIELA%20MILLER%2011%2012%202020.mp3\">Descargar<\/a><\/p>","protected":false},"excerpt":{"rendered":"<p>Trabajadoras y trabajadores del Parque de la Costa, ubicado en Tigre, se encuentran denunciando reducci\u00f3n de salarios, falta de aportes jubilatorios desde el mes de febrero, no pag\u00f3 de aguinaldo, entre otros. En di\u00e1logo con el programa radial \u201cEncuentro con las Noticias\u201d, Daniela Miller, trabajadora del Parque de la Costa, se refiri\u00f3 al conflicto, \u201cEl [&hellip;]<\/p>\n","protected":false},"author":1,"featured_media":2715,"comment_status":"open","ping_status":"open","sticky":false,"template":"","format":"standard","meta":{"footnotes":""},"categories":[4],"tags":[343,386],"class_list":["post-2714","post","type-post","status-publish","format-standard","has-post-thumbnail","hentry","category-derechos-humanos","tag-municipio-de-tigre","tag-parque-de-la-costa"],"_links":{"self":[{"href":"https:\/\/fmtinkunaco.ar\/index.php?rest_route=\/wp\/v2\/posts\/2714","targetHints":{"allow":["GET"]}}],"collection":[{"href":"https:\/\/fmtinkunaco.ar\/index.php?rest_route=\/wp\/v2\/posts"}],"about":[{"href":"https:\/\/fmtinkunaco.ar\/index.php?rest_route=\/wp\/v2\/types\/post"}],"author":[{"embeddable":true,"href":"https:\/\/fmtinkunaco.ar\/index.php?rest_route=\/wp\/v2\/users\/1"}],"replies":[{"embeddable":true,"href":"https:\/\/fmtinkunaco.ar\/index.php?rest_route=%2Fwp%2Fv2%2Fcomments&post=2714"}],"version-history":[{"count":0,"href":"https:\/\/fmtinkunaco.ar\/index.php?rest_route=\/wp\/v2\/posts\/2714\/revisions"}],"wp:featuredmedia":[{"embeddable":true,"href":"https:\/\/fmtinkunaco.ar\/index.php?rest_route=\/"}],"wp:attachment":[{"href":"https:\/\/fmtinkunaco.ar\/index.php?rest_route=%2Fwp%2Fv2%2Fmedia&parent=2714"}],"wp:term":[{"taxonomy":"category","embeddable":true,"href":"https:\/\/fmtinkunaco.ar\/index.php?rest_route=%2Fwp%2Fv2%2Fcategories&post=2714"},{"taxonomy":"post_tag","embeddable":true,"href":"https:\/\/fmtinkunaco.ar\/index.php?rest_route=%2Fwp%2Fv2%2Ftags&post=2714"}],"curies":[{"name":"wp","href":"https:\/\/api.w.org\/{rel}","templated":true}]}}