{"id":2718,"date":"2020-12-16T11:09:54","date_gmt":"2020-12-16T14:09:54","guid":{"rendered":"http:\/\/fmtinkunaco.com.ar\/?p=2718"},"modified":"2020-12-16T11:09:54","modified_gmt":"2020-12-16T14:09:54","slug":"la-orquesta-sinfonica-municipal-de-pilar-declara-el-estado-de-alerta-y-movilizacion","status":"publish","type":"post","link":"https:\/\/fmtinkunaco.ar\/?p=2718","title":{"rendered":"La Orquesta Sinf\u00f3nica Municipal de Pilar declara el estado de alerta y movilizaci\u00f3n"},"content":{"rendered":"<p>La Orquesta Sinf\u00f3nica Municipal de Pilar denuncia la falta de reconocimiento a su labor cultural y a las actividades de vinculaci\u00f3n realizadas junto a la comunidad durante el aislamiento social, preventivo y obligatorio y exigen al municipio de Pilar inclusi\u00f3n en planta a los m\u00fasicos y m\u00fasicas.<\/p>\n<p>En di\u00e1logo con el programa radial \u201cEncuentro con las Noticias\u201d, Clara Parodi, Directora de la \u00a0Orquesta Sinf\u00f3nica Municipal de Pilar se refiri\u00f3 al conflicto y expectativas de di\u00e1logo, \u201cLa Orquesta est\u00e1 pidiendo desde hace tres meses, reuniones, respuestas y poder trabajar, sentarnos a dialogar. Lo que estamos pidiendo es sentarnos a dialogar y llegar a buen puesto con nuestros puestos de trabajos\u201d.<\/p>\n<p>La Orquesta denuncia que se quiere pasar a los trabajadores a ser trabajadores monotributistas, este a\u00f1o no hubo paritarias y peligra la continuidad de la Orquesta Sinf\u00f3nica Municipal de Pilar.<\/p>\n<p>Parodi, adem\u00e1s se refiri\u00f3 a la falta de paritarias, \u201cCuando llegan las paritarias municipales de Pilar, que fue en septiembre, que obtuvo un 20% m\u00e1s un bono de $1000, la orquesta es la \u00fanica que no percibe. Entonces empezamos a hacer nuevamente los reclamos. (\u2026) Despu\u00e9s nos comentan que si vamos a tener aumento de paritarias y cuando llega el d\u00eda de cobro, no se perciben esos aumentos\u201d.<\/p>\n<p>La Orquesta exige poder generar una mesa de di\u00e1logo, ser recibidos y obtener respuestas laborables, poder trabajar de manera colectiva.<\/p>\n<p>Compartimos la entrevista completa<\/p>\n<p><a href=\"https:\/\/archive.org\/details\/audio-clara-parodi-pilar-16-12-2020\">Descargar<\/a><\/p>\n<audio class=\"wp-audio-shortcode\" id=\"audio-2718-2\" preload=\"none\" style=\"width: 100%;\" controls=\"controls\"><source type=\"audio\/mpeg\" src=\"https:\/\/archive.org\/download\/audio-clara-parodi-pilar-16-12-2020\/AUDIO%20-%20CLARA%20PARODI%20%28PILAR%29%2016%2012%202020.mp3?_=2\" \/><a href=\"https:\/\/archive.org\/download\/audio-clara-parodi-pilar-16-12-2020\/AUDIO%20-%20CLARA%20PARODI%20%28PILAR%29%2016%2012%202020.mp3\">https:\/\/archive.org\/download\/audio-clara-parodi-pilar-16-12-2020\/AUDIO%20-%20CLARA%20PARODI%20%28PILAR%29%2016%2012%202020.mp3<\/a><\/audio>\n<div class=\"powerpress_player\" id=\"powerpress_player_5654\"><audio class=\"wp-audio-shortcode\" id=\"audio-2718-1\" preload=\"none\" style=\"width: 100%;\" controls=\"controls\"><source type=\"audio\/mpeg\" src=\"https:\/\/archive.org\/download\/audio-clara-parodi-pilar-16-12-2020\/AUDIO%20-%20CLARA%20PARODI%20%28PILAR%29%2016%2012%202020.mp3?_=1\" \/><a href=\"https:\/\/archive.org\/download\/audio-clara-parodi-pilar-16-12-2020\/AUDIO%20-%20CLARA%20PARODI%20%28PILAR%29%2016%2012%202020.mp3\">https:\/\/archive.org\/download\/audio-clara-parodi-pilar-16-12-2020\/AUDIO%20-%20CLARA%20PARODI%20%28PILAR%29%2016%2012%202020.mp3<\/a><\/audio><\/div><p class=\"powerpress_links powerpress_links_mp3\" style=\"margin-bottom: 1px !important;\">Podcast: <a href=\"https:\/\/archive.org\/download\/audio-clara-parodi-pilar-16-12-2020\/AUDIO%20-%20CLARA%20PARODI%20%28PILAR%29%2016%2012%202020.mp3\" class=\"powerpress_link_pinw\" target=\"_blank\" title=\"Reproducir en una nueva ventana\" onclick=\"return powerpress_pinw('https:\/\/fmtinkunaco.ar\/?powerpress_pinw=2718-podcast');\" rel=\"nofollow\">Reproducir en una nueva ventana<\/a> | <a href=\"https:\/\/archive.org\/download\/audio-clara-parodi-pilar-16-12-2020\/AUDIO%20-%20CLARA%20PARODI%20%28PILAR%29%2016%2012%202020.mp3\" class=\"powerpress_link_d\" title=\"Descargar\" rel=\"nofollow\" download=\"AUDIO%20-%20CLARA%20PARODI%20%28PILAR%29%2016%2012%202020.mp3\">Descargar<\/a><\/p>","protected":false},"excerpt":{"rendered":"<p>La Orquesta Sinf\u00f3nica Municipal de Pilar denuncia la falta de reconocimiento a su labor cultural y a las actividades de vinculaci\u00f3n realizadas junto a la comunidad durante el aislamiento social, preventivo y obligatorio y exigen al municipio de Pilar inclusi\u00f3n en planta a los m\u00fasicos y m\u00fasicas. En di\u00e1logo con el programa radial \u201cEncuentro con [&hellip;]<\/p>\n","protected":false},"author":1,"featured_media":2719,"comment_status":"open","ping_status":"open","sticky":false,"template":"","format":"standard","meta":{"footnotes":""},"categories":[3],"tags":[367],"class_list":["post-2718","post","type-post","status-publish","format-standard","has-post-thumbnail","hentry","category-cultura","tag-orquesta-municipal-de-pilar"],"_links":{"self":[{"href":"https:\/\/fmtinkunaco.ar\/index.php?rest_route=\/wp\/v2\/posts\/2718","targetHints":{"allow":["GET"]}}],"collection":[{"href":"https:\/\/fmtinkunaco.ar\/index.php?rest_route=\/wp\/v2\/posts"}],"about":[{"href":"https:\/\/fmtinkunaco.ar\/index.php?rest_route=\/wp\/v2\/types\/post"}],"author":[{"embeddable":true,"href":"https:\/\/fmtinkunaco.ar\/index.php?rest_route=\/wp\/v2\/users\/1"}],"replies":[{"embeddable":true,"href":"https:\/\/fmtinkunaco.ar\/index.php?rest_route=%2Fwp%2Fv2%2Fcomments&post=2718"}],"version-history":[{"count":0,"href":"https:\/\/fmtinkunaco.ar\/index.php?rest_route=\/wp\/v2\/posts\/2718\/revisions"}],"wp:featuredmedia":[{"embeddable":true,"href":"https:\/\/fmtinkunaco.ar\/index.php?rest_route=\/"}],"wp:attachment":[{"href":"https:\/\/fmtinkunaco.ar\/index.php?rest_route=%2Fwp%2Fv2%2Fmedia&parent=2718"}],"wp:term":[{"taxonomy":"category","embeddable":true,"href":"https:\/\/fmtinkunaco.ar\/index.php?rest_route=%2Fwp%2Fv2%2Fcategories&post=2718"},{"taxonomy":"post_tag","embeddable":true,"href":"https:\/\/fmtinkunaco.ar\/index.php?rest_route=%2Fwp%2Fv2%2Ftags&post=2718"}],"curies":[{"name":"wp","href":"https:\/\/api.w.org\/{rel}","templated":true}]}}