{"id":2725,"date":"2020-12-17T10:38:12","date_gmt":"2020-12-17T13:38:12","guid":{"rendered":"http:\/\/fmtinkunaco.com.ar\/?p=2725"},"modified":"2020-12-17T10:38:12","modified_gmt":"2020-12-17T13:38:12","slug":"comenzaron-las-inscripciones-en-la-escuela-de-estetica-de-jose-c-paz","status":"publish","type":"post","link":"https:\/\/fmtinkunaco.ar\/?p=2725","title":{"rendered":"Comenzaron las inscripciones en la Escuela de Est\u00e9tica de Jos\u00e9. C. Paz"},"content":{"rendered":"<p>La Escuela de Est\u00e9tica de Jos\u00e9. C. Paz inici\u00f3 sus inscripciones para el ciclo 2021, para los diferentes talleres de arte: teatro, circo, pl\u00e1stica, m\u00fasica, danza, actuaci\u00f3n, m\u00fasica, comics \u2013 anime, comedia musical, cine y percusi\u00f3n. Todos estos talleres se brindan de manera libre y gratuita para ni\u00f1os y ni\u00f1as de 5 a\u00f1os a adolescentes de 17 a\u00f1os.<\/p>\n<p>En di\u00e1logo con el programa radial \u201cEncuentro con las Noticias\u201d, Laura Guajardo, Secretar\u00eda de la Escuela de Est\u00e9tica del partido de Jos\u00e9. C. Paz, se refiri\u00f3 a las inscripciones 2021, <em>\u201cNosotros estamos inscribiendo desde noviembre, y vamos a seguir inscribiendo en febrero, la semana que viene ser\u00eda la \u00faltima semana que hacemos de inscripci\u00f3n durante el mes de diciembre y tenemos como opci\u00f3n una inscripci\u00f3n online que es un formulario de google, para solicitar el formulario nos pueden mandar un mail a <a href=\"mailto:inscripciones.estetica01jcp@gmail.com\">inscripciones.estetica01jcp@gmail.com<\/a> , tambi\u00e9n nos pueden mandar un mensaje por wathsapp al 1124714098 o por facebook Escuela de Est\u00e9tica de Jos\u00e9. C. Paz. Este semana tambi\u00e9n estuvimos haciendo inscripciones presenciales, dos horas por la ma\u00f1ana porque hay mucha gente que no tiene internet o por ah\u00ed no conoce los medios\u201d<\/em>.<\/p>\n<p>La Escuela de Est\u00e9tica tiene una sede en la EP 25 \u2013 Acerboni 342, barrio El Ombu; EP 7 &#8211; Alvear 3325; Sede Secundaria 28 &#8211; Padre Ustarroz 5014 (Solo para adolescentes). Las tres sedes se encuentran en el partido de Jos\u00e9. C. Paz.<\/p>\n<p>Compartimos la entrevista completa<\/p>\n<p><a href=\"https:\/\/archive.org\/details\/audio-laura-guajardo-17-12-2020\">Descargar<\/a><\/p>\n<p>&nbsp;<\/p>\n<audio class=\"wp-audio-shortcode\" id=\"audio-2725-2\" preload=\"none\" style=\"width: 100%;\" controls=\"controls\"><source type=\"audio\/mpeg\" src=\"https:\/\/archive.org\/download\/audio-laura-guajardo-17-12-2020\/AUDIO%20-%20LAURA%20GUAJARDO%2017%2012%202020.mp3?_=2\" \/><a href=\"https:\/\/archive.org\/download\/audio-laura-guajardo-17-12-2020\/AUDIO%20-%20LAURA%20GUAJARDO%2017%2012%202020.mp3\">https:\/\/archive.org\/download\/audio-laura-guajardo-17-12-2020\/AUDIO%20-%20LAURA%20GUAJARDO%2017%2012%202020.mp3<\/a><\/audio>\n<div class=\"powerpress_player\" id=\"powerpress_player_5971\"><audio class=\"wp-audio-shortcode\" id=\"audio-2725-1\" preload=\"none\" style=\"width: 100%;\" controls=\"controls\"><source type=\"audio\/mpeg\" src=\"https:\/\/archive.org\/download\/audio-laura-guajardo-17-12-2020\/AUDIO%20-%20LAURA%20GUAJARDO%2017%2012%202020.mp3?_=1\" \/><a href=\"https:\/\/archive.org\/download\/audio-laura-guajardo-17-12-2020\/AUDIO%20-%20LAURA%20GUAJARDO%2017%2012%202020.mp3\">https:\/\/archive.org\/download\/audio-laura-guajardo-17-12-2020\/AUDIO%20-%20LAURA%20GUAJARDO%2017%2012%202020.mp3<\/a><\/audio><\/div><p class=\"powerpress_links powerpress_links_mp3\" style=\"margin-bottom: 1px !important;\">Podcast: <a href=\"https:\/\/archive.org\/download\/audio-laura-guajardo-17-12-2020\/AUDIO%20-%20LAURA%20GUAJARDO%2017%2012%202020.mp3\" class=\"powerpress_link_pinw\" target=\"_blank\" title=\"Reproducir en una nueva ventana\" onclick=\"return powerpress_pinw('https:\/\/fmtinkunaco.ar\/?powerpress_pinw=2725-podcast');\" rel=\"nofollow\">Reproducir en una nueva ventana<\/a> | <a href=\"https:\/\/archive.org\/download\/audio-laura-guajardo-17-12-2020\/AUDIO%20-%20LAURA%20GUAJARDO%2017%2012%202020.mp3\" class=\"powerpress_link_d\" title=\"Descargar\" rel=\"nofollow\" download=\"AUDIO%20-%20LAURA%20GUAJARDO%2017%2012%202020.mp3\">Descargar<\/a><\/p>","protected":false},"excerpt":{"rendered":"<p>La Escuela de Est\u00e9tica de Jos\u00e9. C. Paz inici\u00f3 sus inscripciones para el ciclo 2021, para los diferentes talleres de arte: teatro, circo, pl\u00e1stica, m\u00fasica, danza, actuaci\u00f3n, m\u00fasica, comics \u2013 anime, comedia musical, cine y percusi\u00f3n. Todos estos talleres se brindan de manera libre y gratuita para ni\u00f1os y ni\u00f1as de 5 a\u00f1os a adolescentes [&hellip;]<\/p>\n","protected":false},"author":1,"featured_media":2726,"comment_status":"open","ping_status":"open","sticky":false,"template":"","format":"standard","meta":{"footnotes":""},"categories":[5],"tags":[189],"class_list":["post-2725","post","type-post","status-publish","format-standard","has-post-thumbnail","hentry","category-educacion","tag-escuela-de-estetica"],"_links":{"self":[{"href":"https:\/\/fmtinkunaco.ar\/index.php?rest_route=\/wp\/v2\/posts\/2725","targetHints":{"allow":["GET"]}}],"collection":[{"href":"https:\/\/fmtinkunaco.ar\/index.php?rest_route=\/wp\/v2\/posts"}],"about":[{"href":"https:\/\/fmtinkunaco.ar\/index.php?rest_route=\/wp\/v2\/types\/post"}],"author":[{"embeddable":true,"href":"https:\/\/fmtinkunaco.ar\/index.php?rest_route=\/wp\/v2\/users\/1"}],"replies":[{"embeddable":true,"href":"https:\/\/fmtinkunaco.ar\/index.php?rest_route=%2Fwp%2Fv2%2Fcomments&post=2725"}],"version-history":[{"count":0,"href":"https:\/\/fmtinkunaco.ar\/index.php?rest_route=\/wp\/v2\/posts\/2725\/revisions"}],"wp:featuredmedia":[{"embeddable":true,"href":"https:\/\/fmtinkunaco.ar\/index.php?rest_route=\/"}],"wp:attachment":[{"href":"https:\/\/fmtinkunaco.ar\/index.php?rest_route=%2Fwp%2Fv2%2Fmedia&parent=2725"}],"wp:term":[{"taxonomy":"category","embeddable":true,"href":"https:\/\/fmtinkunaco.ar\/index.php?rest_route=%2Fwp%2Fv2%2Fcategories&post=2725"},{"taxonomy":"post_tag","embeddable":true,"href":"https:\/\/fmtinkunaco.ar\/index.php?rest_route=%2Fwp%2Fv2%2Ftags&post=2725"}],"curies":[{"name":"wp","href":"https:\/\/api.w.org\/{rel}","templated":true}]}}