{"id":2731,"date":"2020-12-18T10:56:47","date_gmt":"2020-12-18T13:56:47","guid":{"rendered":"http:\/\/fmtinkunaco.com.ar\/?p=2731"},"modified":"2020-12-18T10:56:47","modified_gmt":"2020-12-18T13:56:47","slug":"el-merendero-semillitas-de-primavera-pide-donaciones-a-la-comunidad","status":"publish","type":"post","link":"https:\/\/fmtinkunaco.ar\/?p=2731","title":{"rendered":"Jos\u00e9. C. Paz: El Merendero Semillitas de Primavera pide donaciones a la comunidad"},"content":{"rendered":"<p>El Merendero Semillitas de Primavera, ubicado en barrio Primavera \u2013 Potos\u00ed 5929 &#8211; Jos\u00e9. C. Paz se encuentra pidiendo donaciones para poder mantener el acompa\u00f1amiento alimentario que hoy es respaldado por los y las integrantes del espacio.<\/p>\n<p>En di\u00e1logo con el programa radial \u201cEncuentro con las Noticias\u201d, Jonathan Valdez, integrante de Semillitas, se refiri\u00f3 al acompa\u00f1amiento que les dan a las familias, <em>\u201cson 30 familias, con m\u00e1s de 43 ni\u00f1os regulares, los mi\u00e9rcoles y los viernes, donde reciben contenci\u00f3n fuera de lo que es la alimentaci\u00f3n que esta siempre, ropa, calzado, medicaci\u00f3n\u201d<\/em>.<\/p>\n<p>Valdez, tambi\u00e9n remarc\u00f3,<em> \u201cBuscamos que la gente nos conozca para buscar un poco de ayuda tambi\u00e9n y que se pueda llegar, capaz, a m\u00e1s familias o complementar mucho la alimentaci\u00f3n con lo que puedan ayudar para las familias que ya tenemos. (\u2026) Estamos buscando donaciones de todos lados, alimentos, juguetes, calzado, ropa, todo es necesario y bienvenido siempre\u201d<\/em>.<\/p>\n<p>Adem\u00e1s, Jesica Arias, integrante de Semillitas, se refiri\u00f3 a las herramientas que en este contexto desean darles a las familias, <em>\u201cA ra\u00edz de la situacion que estan viviendo las familias, surgi\u00f3 la idea entre todos de poder brindar capacitaciones para que las familias puedan tener una salida laboral y no solo poder ayudarlos con la comida o merienda, sino que ellos puedan empezar a tener su propio trabajo y vamos a empezar a partir de enero con las capacitaciones de peluquer\u00eda, depilaci\u00f3n, porcelana fr\u00eda; para los chicos va a haber guitarra, huerta, primeros auxilios, entre otras, esto va a ser totalmente gratuitas para las familias que asisten a nuestro merendero\u201d<\/em>.<\/p>\n<p>Los n\u00fameros de contacto para donaci\u00f3n son:<\/p>\n<p>11 6848 5249 (Jesica) o 11 5908 4533 (Jonathan)<\/p>\n<p>Compartimos la entrevista completa<\/p>\n<p><a href=\"https:\/\/archive.org\/details\/audio-semillitas-de-primavera-jonathan-valdez-y-jesica-arias\">Descargar<\/a><\/p>\n<audio class=\"wp-audio-shortcode\" id=\"audio-2731-2\" preload=\"none\" style=\"width: 100%;\" controls=\"controls\"><source type=\"audio\/mpeg\" src=\"https:\/\/archive.org\/download\/audio-semillitas-de-primavera-jonathan-valdez-y-jesica-arias\/AUDIO%20-%20SEMILLITAS%20DE%20PRIMAVERA%20%28JONATHAN%20VALDEZ%20Y%20JESICA%20ARIAS%29%20.mp3?_=2\" \/><a href=\"https:\/\/archive.org\/download\/audio-semillitas-de-primavera-jonathan-valdez-y-jesica-arias\/AUDIO%20-%20SEMILLITAS%20DE%20PRIMAVERA%20%28JONATHAN%20VALDEZ%20Y%20JESICA%20ARIAS%29%20.mp3\">https:\/\/archive.org\/download\/audio-semillitas-de-primavera-jonathan-valdez-y-jesica-arias\/AUDIO%20-%20SEMILLITAS%20DE%20PRIMAVERA%20%28JONATHAN%20VALDEZ%20Y%20JESICA%20ARIAS%29%20.mp3<\/a><\/audio>\n<div class=\"powerpress_player\" id=\"powerpress_player_1962\"><audio class=\"wp-audio-shortcode\" id=\"audio-2731-1\" preload=\"none\" style=\"width: 100%;\" controls=\"controls\"><source type=\"audio\/mpeg\" src=\"https:\/\/archive.org\/download\/audio-semillitas-de-primavera-jonathan-valdez-y-jesica-arias\/AUDIO%20-%20SEMILLITAS%20DE%20PRIMAVERA%20%28JONATHAN%20VALDEZ%20Y%20JESICA%20ARIAS%29%20.mp3?_=1\" \/><a href=\"https:\/\/archive.org\/download\/audio-semillitas-de-primavera-jonathan-valdez-y-jesica-arias\/AUDIO%20-%20SEMILLITAS%20DE%20PRIMAVERA%20%28JONATHAN%20VALDEZ%20Y%20JESICA%20ARIAS%29%20.mp3\">https:\/\/archive.org\/download\/audio-semillitas-de-primavera-jonathan-valdez-y-jesica-arias\/AUDIO%20-%20SEMILLITAS%20DE%20PRIMAVERA%20%28JONATHAN%20VALDEZ%20Y%20JESICA%20ARIAS%29%20.mp3<\/a><\/audio><\/div><p class=\"powerpress_links powerpress_links_mp3\" style=\"margin-bottom: 1px !important;\">Podcast: <a href=\"https:\/\/archive.org\/download\/audio-semillitas-de-primavera-jonathan-valdez-y-jesica-arias\/AUDIO%20-%20SEMILLITAS%20DE%20PRIMAVERA%20%28JONATHAN%20VALDEZ%20Y%20JESICA%20ARIAS%29%20.mp3\" class=\"powerpress_link_pinw\" target=\"_blank\" title=\"Reproducir en una nueva ventana\" onclick=\"return powerpress_pinw('https:\/\/fmtinkunaco.ar\/?powerpress_pinw=2731-podcast');\" rel=\"nofollow\">Reproducir en una nueva ventana<\/a> | <a href=\"https:\/\/archive.org\/download\/audio-semillitas-de-primavera-jonathan-valdez-y-jesica-arias\/AUDIO%20-%20SEMILLITAS%20DE%20PRIMAVERA%20%28JONATHAN%20VALDEZ%20Y%20JESICA%20ARIAS%29%20.mp3\" class=\"powerpress_link_d\" title=\"Descargar\" rel=\"nofollow\" download=\"AUDIO%20-%20SEMILLITAS%20DE%20PRIMAVERA%20%28JONATHAN%20VALDEZ%20Y%20JESICA%20ARIAS%29%20.mp3\">Descargar<\/a><\/p>","protected":false},"excerpt":{"rendered":"<p>El Merendero Semillitas de Primavera, ubicado en barrio Primavera \u2013 Potos\u00ed 5929 &#8211; Jos\u00e9. C. Paz se encuentra pidiendo donaciones para poder mantener el acompa\u00f1amiento alimentario que hoy es respaldado por los y las integrantes del espacio. En di\u00e1logo con el programa radial \u201cEncuentro con las Noticias\u201d, Jonathan Valdez, integrante de Semillitas, se refiri\u00f3 al [&hellip;]<\/p>\n","protected":false},"author":1,"featured_media":2732,"comment_status":"open","ping_status":"open","sticky":false,"template":"","format":"standard","meta":{"footnotes":""},"categories":[9],"tags":[337,452],"class_list":["post-2731","post","type-post","status-publish","format-standard","has-post-thumbnail","hentry","category-sociedad","tag-municipio-de-jose-c-paz","tag-semillitas-de-primavera"],"_links":{"self":[{"href":"https:\/\/fmtinkunaco.ar\/index.php?rest_route=\/wp\/v2\/posts\/2731","targetHints":{"allow":["GET"]}}],"collection":[{"href":"https:\/\/fmtinkunaco.ar\/index.php?rest_route=\/wp\/v2\/posts"}],"about":[{"href":"https:\/\/fmtinkunaco.ar\/index.php?rest_route=\/wp\/v2\/types\/post"}],"author":[{"embeddable":true,"href":"https:\/\/fmtinkunaco.ar\/index.php?rest_route=\/wp\/v2\/users\/1"}],"replies":[{"embeddable":true,"href":"https:\/\/fmtinkunaco.ar\/index.php?rest_route=%2Fwp%2Fv2%2Fcomments&post=2731"}],"version-history":[{"count":0,"href":"https:\/\/fmtinkunaco.ar\/index.php?rest_route=\/wp\/v2\/posts\/2731\/revisions"}],"wp:featuredmedia":[{"embeddable":true,"href":"https:\/\/fmtinkunaco.ar\/index.php?rest_route=\/"}],"wp:attachment":[{"href":"https:\/\/fmtinkunaco.ar\/index.php?rest_route=%2Fwp%2Fv2%2Fmedia&parent=2731"}],"wp:term":[{"taxonomy":"category","embeddable":true,"href":"https:\/\/fmtinkunaco.ar\/index.php?rest_route=%2Fwp%2Fv2%2Fcategories&post=2731"},{"taxonomy":"post_tag","embeddable":true,"href":"https:\/\/fmtinkunaco.ar\/index.php?rest_route=%2Fwp%2Fv2%2Ftags&post=2731"}],"curies":[{"name":"wp","href":"https:\/\/api.w.org\/{rel}","templated":true}]}}