{"id":2736,"date":"2020-12-21T11:10:21","date_gmt":"2020-12-21T14:10:21","guid":{"rendered":"http:\/\/fmtinkunaco.com.ar\/?p=2736"},"modified":"2020-12-21T11:10:21","modified_gmt":"2020-12-21T14:10:21","slug":"el-mtd-oscar-barrios-realiza-un-balance-de-ano-y-se-organiza-para-el-2021","status":"publish","type":"post","link":"https:\/\/fmtinkunaco.ar\/?p=2736","title":{"rendered":"El MTD Oscar Barrios realiza un balance de a\u00f1o y se organiza para el 2021"},"content":{"rendered":"<p>A comienzo de mes, el Frente de Organizaciones en Lucha, MTD An\u00edbal Ver\u00f3n, Movimiento Resistencia Popular, y FOB La Libertaria, movilizando por el centro de Caba, reclamaron canastas navide\u00f1as para pasar unas fiestas dignas.<\/p>\n<p>Actualmente, se encuentran con el mismo reclamo y se organizan para mantener comedores y merenderos durante el verano.<\/p>\n<p>En di\u00e1logo con el programa radial \u201cEncuentro con las Noticias\u201d, Anal\u00eda Sosa, integrante del MTD Oscar Barrios en la FOB La Libertaria, realiz\u00f3 un balance del trabajo de este a\u00f1o <em>\u201cfue un a\u00f1o muy complicado, creo que para todos, y particularmente para nosotros porque la demanda fue mucho m\u00e1s alta que en otros a\u00f1os y empezamos a ver que los recursos que ten\u00edamos eran muy pocos para poder abarcar tanta cantidad de cosas que tenemos que hacer, m\u00e1s en tema comida y en tema chicos y merenderos tambi\u00e9n, entonces empezamos a organizar con otros movimientos que ya venimos articulando y hacer algo m\u00e1s grande, de poder ganar un poco m\u00e1s de recursos para, no s\u00e9 si mantener una mesa navide\u00f1a pero por lo menos poder tener algunos elementos b\u00e1sicos para los compa\u00f1eros y poder hacer un cierre de a\u00f1o un poco m\u00e1s digno\u201d<\/em>.<\/p>\n<p>Hace unos d\u00edas, el MTD se manifest\u00f3 en Capital Federal exigiendo alimentos y canastas navide\u00f1as de cara a las fiestas.<\/p>\n<p>En esta l\u00ednea, Sosa, remarc\u00f3 a exigencias particulares de cara a las fiestas, <em>\u201cUn apoyo navide\u00f1o nos viene mandando provincia y naci\u00f3n pero son muy pocos productos, es muy poca cantidad para la cantidad que somos y poder sostenerlo. Por eso tuvimos que salir este a\u00f1o con mucha m\u00e1s necesidad y muchas m\u00e1s ganas de poder repartir algo porque realmente lo que manda naci\u00f3n y provincia es muy poco, no alcanza. Son muy pocos productos y a la hora de repartir somos muchos y encima dentro de eso tambi\u00e9n utilizamos cosas para los merenderos\u201d<\/em>.<\/p>\n<p>Finalmente, Analia Sosa, se refiri\u00f3 al anuncio del Presidente sobre el bono de $5 mil pesos para educadores y trabajadores de la econom\u00eda popular, <em>\u201cLo que tenemos entendido es que a los compa\u00f1eros que cobran $9.450 pesos, les corresponder\u00eda el bono, pero nosotros siempre tratamos de tomar con pinzas todas esas cosas porque muchas veces se han dicho tantas cosas y despu\u00e9s al momento del acto, no los recibimos, nos han jodido tantas veces que entonces hasta que no llegue le momento de cobrarlo\u201d<\/em>.<\/p>\n<p>Los comedores y merenderos en los que trabaja el MTD Oscar Barrios se mantendr\u00e1n abiertos durante el verano para acompa\u00f1ar a las familias.<\/p>\n<p>Compartimos la entrevista completa<\/p>\n<p><a href=\"https:\/\/archive.org\/details\/audio-analia-sosa-mtd-21-12-2020\">Descargar<\/a><\/p>\n<audio class=\"wp-audio-shortcode\" id=\"audio-2736-2\" preload=\"none\" style=\"width: 100%;\" controls=\"controls\"><source type=\"audio\/mpeg\" src=\"https:\/\/archive.org\/download\/audio-analia-sosa-mtd-21-12-2020\/AUDIO%20-%20ANALIA%20SOSA%20%28MTD%29%2021%2012%202020.mp3?_=2\" \/><a href=\"https:\/\/archive.org\/download\/audio-analia-sosa-mtd-21-12-2020\/AUDIO%20-%20ANALIA%20SOSA%20%28MTD%29%2021%2012%202020.mp3\">https:\/\/archive.org\/download\/audio-analia-sosa-mtd-21-12-2020\/AUDIO%20-%20ANALIA%20SOSA%20%28MTD%29%2021%2012%202020.mp3<\/a><\/audio>\n<div class=\"powerpress_player\" id=\"powerpress_player_7608\"><audio class=\"wp-audio-shortcode\" id=\"audio-2736-1\" preload=\"none\" style=\"width: 100%;\" controls=\"controls\"><source type=\"audio\/mpeg\" src=\"https:\/\/archive.org\/download\/audio-analia-sosa-mtd-21-12-2020\/AUDIO%20-%20ANALIA%20SOSA%20%28MTD%29%2021%2012%202020.mp3?_=1\" \/><a href=\"https:\/\/archive.org\/download\/audio-analia-sosa-mtd-21-12-2020\/AUDIO%20-%20ANALIA%20SOSA%20%28MTD%29%2021%2012%202020.mp3\">https:\/\/archive.org\/download\/audio-analia-sosa-mtd-21-12-2020\/AUDIO%20-%20ANALIA%20SOSA%20%28MTD%29%2021%2012%202020.mp3<\/a><\/audio><\/div><p class=\"powerpress_links powerpress_links_mp3\" style=\"margin-bottom: 1px !important;\">Podcast: <a href=\"https:\/\/archive.org\/download\/audio-analia-sosa-mtd-21-12-2020\/AUDIO%20-%20ANALIA%20SOSA%20%28MTD%29%2021%2012%202020.mp3\" class=\"powerpress_link_pinw\" target=\"_blank\" title=\"Reproducir en una nueva ventana\" onclick=\"return powerpress_pinw('https:\/\/fmtinkunaco.ar\/?powerpress_pinw=2736-podcast');\" rel=\"nofollow\">Reproducir en una nueva ventana<\/a> | <a href=\"https:\/\/archive.org\/download\/audio-analia-sosa-mtd-21-12-2020\/AUDIO%20-%20ANALIA%20SOSA%20%28MTD%29%2021%2012%202020.mp3\" class=\"powerpress_link_d\" title=\"Descargar\" rel=\"nofollow\" download=\"AUDIO%20-%20ANALIA%20SOSA%20%28MTD%29%2021%2012%202020.mp3\">Descargar<\/a><\/p>","protected":false},"excerpt":{"rendered":"<p>A comienzo de mes, el Frente de Organizaciones en Lucha, MTD An\u00edbal Ver\u00f3n, Movimiento Resistencia Popular, y FOB La Libertaria, movilizando por el centro de Caba, reclamaron canastas navide\u00f1as para pasar unas fiestas dignas. Actualmente, se encuentran con el mismo reclamo y se organizan para mantener comedores y merenderos durante el verano. En di\u00e1logo con [&hellip;]<\/p>\n","protected":false},"author":1,"featured_media":2737,"comment_status":"open","ping_status":"open","sticky":false,"template":"","format":"standard","meta":{"footnotes":""},"categories":[4],"tags":[331],"class_list":["post-2736","post","type-post","status-publish","format-standard","has-post-thumbnail","hentry","category-derechos-humanos","tag-mtd-oscar-barrios"],"_links":{"self":[{"href":"https:\/\/fmtinkunaco.ar\/index.php?rest_route=\/wp\/v2\/posts\/2736","targetHints":{"allow":["GET"]}}],"collection":[{"href":"https:\/\/fmtinkunaco.ar\/index.php?rest_route=\/wp\/v2\/posts"}],"about":[{"href":"https:\/\/fmtinkunaco.ar\/index.php?rest_route=\/wp\/v2\/types\/post"}],"author":[{"embeddable":true,"href":"https:\/\/fmtinkunaco.ar\/index.php?rest_route=\/wp\/v2\/users\/1"}],"replies":[{"embeddable":true,"href":"https:\/\/fmtinkunaco.ar\/index.php?rest_route=%2Fwp%2Fv2%2Fcomments&post=2736"}],"version-history":[{"count":0,"href":"https:\/\/fmtinkunaco.ar\/index.php?rest_route=\/wp\/v2\/posts\/2736\/revisions"}],"wp:featuredmedia":[{"embeddable":true,"href":"https:\/\/fmtinkunaco.ar\/index.php?rest_route=\/"}],"wp:attachment":[{"href":"https:\/\/fmtinkunaco.ar\/index.php?rest_route=%2Fwp%2Fv2%2Fmedia&parent=2736"}],"wp:term":[{"taxonomy":"category","embeddable":true,"href":"https:\/\/fmtinkunaco.ar\/index.php?rest_route=%2Fwp%2Fv2%2Fcategories&post=2736"},{"taxonomy":"post_tag","embeddable":true,"href":"https:\/\/fmtinkunaco.ar\/index.php?rest_route=%2Fwp%2Fv2%2Ftags&post=2736"}],"curies":[{"name":"wp","href":"https:\/\/api.w.org\/{rel}","templated":true}]}}