{"id":2739,"date":"2020-12-22T10:34:43","date_gmt":"2020-12-22T13:34:43","guid":{"rendered":"http:\/\/fmtinkunaco.com.ar\/?p=2739"},"modified":"2020-12-22T10:34:43","modified_gmt":"2020-12-22T13:34:43","slug":"consejo-de-organizaciones-de-cuartel-v-el-trabajo-se-intensifico","status":"publish","type":"post","link":"https:\/\/fmtinkunaco.ar\/?p=2739","title":{"rendered":"Consejo de Organizaciones de Cuartel V: \u201cEl trabajo se intensific\u00f3\u201d"},"content":{"rendered":"<p>De cara a fin de a\u00f1o, y con un 2020 de trabajo distinto y con obst\u00e1culos nuevos, el Consejo de Organizaciones de Cuartel V, realiz\u00f3 una breve descripci\u00f3n de cu\u00e1l es el momento en el que se encuentran.<\/p>\n<p>En di\u00e1logo con el programa radial \u201cEncuentro con las Noticias\u201d, Silvia Ebis, referente del Consejo de Organizaciones de Cuartel V (Moreno), se refiri\u00f3 al trabajo actual en contexto de pandemia, <em>\u201cEstamos como todos, tratando de llegar a fin de a\u00f1o, la situaci\u00f3n no est\u00e1 bien para nadie todav\u00eda, falta mucho camino; la reactivaci\u00f3n del trabajo cedi\u00f3 un poquito pero bueno. (\u2026) Nosotros semanalmente nos juntamos para trabajar y compartir c\u00f3mo estamos y vero como van fluyendo las intervenciones que tenemos.<\/em><br \/>\n<em> El trabajo no disminuy\u00f3, al contrario, se intensific\u00f3 y la verdad que pudimos por suerte seguir trabajando juntos a trav\u00e9s de la virtualidad\u201d<\/em>.<\/p>\n<p>Ebis, adem\u00e1s, describi\u00f3 cu\u00e1l es la relaci\u00f3n que desde el Consejo tienen con las autoridades del Ejecutivo municipal, <em>\u201cNosotros intentamos no solamente con esta gesti\u00f3n sino con todas, tejer una relaci\u00f3n porque la verdad que la intencionalidad del Consejo siempre es incidir en la pol\u00edtica p\u00fablica para la localidad y a nosotros nos parece que el funcionario, este quien este, tiene que escuchar y trabajar con las organizaciones de la comunidad; as\u00ed que intentamos siempre que la relaci\u00f3n con la gesti\u00f3n sea la mejor posible. Con Mariel es una buena relaci\u00f3n y si tenemos que discutir algunos temas seguramente, algunos temas en los que por ah\u00ed no acordamos lo suficiente pero es buena la relaci\u00f3n, no tenemos ning\u00fan tipo de conflicto\u201d<\/em>.<\/p>\n<p>Compartimos la entrevista completa<\/p>\n<p><a href=\"https:\/\/archive.org\/details\/audio-silvia-ebis-22-12-2020\">Descargar<\/a><\/p>\n<audio class=\"wp-audio-shortcode\" id=\"audio-2739-2\" preload=\"none\" style=\"width: 100%;\" controls=\"controls\"><source type=\"audio\/mpeg\" src=\"https:\/\/archive.org\/download\/audio-silvia-ebis-22-12-2020\/AUDIO%20-%20SILVIA%20EBIS%2022%2012%202020.mp3?_=2\" \/><a href=\"https:\/\/archive.org\/download\/audio-silvia-ebis-22-12-2020\/AUDIO%20-%20SILVIA%20EBIS%2022%2012%202020.mp3\">https:\/\/archive.org\/download\/audio-silvia-ebis-22-12-2020\/AUDIO%20-%20SILVIA%20EBIS%2022%2012%202020.mp3<\/a><\/audio>\n<div class=\"powerpress_player\" id=\"powerpress_player_4120\"><audio class=\"wp-audio-shortcode\" id=\"audio-2739-1\" preload=\"none\" style=\"width: 100%;\" controls=\"controls\"><source type=\"audio\/mpeg\" src=\"https:\/\/archive.org\/download\/audio-silvia-ebis-22-12-2020\/AUDIO%20-%20SILVIA%20EBIS%2022%2012%202020.mp3?_=1\" \/><a href=\"https:\/\/archive.org\/download\/audio-silvia-ebis-22-12-2020\/AUDIO%20-%20SILVIA%20EBIS%2022%2012%202020.mp3\">https:\/\/archive.org\/download\/audio-silvia-ebis-22-12-2020\/AUDIO%20-%20SILVIA%20EBIS%2022%2012%202020.mp3<\/a><\/audio><\/div><p class=\"powerpress_links powerpress_links_mp3\" style=\"margin-bottom: 1px !important;\">Podcast: <a href=\"https:\/\/archive.org\/download\/audio-silvia-ebis-22-12-2020\/AUDIO%20-%20SILVIA%20EBIS%2022%2012%202020.mp3\" class=\"powerpress_link_pinw\" target=\"_blank\" title=\"Reproducir en una nueva ventana\" onclick=\"return powerpress_pinw('https:\/\/fmtinkunaco.ar\/?powerpress_pinw=2739-podcast');\" rel=\"nofollow\">Reproducir en una nueva ventana<\/a> | <a href=\"https:\/\/archive.org\/download\/audio-silvia-ebis-22-12-2020\/AUDIO%20-%20SILVIA%20EBIS%2022%2012%202020.mp3\" class=\"powerpress_link_d\" title=\"Descargar\" rel=\"nofollow\" download=\"AUDIO%20-%20SILVIA%20EBIS%2022%2012%202020.mp3\">Descargar<\/a><\/p>","protected":false},"excerpt":{"rendered":"<p>De cara a fin de a\u00f1o, y con un 2020 de trabajo distinto y con obst\u00e1culos nuevos, el Consejo de Organizaciones de Cuartel V, realiz\u00f3 una breve descripci\u00f3n de cu\u00e1l es el momento en el que se encuentran. En di\u00e1logo con el programa radial \u201cEncuentro con las Noticias\u201d, Silvia Ebis, referente del Consejo de Organizaciones [&hellip;]<\/p>\n","protected":false},"author":1,"featured_media":2249,"comment_status":"open","ping_status":"open","sticky":false,"template":"","format":"standard","meta":{"footnotes":""},"categories":[4,9],"tags":[339],"class_list":["post-2739","post","type-post","status-publish","format-standard","has-post-thumbnail","hentry","category-derechos-humanos","category-sociedad","tag-municipio-de-moreno"],"_links":{"self":[{"href":"https:\/\/fmtinkunaco.ar\/index.php?rest_route=\/wp\/v2\/posts\/2739","targetHints":{"allow":["GET"]}}],"collection":[{"href":"https:\/\/fmtinkunaco.ar\/index.php?rest_route=\/wp\/v2\/posts"}],"about":[{"href":"https:\/\/fmtinkunaco.ar\/index.php?rest_route=\/wp\/v2\/types\/post"}],"author":[{"embeddable":true,"href":"https:\/\/fmtinkunaco.ar\/index.php?rest_route=\/wp\/v2\/users\/1"}],"replies":[{"embeddable":true,"href":"https:\/\/fmtinkunaco.ar\/index.php?rest_route=%2Fwp%2Fv2%2Fcomments&post=2739"}],"version-history":[{"count":0,"href":"https:\/\/fmtinkunaco.ar\/index.php?rest_route=\/wp\/v2\/posts\/2739\/revisions"}],"wp:featuredmedia":[{"embeddable":true,"href":"https:\/\/fmtinkunaco.ar\/index.php?rest_route=\/"}],"wp:attachment":[{"href":"https:\/\/fmtinkunaco.ar\/index.php?rest_route=%2Fwp%2Fv2%2Fmedia&parent=2739"}],"wp:term":[{"taxonomy":"category","embeddable":true,"href":"https:\/\/fmtinkunaco.ar\/index.php?rest_route=%2Fwp%2Fv2%2Fcategories&post=2739"},{"taxonomy":"post_tag","embeddable":true,"href":"https:\/\/fmtinkunaco.ar\/index.php?rest_route=%2Fwp%2Fv2%2Ftags&post=2739"}],"curies":[{"name":"wp","href":"https:\/\/api.w.org\/{rel}","templated":true}]}}