{"id":2742,"date":"2020-12-22T11:07:19","date_gmt":"2020-12-22T14:07:19","guid":{"rendered":"http:\/\/fmtinkunaco.com.ar\/?p=2742"},"modified":"2020-12-22T11:07:19","modified_gmt":"2020-12-22T14:07:19","slug":"tgd-padres-tea-moreno-impulsaron-la-cabina-sensorial-en-el-marco-de-la-campana-mas-luces-menos-ruidos","status":"publish","type":"post","link":"https:\/\/fmtinkunaco.ar\/?p=2742","title":{"rendered":"\u00a0TGD Padres TEA Cuartel V impulsaron la cabina sensorial en el marco de la campa\u00f1a \u201cM\u00e1s luces, menos ruidos\u201d"},"content":{"rendered":"<p>En el marco de la campa\u00f1a <strong>\u201cM\u00e1s luces, menos ruidos\u201d<\/strong>, TGD Padres TEA\u00a0Cuartel V\u00a0lleva adelante la iniciativa de la cabina sensorial que tiene como objetivo que las personas se trasladen en tiempo real a lo que vive y sienten las ni\u00f1eces con autismo cuando sufren una crisis.<\/p>\n<p>En di\u00e1logo con el programa radial \u201cEncuentro con las Noticias\u201d, Ana, integrante de la Agrupaci\u00f3n TGD Padres TEA\u00a0Cuartel V, se refiri\u00f3 al surgimiento de la agrupaci\u00f3n, <em>\u201cSurge a partir de una necesidad, nosotros al recibir diagnostico como padres est\u00e1bamos en la nada misma, en todos los sentidos; en el \u00e1rea de salud no ten\u00edamos centro de contenci\u00f3n, de informaci\u00f3n, recreativo, no hab\u00eda nada en Cuartel V. <\/em><br \/>\n<em> En la sala de espera me cruzo con otra mama y as\u00ed nos fuimos armando como agrupaci\u00f3n, formamos parte de la agrupaci\u00f3n de Moreno Centro bastantes a\u00f1os hasta que decidimos descentralizar y comenzar el trabajo en Cuartel V\u201d<\/em>.<\/p>\n<p>El espacio funciona en Casa Joven, barrio Anderson de Moreno, y all\u00ed se desarrollan los diferentes talleres y el acompa\u00f1amiento a las familias que lo necesiten, as\u00ed lo explic\u00f3 Ana, <em>\u201cLos talleres se brindan desde Casa Joven en diferentes horarios y son maso menos 40 familias los que asisten a los talleres; no solamente a los talleres con TEA; en el espacio nos encontramos con un mont\u00f3n de diferentes discapacidades que tampoco ten\u00edan lugar de contenci\u00f3n\u201d<\/em>.<\/p>\n<p>Ana, adem\u00e1s, se refiri\u00f3 a la campa\u00f1a \u201cM\u00e1s luces, menos ruidos\u201d, <em>\u201cEstamos trabajando con la cabina sensorial, haciendo campa\u00f1as de pirotecnia cero, nuestra campa\u00f1a se llama m\u00e1s luces, menos ruidos. Desde nuestro facebook, pueden seguir el recorrido de la cabina y pueden acercarse a vivir esta experiencia que esta buen\u00edsima y concientizar sobre el da\u00f1o que genera la pirotecnia. (\u2026) El objetivo de la cabina es que te traslada en tiempo real lo que vive y siente una persona con autismo; la cabina sensorial te lleva como a un quiebre porque estas sintiendo vos en ese momento lo que le pasa a una persona con autismo cuando entra en crisis\u201d<\/em>.<\/p>\n<p>Casa joven, donde funciona la agrupaci\u00f3n se encuentra ubicada en Barrio Anderson, Discepolo y El Teatro.<\/p>\n<p>Compartimos entrevista completa<\/p>\n<p><a href=\"https:\/\/archive.org\/details\/audio-ana-tea-moreno\">Descargar<\/a><\/p>\n<audio class=\"wp-audio-shortcode\" id=\"audio-2742-2\" preload=\"none\" style=\"width: 100%;\" controls=\"controls\"><source type=\"audio\/mpeg\" src=\"https:\/\/archive.org\/download\/audio-ana-tea-moreno\/AUDIO%20-%20ANA%20%28TEA%20MORENO%29.mp3?_=2\" \/><a href=\"https:\/\/archive.org\/download\/audio-ana-tea-moreno\/AUDIO%20-%20ANA%20%28TEA%20MORENO%29.mp3\">https:\/\/archive.org\/download\/audio-ana-tea-moreno\/AUDIO%20-%20ANA%20%28TEA%20MORENO%29.mp3<\/a><\/audio>\n<div class=\"powerpress_player\" id=\"powerpress_player_2041\"><audio class=\"wp-audio-shortcode\" id=\"audio-2742-1\" preload=\"none\" style=\"width: 100%;\" controls=\"controls\"><source type=\"audio\/mpeg\" src=\"https:\/\/archive.org\/download\/audio-ana-tea-moreno\/AUDIO%20-%20ANA%20%28TEA%20MORENO%29.mp3?_=1\" \/><a href=\"https:\/\/archive.org\/download\/audio-ana-tea-moreno\/AUDIO%20-%20ANA%20%28TEA%20MORENO%29.mp3\">https:\/\/archive.org\/download\/audio-ana-tea-moreno\/AUDIO%20-%20ANA%20%28TEA%20MORENO%29.mp3<\/a><\/audio><\/div><p class=\"powerpress_links powerpress_links_mp3\" style=\"margin-bottom: 1px !important;\">Podcast: <a href=\"https:\/\/archive.org\/download\/audio-ana-tea-moreno\/AUDIO%20-%20ANA%20%28TEA%20MORENO%29.mp3\" class=\"powerpress_link_pinw\" target=\"_blank\" title=\"Reproducir en una nueva ventana\" onclick=\"return powerpress_pinw('https:\/\/fmtinkunaco.ar\/?powerpress_pinw=2742-podcast');\" rel=\"nofollow\">Reproducir en una nueva ventana<\/a> | <a href=\"https:\/\/archive.org\/download\/audio-ana-tea-moreno\/AUDIO%20-%20ANA%20%28TEA%20MORENO%29.mp3\" class=\"powerpress_link_d\" title=\"Descargar\" rel=\"nofollow\" download=\"AUDIO%20-%20ANA%20%28TEA%20MORENO%29.mp3\">Descargar<\/a><\/p>","protected":false},"excerpt":{"rendered":"<p>En el marco de la campa\u00f1a \u201cM\u00e1s luces, menos ruidos\u201d, TGD Padres TEA\u00a0Cuartel V\u00a0lleva adelante la iniciativa de la cabina sensorial que tiene como objetivo que las personas se trasladen en tiempo real a lo que vive y sienten las ni\u00f1eces con autismo cuando sufren una crisis. En di\u00e1logo con el programa radial \u201cEncuentro con [&hellip;]<\/p>\n","protected":false},"author":1,"featured_media":2746,"comment_status":"open","ping_status":"open","sticky":false,"template":"","format":"standard","meta":{"footnotes":""},"categories":[4,9],"tags":[339,475],"class_list":["post-2742","post","type-post","status-publish","format-standard","has-post-thumbnail","hentry","category-derechos-humanos","category-sociedad","tag-municipio-de-moreno","tag-tgd-padres-tea-moreno"],"_links":{"self":[{"href":"https:\/\/fmtinkunaco.ar\/index.php?rest_route=\/wp\/v2\/posts\/2742","targetHints":{"allow":["GET"]}}],"collection":[{"href":"https:\/\/fmtinkunaco.ar\/index.php?rest_route=\/wp\/v2\/posts"}],"about":[{"href":"https:\/\/fmtinkunaco.ar\/index.php?rest_route=\/wp\/v2\/types\/post"}],"author":[{"embeddable":true,"href":"https:\/\/fmtinkunaco.ar\/index.php?rest_route=\/wp\/v2\/users\/1"}],"replies":[{"embeddable":true,"href":"https:\/\/fmtinkunaco.ar\/index.php?rest_route=%2Fwp%2Fv2%2Fcomments&post=2742"}],"version-history":[{"count":0,"href":"https:\/\/fmtinkunaco.ar\/index.php?rest_route=\/wp\/v2\/posts\/2742\/revisions"}],"wp:featuredmedia":[{"embeddable":true,"href":"https:\/\/fmtinkunaco.ar\/index.php?rest_route=\/"}],"wp:attachment":[{"href":"https:\/\/fmtinkunaco.ar\/index.php?rest_route=%2Fwp%2Fv2%2Fmedia&parent=2742"}],"wp:term":[{"taxonomy":"category","embeddable":true,"href":"https:\/\/fmtinkunaco.ar\/index.php?rest_route=%2Fwp%2Fv2%2Fcategories&post=2742"},{"taxonomy":"post_tag","embeddable":true,"href":"https:\/\/fmtinkunaco.ar\/index.php?rest_route=%2Fwp%2Fv2%2Ftags&post=2742"}],"curies":[{"name":"wp","href":"https:\/\/api.w.org\/{rel}","templated":true}]}}