{"id":2749,"date":"2020-12-23T10:59:36","date_gmt":"2020-12-23T13:59:36","guid":{"rendered":"http:\/\/fmtinkunaco.com.ar\/?p=2749"},"modified":"2020-12-23T10:59:36","modified_gmt":"2020-12-23T13:59:36","slug":"la-orquesta-sinfonica-municipal-de-pilar-en-emergencia","status":"publish","type":"post","link":"https:\/\/fmtinkunaco.ar\/?p=2749","title":{"rendered":"La Orquesta sinf\u00f3nica municipal de Pilar en emergencia"},"content":{"rendered":"<p>La Orquesta sinf\u00f3nica municipal de Pilar se encuentra en estado de emergencia, los trabajadores y trabajadoras vienen atravesando un momento muy dif\u00edcil ya que ven peligrar su continuidad y el trabajo de 36 m\u00fasicos y m\u00fasicas.<\/p>\n<p>Esta situaci\u00f3n, luego de que los mismos pidan un dialogo con las autoridades municipales para rever sus condiciones laborales.<\/p>\n<p>En di\u00e1logo con el programa radial \u201cEncuentro con las Noticias\u201d, Leo Heras, integrante de la Orquesta Municipal de Pilar, se refiri\u00f3 al conflicto, <em>\u201cNosotros estamos en esta situaci\u00f3n que genera bastante angustia desde hace varios meses ya, sintiendo que cuesta mucho entender realmente qu\u00e9 es lo quieren hacer con la orquesta; m\u00e1s all\u00e1 de la situaci\u00f3n salarial tambi\u00e9n hubo toda una actitud de falta de apoyo a nuestras actividades en cuarentena que fueron muchas y muy activas. Y que la verdad fue una gesti\u00f3n personal de la orquesta porque no hab\u00eda muchos proyectos de parte de las autoridades con respecto al organismo. Pero pasado eso nos encontramos con los rumores en los pasillos de que las becas se acababan, despu\u00e9s nos enteramos por Recursos Humanos que no se acababa pero hay una indefinici\u00f3n concreta\u201d<\/em>.<\/p>\n<p>En este marco, la orquesta decidi\u00f3 manifestarse de manera pasiva mediante un concierto frente a la municipalidad de Pilar y terminada la jornada, se encontraron con la sorpresa en las redes oficiales de la secretaria de cultura con una convocatoria para conformar una nueva orquesta.<\/p>\n<p>Heras, remarc\u00f3, <em>\u201cNos enteramos por facebook de esta convocar\u00eda, adem\u00e1s es una convocatoria que no tiene seriedad en todo caso porque la Directora no est\u00e1 al tanto, nunca le preguntaron que puestos hac\u00edan falta para ampliar la orquesta y entonces la suposici\u00f3n es que no solamente es ampliar la orquesta, sino que es suplantarnos con el argumento de que los recursos de Pilar deber\u00edan quedar en Pilar. Cosa que esta b\u00e1rbaro pero no exclusivamente, se est\u00e1 haciendo una discriminaci\u00f3n. (\u2026) Es una cosa muy poco seria, no se puso fecha, no se dijo obras, o sea cuando se hace una convocatoria para un concurso de una orquesta se pone fecha, se ponen las obras obligatorias, se dice cual va a ser el r\u00e9gimen del concurso. Realmente en ese punto uno siente que no est\u00e1n a la altura de poder tener la idea de c\u00f3mo se lleva adelante una orquesta sinf\u00f3nica, pero buen, pongamosle que todos podemos estar aprendiendo en la vida y est\u00e1 todo bien pero el hecho de que no haya sido consensuado con la Direcci\u00f3n de la Orquesta sobretodo habla ya como bueno, estamos haciendo otra cosa y esto genero mucha alarma y mucha sensaci\u00f3n de que nuestra continuidad estar\u00eda en riesgo\u201d<\/em>.<\/p>\n<p>Frente a esto, los m\u00fasicos y m\u00fasicas comenzaron una juntada de firmas para apoyar a la orquesta, podes firmar ingresando <a href=\"https:\/\/docs.google.com\/forms\/d\/e\/1FAIpQLScB7kaQmRausGmkgvRzoC5Kb-XNAeoNgMuXoMbA_iAdkEXPcg\/viewform\">aqu\u00ed<\/a>.<\/p>\n<p>Compartimos la entrevista completa<\/p>\n<p><a href=\"https:\/\/archive.org\/details\/audio-leo-heras-23-12-2020\">Descargar<\/a><\/p>\n<audio class=\"wp-audio-shortcode\" id=\"audio-2749-2\" preload=\"none\" style=\"width: 100%;\" controls=\"controls\"><source type=\"audio\/mpeg\" src=\"https:\/\/archive.org\/download\/audio-leo-heras-23-12-2020\/AUDIO%20-%20LEO%20HERAS%2023%2012%202020.mp3?_=2\" \/><a href=\"https:\/\/archive.org\/download\/audio-leo-heras-23-12-2020\/AUDIO%20-%20LEO%20HERAS%2023%2012%202020.mp3\">https:\/\/archive.org\/download\/audio-leo-heras-23-12-2020\/AUDIO%20-%20LEO%20HERAS%2023%2012%202020.mp3<\/a><\/audio>\n<div class=\"powerpress_player\" id=\"powerpress_player_313\"><audio class=\"wp-audio-shortcode\" id=\"audio-2749-1\" preload=\"none\" style=\"width: 100%;\" controls=\"controls\"><source type=\"audio\/mpeg\" src=\"https:\/\/archive.org\/download\/audio-leo-heras-23-12-2020\/AUDIO%20-%20LEO%20HERAS%2023%2012%202020.mp3?_=1\" \/><a href=\"https:\/\/archive.org\/download\/audio-leo-heras-23-12-2020\/AUDIO%20-%20LEO%20HERAS%2023%2012%202020.mp3\">https:\/\/archive.org\/download\/audio-leo-heras-23-12-2020\/AUDIO%20-%20LEO%20HERAS%2023%2012%202020.mp3<\/a><\/audio><\/div><p class=\"powerpress_links powerpress_links_mp3\" style=\"margin-bottom: 1px !important;\">Podcast: <a href=\"https:\/\/archive.org\/download\/audio-leo-heras-23-12-2020\/AUDIO%20-%20LEO%20HERAS%2023%2012%202020.mp3\" class=\"powerpress_link_pinw\" target=\"_blank\" title=\"Reproducir en una nueva ventana\" onclick=\"return powerpress_pinw('https:\/\/fmtinkunaco.ar\/?powerpress_pinw=2749-podcast');\" rel=\"nofollow\">Reproducir en una nueva ventana<\/a> | <a href=\"https:\/\/archive.org\/download\/audio-leo-heras-23-12-2020\/AUDIO%20-%20LEO%20HERAS%2023%2012%202020.mp3\" class=\"powerpress_link_d\" title=\"Descargar\" rel=\"nofollow\" download=\"AUDIO%20-%20LEO%20HERAS%2023%2012%202020.mp3\">Descargar<\/a><\/p>","protected":false},"excerpt":{"rendered":"<p>La Orquesta sinf\u00f3nica municipal de Pilar se encuentra en estado de emergencia, los trabajadores y trabajadoras vienen atravesando un momento muy dif\u00edcil ya que ven peligrar su continuidad y el trabajo de 36 m\u00fasicos y m\u00fasicas. Esta situaci\u00f3n, luego de que los mismos pidan un dialogo con las autoridades municipales para rever sus condiciones laborales. [&hellip;]<\/p>\n","protected":false},"author":1,"featured_media":2750,"comment_status":"open","ping_status":"open","sticky":false,"template":"","format":"standard","meta":{"footnotes":""},"categories":[3],"tags":[367],"class_list":["post-2749","post","type-post","status-publish","format-standard","has-post-thumbnail","hentry","category-cultura","tag-orquesta-municipal-de-pilar"],"_links":{"self":[{"href":"https:\/\/fmtinkunaco.ar\/index.php?rest_route=\/wp\/v2\/posts\/2749","targetHints":{"allow":["GET"]}}],"collection":[{"href":"https:\/\/fmtinkunaco.ar\/index.php?rest_route=\/wp\/v2\/posts"}],"about":[{"href":"https:\/\/fmtinkunaco.ar\/index.php?rest_route=\/wp\/v2\/types\/post"}],"author":[{"embeddable":true,"href":"https:\/\/fmtinkunaco.ar\/index.php?rest_route=\/wp\/v2\/users\/1"}],"replies":[{"embeddable":true,"href":"https:\/\/fmtinkunaco.ar\/index.php?rest_route=%2Fwp%2Fv2%2Fcomments&post=2749"}],"version-history":[{"count":0,"href":"https:\/\/fmtinkunaco.ar\/index.php?rest_route=\/wp\/v2\/posts\/2749\/revisions"}],"wp:featuredmedia":[{"embeddable":true,"href":"https:\/\/fmtinkunaco.ar\/index.php?rest_route=\/"}],"wp:attachment":[{"href":"https:\/\/fmtinkunaco.ar\/index.php?rest_route=%2Fwp%2Fv2%2Fmedia&parent=2749"}],"wp:term":[{"taxonomy":"category","embeddable":true,"href":"https:\/\/fmtinkunaco.ar\/index.php?rest_route=%2Fwp%2Fv2%2Fcategories&post=2749"},{"taxonomy":"post_tag","embeddable":true,"href":"https:\/\/fmtinkunaco.ar\/index.php?rest_route=%2Fwp%2Fv2%2Ftags&post=2749"}],"curies":[{"name":"wp","href":"https:\/\/api.w.org\/{rel}","templated":true}]}}