{"id":2753,"date":"2020-12-24T10:57:29","date_gmt":"2020-12-24T13:57:29","guid":{"rendered":"http:\/\/fmtinkunaco.com.ar\/?p=2753"},"modified":"2020-12-24T10:57:29","modified_gmt":"2020-12-24T13:57:29","slug":"cicop-preocupacion-por-la-situacion-epidemiologica","status":"publish","type":"post","link":"https:\/\/fmtinkunaco.ar\/?p=2753","title":{"rendered":"CICOP: Preocupaci\u00f3n por la situaci\u00f3n epidemiol\u00f3gica"},"content":{"rendered":"<p>Desde CICOP, la Asociaci\u00f3n Sindical de Profesionales de la Salud de la Provincia de Buenos Aires se encuentran expresando su preocupaci\u00f3n por los nuevos n\u00fameros altos en los casos de COVID 19 y expresan su malestar por la falta de medidas que favorezcan al personal de salud, incluida la lucha por las paritarias.<\/p>\n<p>En di\u00e1logo con el programa radial \u201cEncuentro con las Noticias\u201d, Marta Marquez, Titular de la Asociaci\u00f3n Sindical de Profesionales de la Salud de la Provincia de Buenos Aires (CICOP), manifest\u00f3 su preocupaci\u00f3n por la situaci\u00f3n epidemiol\u00f3gica, <em>\u201cLlegamos a fin de a\u00f1o con mucha preocupaci\u00f3n, primero porque la situaci\u00f3n epidemiol\u00f3gica est\u00e1 bastante complicada para nuestra mirada porque empez\u00f3 a crecer el n\u00famero de contagios y lo observamos en nuestros hospitales, ha aumentado en los \u00faltimos d\u00edas los pacientes que vienen a hisoparse, la cantidad de casos que llevan reportando a diario. As\u00ed que sin haber salido completamente de la primera ola o la primera parte, pareciera que estamos entrando en una segunda o en la continuidad de la primera\u201d<\/em>.<\/p>\n<p>M\u00e1rquez, adem\u00e1s, remarc\u00f3 que lo esencial de su trabajo no se refleja en las paritarias, <em>\u201cNos consideraron esenciales a la hora de brindar lo mejor que sabemos, esenciales de tal manera que desde marzo de este a\u00f1o y hasta marzo del a\u00f1o que viene est\u00e1n suspendidas todas las licencias y descansos, salv\u00f3 esta licencia excepcional que sacamos con mucho esfuerzo y con mucha lucha y que son nada m\u00e1s que 12 d\u00edas que entendemos no son suficientes para recuperar un a\u00f1o de tanta exigencia pero tampoco hemos sido esenciales a la hora de lo salarial\u201d<\/em>.<\/p>\n<p>En esta l\u00ednea, sostuvo <em>\u201cEs realmente dif\u00edcil de comprender para nosotros que tardaron tantos en convocarnos a las paritarias, pudimos cerrar nosotros una paritaria en abril con un compromiso de convocarnos en junio y esa convocatoria no se produjo. Reci\u00e9n se produjo el 19 de octubre, despu\u00e9s de muchas jornadas de lucha, caravanas, un mont\u00f3n de cosas que tuvimos que hacer, el 19 de octubre nos hicieron una propuesta que consideramos insuficiente y les pedimos que estiren un poquito m\u00e1s la propuesta. Se hab\u00edan comprometido a convocarnos en esa misma semana y despu\u00e9s nos convocaron reci\u00e9n el 10 de diciembre. Tuvimos que hacer lo que no hab\u00edamos pensado hacer en medio de la pandemia que fue un paro, el 25 de noviembre que fue un paro para que finalmente nos convocaran\u201d<\/em>.<\/p>\n<p>&nbsp;<\/p>\n","protected":false},"excerpt":{"rendered":"<p>Desde CICOP, la Asociaci\u00f3n Sindical de Profesionales de la Salud de la Provincia de Buenos Aires se encuentran expresando su preocupaci\u00f3n por los nuevos n\u00fameros altos en los casos de COVID 19 y expresan su malestar por la falta de medidas que favorezcan al personal de salud, incluida la lucha por las paritarias. En di\u00e1logo [&hellip;]<\/p>\n","protected":false},"author":1,"featured_media":2754,"comment_status":"open","ping_status":"open","sticky":false,"template":"","format":"standard","meta":{"footnotes":""},"categories":[7],"tags":[109],"class_list":["post-2753","post","type-post","status-publish","format-standard","has-post-thumbnail","hentry","category-salud","tag-cicop"],"_links":{"self":[{"href":"https:\/\/fmtinkunaco.ar\/index.php?rest_route=\/wp\/v2\/posts\/2753","targetHints":{"allow":["GET"]}}],"collection":[{"href":"https:\/\/fmtinkunaco.ar\/index.php?rest_route=\/wp\/v2\/posts"}],"about":[{"href":"https:\/\/fmtinkunaco.ar\/index.php?rest_route=\/wp\/v2\/types\/post"}],"author":[{"embeddable":true,"href":"https:\/\/fmtinkunaco.ar\/index.php?rest_route=\/wp\/v2\/users\/1"}],"replies":[{"embeddable":true,"href":"https:\/\/fmtinkunaco.ar\/index.php?rest_route=%2Fwp%2Fv2%2Fcomments&post=2753"}],"version-history":[{"count":0,"href":"https:\/\/fmtinkunaco.ar\/index.php?rest_route=\/wp\/v2\/posts\/2753\/revisions"}],"wp:featuredmedia":[{"embeddable":true,"href":"https:\/\/fmtinkunaco.ar\/index.php?rest_route=\/"}],"wp:attachment":[{"href":"https:\/\/fmtinkunaco.ar\/index.php?rest_route=%2Fwp%2Fv2%2Fmedia&parent=2753"}],"wp:term":[{"taxonomy":"category","embeddable":true,"href":"https:\/\/fmtinkunaco.ar\/index.php?rest_route=%2Fwp%2Fv2%2Fcategories&post=2753"},{"taxonomy":"post_tag","embeddable":true,"href":"https:\/\/fmtinkunaco.ar\/index.php?rest_route=%2Fwp%2Fv2%2Ftags&post=2753"}],"curies":[{"name":"wp","href":"https:\/\/api.w.org\/{rel}","templated":true}]}}