{"id":2760,"date":"2021-02-01T14:02:47","date_gmt":"2021-02-01T17:02:47","guid":{"rendered":"http:\/\/fmtinkunaco.com.ar\/?p=2760"},"modified":"2021-02-01T14:02:47","modified_gmt":"2021-02-01T17:02:47","slug":"2-de-febrero-dia-mundial-de-los-humedales","status":"publish","type":"post","link":"https:\/\/fmtinkunaco.ar\/?p=2760","title":{"rendered":"2 de febrero: D\u00eda Mundial de Los Humedales"},"content":{"rendered":"<p>Ma\u00f1ana, martes 2 de febrero, se conmemora el D\u00eda Mundial de Los Humedales y, en este marco, desde la Reserva Natural del Pilar describieron la importancia de estos para el medio ambiente.<\/p>\n<p>En di\u00e1logo con el programa radial \u201cEncuentro con las Noticias\u201d, Graciela Capodoglio, referente de la Reserva Natural de Pilar, se refiri\u00f3 al estado mundial de los humedales, <em>\u201cLos Humedales est\u00e1n a nivel nacional y a nivel mundial en grav\u00edsimo riesgo, nosotros no logramos que salga la Ley de Humedales. Yo participe activamente en el desarrollo de la ley anterior, la que impulsaba Pino y nada, muri\u00f3 en Diputados. (\u2026) No se trat\u00f3 la ley cuando hab\u00eda que tratarla y ahora, s\u00ed en dos a\u00f1os no logramos que salga, tenemos que volver a empezar. El problema es que tenemos que el 25% del territorio argentino es humedal y yo me atrever\u00eda a decirte que una parte importante est\u00e1 comprometida\u201d<\/em>.<\/p>\n<p>Capodoglio, adem\u00e1s, se refiri\u00f3 a la importancia de no pasar por alto el 2 de febrero, <em>\u201cEs tan importante retomar el 2, porque es el momento en el que podemos decir bueno, est\u00e1 bien, esta es la realidad, que la gente no se olvide porque con tantos temas, tanta informaci\u00f3n, tanta distracci\u00f3n, no tenemos presente que sin humedales, no hay agua\u201d<\/em>.<\/p>\n<p>Finalmente, Graciela Capodoglio, se refiri\u00f3 al estado de los humedales en nuestra regi\u00f3n, <em>\u201cLos humedales sufren el relleno de los countries que se construyen sobre el humedal; el caso paradigm\u00e1tico para Pilar es San Sebasti\u00e1n, son 600 hect\u00e1reas de humedales. \u00a0Aguas arriba, la gente de Suipacha y de Mercedes, los due\u00f1os de los campos han hecho unos canales clandestinos que hacen que el agua corra a gran velocidad y se descongestionen las lagunas que formaban ese humedal para plantar soja. Eso significa gran cantidad de Glifosato en el R\u00edo Luj\u00e1n y gran cantidad de agua, toda junta, sobre el r\u00edo\u201d<\/em><\/p>\n<p>Compartimos entrevista completa<\/p>\n<p><a href=\"https:\/\/archive.org\/details\/audio-graciela-capodoglio-01-02-2021-reserva\">Descargar<\/a><\/p>\n<audio class=\"wp-audio-shortcode\" id=\"audio-2760-2\" preload=\"none\" style=\"width: 100%;\" controls=\"controls\"><source type=\"audio\/mpeg\" src=\"https:\/\/archive.org\/download\/audio-graciela-capodoglio-01-02-2021-reserva\/AUDIO%20-%20GRACIELA%20CAPODOGLIO%2001%2002%202021%20%28RESERVA%29%20.mp3?_=2\" \/><a href=\"https:\/\/archive.org\/download\/audio-graciela-capodoglio-01-02-2021-reserva\/AUDIO%20-%20GRACIELA%20CAPODOGLIO%2001%2002%202021%20%28RESERVA%29%20.mp3\">https:\/\/archive.org\/download\/audio-graciela-capodoglio-01-02-2021-reserva\/AUDIO%20-%20GRACIELA%20CAPODOGLIO%2001%2002%202021%20%28RESERVA%29%20.mp3<\/a><\/audio>\n<div class=\"powerpress_player\" id=\"powerpress_player_7566\"><audio class=\"wp-audio-shortcode\" id=\"audio-2760-1\" preload=\"none\" style=\"width: 100%;\" controls=\"controls\"><source type=\"audio\/mpeg\" src=\"https:\/\/archive.org\/download\/audio-graciela-capodoglio-01-02-2021-reserva\/AUDIO%20-%20GRACIELA%20CAPODOGLIO%2001%2002%202021%20%28RESERVA%29%20.mp3?_=1\" \/><a href=\"https:\/\/archive.org\/download\/audio-graciela-capodoglio-01-02-2021-reserva\/AUDIO%20-%20GRACIELA%20CAPODOGLIO%2001%2002%202021%20%28RESERVA%29%20.mp3\">https:\/\/archive.org\/download\/audio-graciela-capodoglio-01-02-2021-reserva\/AUDIO%20-%20GRACIELA%20CAPODOGLIO%2001%2002%202021%20%28RESERVA%29%20.mp3<\/a><\/audio><\/div><p class=\"powerpress_links powerpress_links_mp3\" style=\"margin-bottom: 1px !important;\">Podcast: <a href=\"https:\/\/archive.org\/download\/audio-graciela-capodoglio-01-02-2021-reserva\/AUDIO%20-%20GRACIELA%20CAPODOGLIO%2001%2002%202021%20%28RESERVA%29%20.mp3\" class=\"powerpress_link_pinw\" target=\"_blank\" title=\"Reproducir en una nueva ventana\" onclick=\"return powerpress_pinw('https:\/\/fmtinkunaco.ar\/?powerpress_pinw=2760-podcast');\" rel=\"nofollow\">Reproducir en una nueva ventana<\/a> | <a href=\"https:\/\/archive.org\/download\/audio-graciela-capodoglio-01-02-2021-reserva\/AUDIO%20-%20GRACIELA%20CAPODOGLIO%2001%2002%202021%20%28RESERVA%29%20.mp3\" class=\"powerpress_link_d\" title=\"Descargar\" rel=\"nofollow\" download=\"AUDIO%20-%20GRACIELA%20CAPODOGLIO%2001%2002%202021%20%28RESERVA%29%20.mp3\">Descargar<\/a><\/p>","protected":false},"excerpt":{"rendered":"<p>Ma\u00f1ana, martes 2 de febrero, se conmemora el D\u00eda Mundial de Los Humedales y, en este marco, desde la Reserva Natural del Pilar describieron la importancia de estos para el medio ambiente. En di\u00e1logo con el programa radial \u201cEncuentro con las Noticias\u201d, Graciela Capodoglio, referente de la Reserva Natural de Pilar, se refiri\u00f3 al estado [&hellip;]<\/p>\n","protected":false},"author":1,"featured_media":2761,"comment_status":"open","ping_status":"open","sticky":false,"template":"","format":"standard","meta":{"footnotes":""},"categories":[9],"tags":[249,432],"class_list":["post-2760","post","type-post","status-publish","format-standard","has-post-thumbnail","hentry","category-sociedad","tag-humedales","tag-reserva-natural-del-pilar"],"_links":{"self":[{"href":"https:\/\/fmtinkunaco.ar\/index.php?rest_route=\/wp\/v2\/posts\/2760","targetHints":{"allow":["GET"]}}],"collection":[{"href":"https:\/\/fmtinkunaco.ar\/index.php?rest_route=\/wp\/v2\/posts"}],"about":[{"href":"https:\/\/fmtinkunaco.ar\/index.php?rest_route=\/wp\/v2\/types\/post"}],"author":[{"embeddable":true,"href":"https:\/\/fmtinkunaco.ar\/index.php?rest_route=\/wp\/v2\/users\/1"}],"replies":[{"embeddable":true,"href":"https:\/\/fmtinkunaco.ar\/index.php?rest_route=%2Fwp%2Fv2%2Fcomments&post=2760"}],"version-history":[{"count":0,"href":"https:\/\/fmtinkunaco.ar\/index.php?rest_route=\/wp\/v2\/posts\/2760\/revisions"}],"wp:featuredmedia":[{"embeddable":true,"href":"https:\/\/fmtinkunaco.ar\/index.php?rest_route=\/"}],"wp:attachment":[{"href":"https:\/\/fmtinkunaco.ar\/index.php?rest_route=%2Fwp%2Fv2%2Fmedia&parent=2760"}],"wp:term":[{"taxonomy":"category","embeddable":true,"href":"https:\/\/fmtinkunaco.ar\/index.php?rest_route=%2Fwp%2Fv2%2Fcategories&post=2760"},{"taxonomy":"post_tag","embeddable":true,"href":"https:\/\/fmtinkunaco.ar\/index.php?rest_route=%2Fwp%2Fv2%2Ftags&post=2760"}],"curies":[{"name":"wp","href":"https:\/\/api.w.org\/{rel}","templated":true}]}}