{"id":2763,"date":"2021-02-01T14:39:10","date_gmt":"2021-02-01T17:39:10","guid":{"rendered":"http:\/\/fmtinkunaco.com.ar\/?p=2763"},"modified":"2021-02-01T14:39:10","modified_gmt":"2021-02-01T17:39:10","slug":"educacion-pautas-sanitarias-obligatorias-para-el-retorno-a-clases","status":"publish","type":"post","link":"https:\/\/fmtinkunaco.ar\/?p=2763","title":{"rendered":"Educaci\u00f3n: Pautas sanitarias obligatorias para el retorno a clases"},"content":{"rendered":"<p>En el marco de las pautas sanitarias obligatorias para el retorno a clases, en la regi\u00f3n, desde SUTEBA Jos\u00e9. C. Paz, describen su preocupaci\u00f3n por las condiciones de las escuelas.<\/p>\n<p>En di\u00e1logo con el programa radial \u201cEncuentro con las Noticias\u201d; Daniel Mart\u00ednez, SUTEBA Jos\u00e9. C. Paz \u2013 seccional General Sarmiento, se refiri\u00f3 a los protocolos sanitarios y su cumplimiento, <em>\u201cNosotros seguimos planteando preocupaciones en relaci\u00f3n al cumplimiento de los protocolos que fueron claros y que los venimos desarrollando desde el segundo semestre del a\u00f1o pasado y este a\u00f1o perdido, en t\u00e9rminos no educativos, pero un a\u00f1o perdido en cuanto a la posibilidad del mejoramiento de la infraestructura de las escuelas. Hoy estamos m\u00e1s o menos como hubi\u00e9semos empezado el ciclo lectivo 2020, es decir hubo muy poco avance en la reparaci\u00f3n de edificios escolares, sobretodo en Jos\u00e9. C. Paz y a esto, le sumamos las preocupaciones propias de este protocolo y de las necesidades de bioseguridad y cuidado en el marco de la pandemia\u201d.<\/em><\/p>\n<p>Mart\u00ednez, adem\u00e1s, se refiri\u00f3 al estado puntual de las escuelas de la regi\u00f3n, en cuanto al protocolo <em>\u201cLa verdad es que hay muy pocas escuelas que resistan el m\u00ednimo protocolo, nosotros venimos trabajando incluso con las cuestiones de infraestructura desde la tragedia de Moreno y tratando de instalar la necesidad del cumplimiento de cuestiones m\u00ednimas que tienen que ver con la dignidad y la habitabilidad de cada uno de los edificios escolares. Hay muy pocas escuelas que tienen agua potable y potabilizada, y demostrada. Hay muy pocas escuelas que tienen la dotaci\u00f3n completa de ba\u00f1os habilitados. A esto le sumamos la necesidad planteada por la pandemia, el funcionamiento en burbuja de no m\u00e1s de 10 a 15 chicos que hacen, yo dir\u00eda, imposible hoy el reingreso a la normalidad\u201d<\/em>.<\/p>\n<p>Daniel Mart\u00ednez, finalmente remarc\u00f3, <em>\u201cCreo en la posibilidad de alguna presencialidad, pensada y cuidada en el marco de estos primeros meses pero de ninguna manera la presencialidad tal y como la pens\u00e1bamos antes\u201d<\/em>.<\/p>\n<p>Compartimos la entrevista completa<\/p>\n<p><a href=\"https:\/\/archive.org\/details\/audio-daniel-martinez-suteba\">Descargar \u00a0<\/a><\/p>\n<audio class=\"wp-audio-shortcode\" id=\"audio-2763-2\" preload=\"none\" style=\"width: 100%;\" controls=\"controls\"><source type=\"audio\/mpeg\" src=\"https:\/\/archive.org\/download\/audio-daniel-martinez-suteba\/AUDIO%20-%20DANIEL%20MARTINEZ%20%28SUTEBA%29.mp3?_=2\" \/><a href=\"https:\/\/archive.org\/download\/audio-daniel-martinez-suteba\/AUDIO%20-%20DANIEL%20MARTINEZ%20%28SUTEBA%29.mp3\">https:\/\/archive.org\/download\/audio-daniel-martinez-suteba\/AUDIO%20-%20DANIEL%20MARTINEZ%20%28SUTEBA%29.mp3<\/a><\/audio>\n<div class=\"powerpress_player\" id=\"powerpress_player_1500\"><audio class=\"wp-audio-shortcode\" id=\"audio-2763-1\" preload=\"none\" style=\"width: 100%;\" controls=\"controls\"><source type=\"audio\/mpeg\" src=\"https:\/\/archive.org\/download\/audio-daniel-martinez-suteba\/AUDIO%20-%20DANIEL%20MARTINEZ%20%28SUTEBA%29.mp3?_=1\" \/><a href=\"https:\/\/archive.org\/download\/audio-daniel-martinez-suteba\/AUDIO%20-%20DANIEL%20MARTINEZ%20%28SUTEBA%29.mp3\">https:\/\/archive.org\/download\/audio-daniel-martinez-suteba\/AUDIO%20-%20DANIEL%20MARTINEZ%20%28SUTEBA%29.mp3<\/a><\/audio><\/div><p class=\"powerpress_links powerpress_links_mp3\" style=\"margin-bottom: 1px !important;\">Podcast: <a href=\"https:\/\/archive.org\/download\/audio-daniel-martinez-suteba\/AUDIO%20-%20DANIEL%20MARTINEZ%20%28SUTEBA%29.mp3\" class=\"powerpress_link_pinw\" target=\"_blank\" title=\"Reproducir en una nueva ventana\" onclick=\"return powerpress_pinw('https:\/\/fmtinkunaco.ar\/?powerpress_pinw=2763-podcast');\" rel=\"nofollow\">Reproducir en una nueva ventana<\/a> | <a href=\"https:\/\/archive.org\/download\/audio-daniel-martinez-suteba\/AUDIO%20-%20DANIEL%20MARTINEZ%20%28SUTEBA%29.mp3\" class=\"powerpress_link_d\" title=\"Descargar\" rel=\"nofollow\" download=\"AUDIO%20-%20DANIEL%20MARTINEZ%20%28SUTEBA%29.mp3\">Descargar<\/a><\/p>","protected":false},"excerpt":{"rendered":"<p>En el marco de las pautas sanitarias obligatorias para el retorno a clases, en la regi\u00f3n, desde SUTEBA Jos\u00e9. C. Paz, describen su preocupaci\u00f3n por las condiciones de las escuelas. En di\u00e1logo con el programa radial \u201cEncuentro con las Noticias\u201d; Daniel Mart\u00ednez, SUTEBA Jos\u00e9. C. Paz \u2013 seccional General Sarmiento, se refiri\u00f3 a los protocolos [&hellip;]<\/p>\n","protected":false},"author":1,"featured_media":2764,"comment_status":"open","ping_status":"open","sticky":false,"template":"","format":"standard","meta":{"footnotes":""},"categories":[5],"tags":[145],"class_list":["post-2763","post","type-post","status-publish","format-standard","has-post-thumbnail","hentry","category-educacion","tag-daniel-martinez"],"_links":{"self":[{"href":"https:\/\/fmtinkunaco.ar\/index.php?rest_route=\/wp\/v2\/posts\/2763","targetHints":{"allow":["GET"]}}],"collection":[{"href":"https:\/\/fmtinkunaco.ar\/index.php?rest_route=\/wp\/v2\/posts"}],"about":[{"href":"https:\/\/fmtinkunaco.ar\/index.php?rest_route=\/wp\/v2\/types\/post"}],"author":[{"embeddable":true,"href":"https:\/\/fmtinkunaco.ar\/index.php?rest_route=\/wp\/v2\/users\/1"}],"replies":[{"embeddable":true,"href":"https:\/\/fmtinkunaco.ar\/index.php?rest_route=%2Fwp%2Fv2%2Fcomments&post=2763"}],"version-history":[{"count":0,"href":"https:\/\/fmtinkunaco.ar\/index.php?rest_route=\/wp\/v2\/posts\/2763\/revisions"}],"wp:featuredmedia":[{"embeddable":true,"href":"https:\/\/fmtinkunaco.ar\/index.php?rest_route=\/"}],"wp:attachment":[{"href":"https:\/\/fmtinkunaco.ar\/index.php?rest_route=%2Fwp%2Fv2%2Fmedia&parent=2763"}],"wp:term":[{"taxonomy":"category","embeddable":true,"href":"https:\/\/fmtinkunaco.ar\/index.php?rest_route=%2Fwp%2Fv2%2Fcategories&post=2763"},{"taxonomy":"post_tag","embeddable":true,"href":"https:\/\/fmtinkunaco.ar\/index.php?rest_route=%2Fwp%2Fv2%2Ftags&post=2763"}],"curies":[{"name":"wp","href":"https:\/\/api.w.org\/{rel}","templated":true}]}}