{"id":2771,"date":"2021-02-03T13:54:44","date_gmt":"2021-02-03T16:54:44","guid":{"rendered":"http:\/\/fmtinkunaco.com.ar\/?p=2771"},"modified":"2021-02-03T13:54:44","modified_gmt":"2021-02-03T16:54:44","slug":"jose-c-paz-se-conformo-la-cooperativa-el-pueblo-es-el-camino","status":"publish","type":"post","link":"https:\/\/fmtinkunaco.ar\/?p=2771","title":{"rendered":"Jos\u00e9. C. Paz: Se conform\u00f3 la cooperativa \u201cEl Pueblo es El Camino\u201d"},"content":{"rendered":"<p>En el marco de la articulaci\u00f3n del espacio Encuentro Peronista con el Patronato de Liberados, surgi\u00f3 la conformaci\u00f3n de la cooperativa \u201cEl Pueblo es El Camino\u201d, que tiene como uno de sus principales objetivos que liberados y liberadas puedan llevar adelante trabajos de parquizaci\u00f3n en el municipio de Jos\u00e9 C. Paz.<\/p>\n<p>En di\u00e1logo con el programa radial \u201cEncuentro con las Noticias\u201d, Rodrigo Barrios, referente de UTEP y del espacio Encuentro Peronista, se refiri\u00f3 a la articulaci\u00f3n con el Patronato, <em>\u201cLa verdad es que nos hemos acercado cuando todo el mundo estaba preocupado por la situaci\u00f3n de que se iban a liberar muchos detenidos. La verdad que el gobierno nacional llevo un dispositivo para que haya un acompa\u00f1amiento, para que en esa liberaci\u00f3n no est\u00e9n solos. Porque la verdad la situaci\u00f3n de los liberados es una situaci\u00f3n muy compleja porque es uno de los sectores excluidos y como que son pocos los sectores que quieren trabajar con este sector\u201d.<\/em><\/p>\n<p>Adem\u00e1s, Barrios, remarc\u00f3 que uno de los objetivos de la conformaci\u00f3n de la cooperativa es generar trabajo,<em> \u201cY el desaf\u00edo es generar trabajo, no tan solo para los liberados sino que para todo nuestro pueblo, pero en el sector tambi\u00e9n que se empez\u00f3 a articular del patronato, no solamente se le da un acompa\u00f1amiento ofreciendo capacitaci\u00f3n o d\u00e1ndole un programa social, sino de ver c\u00f3mo podemos inmersarnos en el trabajo\u201d<\/em>.<\/p>\n<p>Adem\u00e1s, desde el frente se logr\u00f3 la creaci\u00f3n de un Espacio de Primera Infancia \u201cD\u00edas Felices\u201d, ubicado en Zuviria 4872.<\/p>\n<p>Compartimos la entrevista completa<\/p>\n<p><a href=\"https:\/\/archive.org\/details\/audio-rodrigo-barrios-encuentro-peronista-03-02-2021\">Descargar<\/a><\/p>\n<p>&nbsp;<\/p>\n<audio class=\"wp-audio-shortcode\" id=\"audio-2771-2\" preload=\"none\" style=\"width: 100%;\" controls=\"controls\"><source type=\"audio\/mpeg\" src=\"https:\/\/archive.org\/download\/audio-rodrigo-barrios-encuentro-peronista-03-02-2021\/AUDIO%20-%20RODRIGO%20BARRIOS%20%28ENCUENTRO%20PERONISTA%29%2003%2002%202021.mp3?_=2\" \/><a href=\"https:\/\/archive.org\/download\/audio-rodrigo-barrios-encuentro-peronista-03-02-2021\/AUDIO%20-%20RODRIGO%20BARRIOS%20%28ENCUENTRO%20PERONISTA%29%2003%2002%202021.mp3\">https:\/\/archive.org\/download\/audio-rodrigo-barrios-encuentro-peronista-03-02-2021\/AUDIO%20-%20RODRIGO%20BARRIOS%20%28ENCUENTRO%20PERONISTA%29%2003%2002%202021.mp3<\/a><\/audio>\n<div class=\"powerpress_player\" id=\"powerpress_player_1544\"><audio class=\"wp-audio-shortcode\" id=\"audio-2771-1\" preload=\"none\" style=\"width: 100%;\" controls=\"controls\"><source type=\"audio\/mpeg\" src=\"https:\/\/archive.org\/download\/audio-rodrigo-barrios-encuentro-peronista-03-02-2021\/AUDIO%20-%20RODRIGO%20BARRIOS%20%28ENCUENTRO%20PERONISTA%29%2003%2002%202021.mp3?_=1\" \/><a href=\"https:\/\/archive.org\/download\/audio-rodrigo-barrios-encuentro-peronista-03-02-2021\/AUDIO%20-%20RODRIGO%20BARRIOS%20%28ENCUENTRO%20PERONISTA%29%2003%2002%202021.mp3\">https:\/\/archive.org\/download\/audio-rodrigo-barrios-encuentro-peronista-03-02-2021\/AUDIO%20-%20RODRIGO%20BARRIOS%20%28ENCUENTRO%20PERONISTA%29%2003%2002%202021.mp3<\/a><\/audio><\/div><p class=\"powerpress_links powerpress_links_mp3\" style=\"margin-bottom: 1px !important;\">Podcast: <a href=\"https:\/\/archive.org\/download\/audio-rodrigo-barrios-encuentro-peronista-03-02-2021\/AUDIO%20-%20RODRIGO%20BARRIOS%20%28ENCUENTRO%20PERONISTA%29%2003%2002%202021.mp3\" class=\"powerpress_link_pinw\" target=\"_blank\" title=\"Reproducir en una nueva ventana\" onclick=\"return powerpress_pinw('https:\/\/fmtinkunaco.ar\/?powerpress_pinw=2771-podcast');\" rel=\"nofollow\">Reproducir en una nueva ventana<\/a> | <a href=\"https:\/\/archive.org\/download\/audio-rodrigo-barrios-encuentro-peronista-03-02-2021\/AUDIO%20-%20RODRIGO%20BARRIOS%20%28ENCUENTRO%20PERONISTA%29%2003%2002%202021.mp3\" class=\"powerpress_link_d\" title=\"Descargar\" rel=\"nofollow\" download=\"AUDIO%20-%20RODRIGO%20BARRIOS%20%28ENCUENTRO%20PERONISTA%29%2003%2002%202021.mp3\">Descargar<\/a><\/p>","protected":false},"excerpt":{"rendered":"<p>En el marco de la articulaci\u00f3n del espacio Encuentro Peronista con el Patronato de Liberados, surgi\u00f3 la conformaci\u00f3n de la cooperativa \u201cEl Pueblo es El Camino\u201d, que tiene como uno de sus principales objetivos que liberados y liberadas puedan llevar adelante trabajos de parquizaci\u00f3n en el municipio de Jos\u00e9 C. Paz. En di\u00e1logo con el [&hellip;]<\/p>\n","protected":false},"author":1,"featured_media":2772,"comment_status":"open","ping_status":"open","sticky":false,"template":"","format":"standard","meta":{"footnotes":""},"categories":[4,9],"tags":[],"class_list":["post-2771","post","type-post","status-publish","format-standard","has-post-thumbnail","hentry","category-derechos-humanos","category-sociedad"],"_links":{"self":[{"href":"https:\/\/fmtinkunaco.ar\/index.php?rest_route=\/wp\/v2\/posts\/2771","targetHints":{"allow":["GET"]}}],"collection":[{"href":"https:\/\/fmtinkunaco.ar\/index.php?rest_route=\/wp\/v2\/posts"}],"about":[{"href":"https:\/\/fmtinkunaco.ar\/index.php?rest_route=\/wp\/v2\/types\/post"}],"author":[{"embeddable":true,"href":"https:\/\/fmtinkunaco.ar\/index.php?rest_route=\/wp\/v2\/users\/1"}],"replies":[{"embeddable":true,"href":"https:\/\/fmtinkunaco.ar\/index.php?rest_route=%2Fwp%2Fv2%2Fcomments&post=2771"}],"version-history":[{"count":0,"href":"https:\/\/fmtinkunaco.ar\/index.php?rest_route=\/wp\/v2\/posts\/2771\/revisions"}],"wp:featuredmedia":[{"embeddable":true,"href":"https:\/\/fmtinkunaco.ar\/index.php?rest_route=\/"}],"wp:attachment":[{"href":"https:\/\/fmtinkunaco.ar\/index.php?rest_route=%2Fwp%2Fv2%2Fmedia&parent=2771"}],"wp:term":[{"taxonomy":"category","embeddable":true,"href":"https:\/\/fmtinkunaco.ar\/index.php?rest_route=%2Fwp%2Fv2%2Fcategories&post=2771"},{"taxonomy":"post_tag","embeddable":true,"href":"https:\/\/fmtinkunaco.ar\/index.php?rest_route=%2Fwp%2Fv2%2Ftags&post=2771"}],"curies":[{"name":"wp","href":"https:\/\/api.w.org\/{rel}","templated":true}]}}