{"id":2777,"date":"2021-02-04T10:56:16","date_gmt":"2021-02-04T13:56:16","guid":{"rendered":"http:\/\/fmtinkunaco.com.ar\/?p=2777"},"modified":"2021-02-04T10:56:16","modified_gmt":"2021-02-04T13:56:16","slug":"malvinas-argentinas-vecinas-y-vecinos-autoconvocados-contra-el-basural-en-el-campo-la-juanita","status":"publish","type":"post","link":"https:\/\/fmtinkunaco.ar\/?p=2777","title":{"rendered":"Malvinas Argentinas: Vecinas y vecinos autoconvocados contra el basural en el Campo La Juanita"},"content":{"rendered":"<p>Vecinas y vecinos, autoconvocados, del partido de Malvinas Argentinas, se re\u00fanen y organizan contra el basural ilegal que funciona en el Campo la Juanita, el cual abarca las localidades de Tierras Altas, Grand Bourg y Tortuguitas.<\/p>\n<p>Los vecinos denuncian que adem\u00e1s de entrar cientos de camiones semanalmente descargando todo tipo de basura sin ning\u00fan tipo de fiscalizaci\u00f3n o tratamiento en los residuos, tambi\u00e9n queman la basura durante el d\u00eda y noche.<\/p>\n<p>En di\u00e1logo con el programa radial \u201cEncuentro con las Noticias\u201d, Pablo Alvite, vecino del basural, se refiri\u00f3 a la problem\u00e1tica, <em>\u201cHace m\u00e1s de 10 a\u00f1os que tenemos este problema, con lo que se denomina el Campo la Juanita que se encuentra en Tierras Altas pero tambi\u00e9n tiene parte de Tortuguitas y Grand Bourg. Este predio comenz\u00f3 con Cariglino, el intendente, como una tosquera pero enseguida encontraron la soluci\u00f3n para muchos problemas, para ellos, de la basura; lo solucionaron tirando todo tipo de residuos ah\u00ed. Continua, ahora, con la intendencia de Leo Nardini y no solamente hay residuos que viene a tirar las empresas sino que la misma municipalidad constantemente est\u00e1 tirando todo tipo de residuos\u201d<\/em>.<\/p>\n<p>Alvite, explic\u00f3 que no s\u00f3lo padecen los olores por el basural sino que adem\u00e1s, esa basura es quemada lo que provoca constante humo, <em>\u201cAdem\u00e1s, eso no solo lo tiran en los socavones y luego algunos los tapan, sino que tambi\u00e9n los queman, generando un humo y una ceniza que le cae a los vecinos constantemente. Yo vivo a 2 cuadras del Campo la Juanita y contantemente hay un humo peque\u00f1o y por las noches mucho m\u00e1s, que hay que cerrar las ventanas porque no se puede respirar. Y es una constante el tema de la contaminaci\u00f3n\u201d<\/em>.<\/p>\n<p>Pablo Alvite, adem\u00e1s, explic\u00f3 que los vecinos y vecinas presentaron un petitorio con 1.500 firmas, <em>\u201cHemos logrado un petitorio de 1.500 firmas, el cual logramos despu\u00e9s de mucho debate y muchas tratativas, entregarlo. (\u2026) Pero despu\u00e9s de hablar m\u00e1s de una hora y media y contarnos una cantidad de planes muy interesantes que tienen, lo que nos dicen es que el predio esta en litigio entre unos supuestos due\u00f1os y la Provincia de Buenos Aires. O sea la Provincia de Buenos Aires y la OPDS, que es la que maneja la basura est\u00e1 al tanto de lo que est\u00e1 sucediendo, y el municipio tambi\u00e9n porque ellos mandan los camiones, pero ninguno se hace cargo. Dicen que no pueden, hacerse cargo de lo que pasa por m\u00e1s de que se est\u00e1 vulnerando el art\u00edculo 41 de la Constituci\u00f3n Nacional que nos dice que nosotros tenemos derecho a respirar aire limpio<\/em>\u201d.<\/p>\n<p>En este contexto, los vecinos y vecinas autoconvocados contin\u00faan reuni\u00e9ndose y exigi\u00e9ndole a las autoridades municipales respuestas concretas y soluciones inmediatas. Adem\u00e1s, prev\u00e9n realizar un marcha al municipio y visibilizar la situaci\u00f3n.<\/p>\n<p>La pr\u00f3xima asamblea ser\u00e1 el s\u00e1bado 6 de febrero, a partir de las 19hs, en el Campo la Juanita \u2013 por la calle Callao, frente a la entrada de los camiones.<\/p>\n<p>Compartimos la entrevista completa<\/p>\n<p><a href=\"https:\/\/archive.org\/details\/audio-pablo-alvite-basural-la-juanita-04-02\">Descargar<\/a><\/p>\n<audio class=\"wp-audio-shortcode\" id=\"audio-2777-2\" preload=\"none\" style=\"width: 100%;\" controls=\"controls\"><source type=\"audio\/mpeg\" src=\"https:\/\/archive.org\/download\/audio-pablo-alvite-basural-la-juanita-04-02\/AUDIO%20-%20PABLO%20ALVITE%20%28BASURAL%20LA%20JUANITA%29%2004%2002.mp3?_=2\" \/><a href=\"https:\/\/archive.org\/download\/audio-pablo-alvite-basural-la-juanita-04-02\/AUDIO%20-%20PABLO%20ALVITE%20%28BASURAL%20LA%20JUANITA%29%2004%2002.mp3\">https:\/\/archive.org\/download\/audio-pablo-alvite-basural-la-juanita-04-02\/AUDIO%20-%20PABLO%20ALVITE%20%28BASURAL%20LA%20JUANITA%29%2004%2002.mp3<\/a><\/audio>\n<p>&nbsp;<\/p>\n<p>&nbsp;<\/p>\n<div class=\"powerpress_player\" id=\"powerpress_player_1815\"><audio class=\"wp-audio-shortcode\" id=\"audio-2777-1\" preload=\"none\" style=\"width: 100%;\" controls=\"controls\"><source type=\"audio\/mpeg\" src=\"https:\/\/archive.org\/download\/audio-pablo-alvite-basural-la-juanita-04-02\/AUDIO%20-%20PABLO%20ALVITE%20%28BASURAL%20LA%20JUANITA%29%2004%2002.mp3?_=1\" \/><a href=\"https:\/\/archive.org\/download\/audio-pablo-alvite-basural-la-juanita-04-02\/AUDIO%20-%20PABLO%20ALVITE%20%28BASURAL%20LA%20JUANITA%29%2004%2002.mp3\">https:\/\/archive.org\/download\/audio-pablo-alvite-basural-la-juanita-04-02\/AUDIO%20-%20PABLO%20ALVITE%20%28BASURAL%20LA%20JUANITA%29%2004%2002.mp3<\/a><\/audio><\/div><p class=\"powerpress_links powerpress_links_mp3\" style=\"margin-bottom: 1px !important;\">Podcast: <a href=\"https:\/\/archive.org\/download\/audio-pablo-alvite-basural-la-juanita-04-02\/AUDIO%20-%20PABLO%20ALVITE%20%28BASURAL%20LA%20JUANITA%29%2004%2002.mp3\" class=\"powerpress_link_pinw\" target=\"_blank\" title=\"Reproducir en una nueva ventana\" onclick=\"return powerpress_pinw('https:\/\/fmtinkunaco.ar\/?powerpress_pinw=2777-podcast');\" rel=\"nofollow\">Reproducir en una nueva ventana<\/a> | <a href=\"https:\/\/archive.org\/download\/audio-pablo-alvite-basural-la-juanita-04-02\/AUDIO%20-%20PABLO%20ALVITE%20%28BASURAL%20LA%20JUANITA%29%2004%2002.mp3\" class=\"powerpress_link_d\" title=\"Descargar\" rel=\"nofollow\" download=\"AUDIO%20-%20PABLO%20ALVITE%20%28BASURAL%20LA%20JUANITA%29%2004%2002.mp3\">Descargar<\/a><\/p>","protected":false},"excerpt":{"rendered":"<p>Vecinas y vecinos, autoconvocados, del partido de Malvinas Argentinas, se re\u00fanen y organizan contra el basural ilegal que funciona en el Campo la Juanita, el cual abarca las localidades de Tierras Altas, Grand Bourg y Tortuguitas. Los vecinos denuncian que adem\u00e1s de entrar cientos de camiones semanalmente descargando todo tipo de basura sin ning\u00fan tipo [&hellip;]<\/p>\n","protected":false},"author":1,"featured_media":2778,"comment_status":"open","ping_status":"open","sticky":false,"template":"","format":"standard","meta":{"footnotes":""},"categories":[7],"tags":[65,338],"class_list":["post-2777","post","type-post","status-publish","format-standard","has-post-thumbnail","hentry","category-salud","tag-basural","tag-municipio-de-malvinas-argentinas"],"_links":{"self":[{"href":"https:\/\/fmtinkunaco.ar\/index.php?rest_route=\/wp\/v2\/posts\/2777","targetHints":{"allow":["GET"]}}],"collection":[{"href":"https:\/\/fmtinkunaco.ar\/index.php?rest_route=\/wp\/v2\/posts"}],"about":[{"href":"https:\/\/fmtinkunaco.ar\/index.php?rest_route=\/wp\/v2\/types\/post"}],"author":[{"embeddable":true,"href":"https:\/\/fmtinkunaco.ar\/index.php?rest_route=\/wp\/v2\/users\/1"}],"replies":[{"embeddable":true,"href":"https:\/\/fmtinkunaco.ar\/index.php?rest_route=%2Fwp%2Fv2%2Fcomments&post=2777"}],"version-history":[{"count":0,"href":"https:\/\/fmtinkunaco.ar\/index.php?rest_route=\/wp\/v2\/posts\/2777\/revisions"}],"wp:featuredmedia":[{"embeddable":true,"href":"https:\/\/fmtinkunaco.ar\/index.php?rest_route=\/"}],"wp:attachment":[{"href":"https:\/\/fmtinkunaco.ar\/index.php?rest_route=%2Fwp%2Fv2%2Fmedia&parent=2777"}],"wp:term":[{"taxonomy":"category","embeddable":true,"href":"https:\/\/fmtinkunaco.ar\/index.php?rest_route=%2Fwp%2Fv2%2Fcategories&post=2777"},{"taxonomy":"post_tag","embeddable":true,"href":"https:\/\/fmtinkunaco.ar\/index.php?rest_route=%2Fwp%2Fv2%2Ftags&post=2777"}],"curies":[{"name":"wp","href":"https:\/\/api.w.org\/{rel}","templated":true}]}}