{"id":2780,"date":"2021-02-04T14:37:14","date_gmt":"2021-02-04T17:37:14","guid":{"rendered":"http:\/\/fmtinkunaco.com.ar\/?p=2780"},"modified":"2021-02-04T14:37:14","modified_gmt":"2021-02-04T17:37:14","slug":"el-merendero-y-comedor-mate-amargo-realiza-un-pedido-de-donaciones","status":"publish","type":"post","link":"https:\/\/fmtinkunaco.ar\/?p=2780","title":{"rendered":"El merendero y comedor Mate Amargo realiza un pedido de donaciones"},"content":{"rendered":"<p>El Merendero y Comedor Mate Amargo se encuentra pidiendo donaciones para colaborar con la meriendas de las familias que participan del espacio, motivo por el cual piden donaciones de harina, cacao, galletitas, grasa, aceite, leche en polvo y pan.<\/p>\n<p>Mate Amargo est\u00e1 ubicado en Maestro Ferreyra 4017, barrio Santa Brigida, San Miguel y naci\u00f3 como un proyecto dentro del espacio Descamisados del municipio.<\/p>\n<p>Este espacio nace como un espacio alternativo para las personas que quieren colaborar por fuera de espacios pol\u00edticos.<\/p>\n<p>En di\u00e1logo con el programa radial \u201cEncuentro con las Noticias\u201d, Bel\u00e9n Ruiz, integrante del espacio Mate Amargo, se refiri\u00f3 al proyecto, <em>\u201cCreamos este espacio alternativo en 2017 para personas que quiz\u00e1s quieran sumarse a colaborar pero quiz\u00e1s no quieran estar bajo una bandera pol\u00edtica. Entonces se cre\u00f3 este espacio, en principio con una idea tambi\u00e9n de armar un Centro Cultural y de generar algunas actividades recreativas para el barrio; esto se fue llevando adelante en parte, hemos llevado adelante algunos actividades como, por ejemplo, taller de arte; hemos hecho salidas con los ni\u00f1os que iban al merendero, llevamos adelante actividades como el d\u00eda de la ni\u00f1ez. Pero estas actividades, por la pandemia se vieron suspendidas, as\u00ed que ahora con el tema del merendero y el comedor, estamos poniendo un poco mas de pilas ah\u00ed\u201d<\/em>.<\/p>\n<p>Bel\u00e9n Ruiz, adem\u00e1s, explic\u00f3 que en este momento particular se encuentran suspendidas las ollas populares pero contin\u00faan con el merendero, <em>\u201cAhora, en particular, estamos con el merendero, se suspendieron temporalmente las ollas que ven\u00edamos haciendo los s\u00e1bados pero si estamos poni\u00e9ndole pilas, un poquito m\u00e1s, al merendero. Por ahora son 7 familias con las que trabajamos, no queremos difundir m\u00e1s porque como tenemos recursos limitados por ah\u00ed convocamos a m\u00e1s personas pero nos quedamos sin recursos\u201d<\/em>.<\/p>\n<p>Frente a la falta de recursos, Mate Amargo, se encuentra pidiendo donaciones para garantizar el acceso a la merienda de las familias del espacio, por lo que piden harina, cacao, galletitas, grasa, aceite, leche en polvo y pan.<\/p>\n<p>En este l\u00ednea, Ruiz, remarc\u00f3 que adem\u00e1s siempre es necesario manos que se quieran sumar a colaborar, <em>\u201cSiempre es necesario sumar manos, personas que tambi\u00e9n quieran colaborar, a veces recibimos ropa, zapatillas. Pero a veces intentamos pedir en cuestiones puntuales, familias que necesitan puntualmente tal cosa y focalizamos ah\u00ed. (\u2026) En principio y hasta el momento vamos a limitarnos a pedir para las meriendas y lo que m\u00e1s escasea, en general, es la leche en polvo, el cacao\u00a0 y siempre esta genial pan, galletitas o lo que tengas en casa. Todo eso suma un mont\u00f3n\u201d<\/em>.<\/p>\n<p>Los datos de contacto son: 1165781853 (Nadia) y 1154709668 (Bel\u00e9n)<\/p>\n<p>Compartimos la entrevista completa<\/p>\n<p><a href=\"https:\/\/archive.org\/details\/audio-belen-ruiz-mate-amargo-04-02-2021\">Descargar<\/a><\/p>\n<audio class=\"wp-audio-shortcode\" id=\"audio-2780-2\" preload=\"none\" style=\"width: 100%;\" controls=\"controls\"><source type=\"audio\/mpeg\" src=\"https:\/\/archive.org\/download\/audio-belen-ruiz-mate-amargo-04-02-2021\/AUDIO%20-%20BELEN%20RUIZ%20%28MATE%20AMARGO%29%2004%2002%202021.mp3?_=2\" \/><a href=\"https:\/\/archive.org\/download\/audio-belen-ruiz-mate-amargo-04-02-2021\/AUDIO%20-%20BELEN%20RUIZ%20%28MATE%20AMARGO%29%2004%2002%202021.mp3\">https:\/\/archive.org\/download\/audio-belen-ruiz-mate-amargo-04-02-2021\/AUDIO%20-%20BELEN%20RUIZ%20%28MATE%20AMARGO%29%2004%2002%202021.mp3<\/a><\/audio>\n<div class=\"powerpress_player\" id=\"powerpress_player_5366\"><audio class=\"wp-audio-shortcode\" id=\"audio-2780-1\" preload=\"none\" style=\"width: 100%;\" controls=\"controls\"><source type=\"audio\/mpeg\" src=\"https:\/\/archive.org\/download\/audio-belen-ruiz-mate-amargo-04-02-2021\/AUDIO%20-%20BELEN%20RUIZ%20%28MATE%20AMARGO%29%2004%2002%202021.mp3?_=1\" \/><a href=\"https:\/\/archive.org\/download\/audio-belen-ruiz-mate-amargo-04-02-2021\/AUDIO%20-%20BELEN%20RUIZ%20%28MATE%20AMARGO%29%2004%2002%202021.mp3\">https:\/\/archive.org\/download\/audio-belen-ruiz-mate-amargo-04-02-2021\/AUDIO%20-%20BELEN%20RUIZ%20%28MATE%20AMARGO%29%2004%2002%202021.mp3<\/a><\/audio><\/div><p class=\"powerpress_links powerpress_links_mp3\" style=\"margin-bottom: 1px !important;\">Podcast: <a href=\"https:\/\/archive.org\/download\/audio-belen-ruiz-mate-amargo-04-02-2021\/AUDIO%20-%20BELEN%20RUIZ%20%28MATE%20AMARGO%29%2004%2002%202021.mp3\" class=\"powerpress_link_pinw\" target=\"_blank\" title=\"Reproducir en una nueva ventana\" onclick=\"return powerpress_pinw('https:\/\/fmtinkunaco.ar\/?powerpress_pinw=2780-podcast');\" rel=\"nofollow\">Reproducir en una nueva ventana<\/a> | <a href=\"https:\/\/archive.org\/download\/audio-belen-ruiz-mate-amargo-04-02-2021\/AUDIO%20-%20BELEN%20RUIZ%20%28MATE%20AMARGO%29%2004%2002%202021.mp3\" class=\"powerpress_link_d\" title=\"Descargar\" rel=\"nofollow\" download=\"AUDIO%20-%20BELEN%20RUIZ%20%28MATE%20AMARGO%29%2004%2002%202021.mp3\">Descargar<\/a><\/p>","protected":false},"excerpt":{"rendered":"<p>El Merendero y Comedor Mate Amargo se encuentra pidiendo donaciones para colaborar con la meriendas de las familias que participan del espacio, motivo por el cual piden donaciones de harina, cacao, galletitas, grasa, aceite, leche en polvo y pan. Mate Amargo est\u00e1 ubicado en Maestro Ferreyra 4017, barrio Santa Brigida, San Miguel y naci\u00f3 como [&hellip;]<\/p>\n","protected":false},"author":1,"featured_media":2781,"comment_status":"open","ping_status":"open","sticky":false,"template":"","format":"standard","meta":{"footnotes":""},"categories":[4,9],"tags":[306,338,393],"class_list":["post-2780","post","type-post","status-publish","format-standard","has-post-thumbnail","hentry","category-derechos-humanos","category-sociedad","tag-mate-amargo","tag-municipio-de-malvinas-argentinas","tag-pedido-de-donaciones"],"_links":{"self":[{"href":"https:\/\/fmtinkunaco.ar\/index.php?rest_route=\/wp\/v2\/posts\/2780","targetHints":{"allow":["GET"]}}],"collection":[{"href":"https:\/\/fmtinkunaco.ar\/index.php?rest_route=\/wp\/v2\/posts"}],"about":[{"href":"https:\/\/fmtinkunaco.ar\/index.php?rest_route=\/wp\/v2\/types\/post"}],"author":[{"embeddable":true,"href":"https:\/\/fmtinkunaco.ar\/index.php?rest_route=\/wp\/v2\/users\/1"}],"replies":[{"embeddable":true,"href":"https:\/\/fmtinkunaco.ar\/index.php?rest_route=%2Fwp%2Fv2%2Fcomments&post=2780"}],"version-history":[{"count":0,"href":"https:\/\/fmtinkunaco.ar\/index.php?rest_route=\/wp\/v2\/posts\/2780\/revisions"}],"wp:featuredmedia":[{"embeddable":true,"href":"https:\/\/fmtinkunaco.ar\/index.php?rest_route=\/"}],"wp:attachment":[{"href":"https:\/\/fmtinkunaco.ar\/index.php?rest_route=%2Fwp%2Fv2%2Fmedia&parent=2780"}],"wp:term":[{"taxonomy":"category","embeddable":true,"href":"https:\/\/fmtinkunaco.ar\/index.php?rest_route=%2Fwp%2Fv2%2Fcategories&post=2780"},{"taxonomy":"post_tag","embeddable":true,"href":"https:\/\/fmtinkunaco.ar\/index.php?rest_route=%2Fwp%2Fv2%2Ftags&post=2780"}],"curies":[{"name":"wp","href":"https:\/\/api.w.org\/{rel}","templated":true}]}}