{"id":2783,"date":"2021-02-05T14:23:53","date_gmt":"2021-02-05T17:23:53","guid":{"rendered":"http:\/\/fmtinkunaco.com.ar\/?p=2783"},"modified":"2021-02-05T14:23:53","modified_gmt":"2021-02-05T17:23:53","slug":"el-gobierno-bonaerense-presiona-para-una-vuelta-presencial-a-las-escuelas","status":"publish","type":"post","link":"https:\/\/fmtinkunaco.ar\/?p=2783","title":{"rendered":"El gobierno bonaerense presiona para una vuelta presencial a las escuelas"},"content":{"rendered":"<p>La Direcci\u00f3n General de Cultura y Educaci\u00f3n de la provincia de Buenos Aires public\u00f3 esta semana la Resoluci\u00f3n 2021\/415 que establece el regreso a la actividad presencial en los establecimientos educativos de todos los distritos de la provincia.<\/p>\n<p>En dialogo con el programa radial \u201cEncuentro con las Noticias\u201d, Paula Jove, docente pace\u00f1a y delegada de SUTEBA Multicolor, se refiri\u00f3 al protocolo provincial para la vuelta a clases y la ignorancia respecto a pr\u00e1cticas naturales de los ni\u00f1os y ni\u00f1as, <em>\u201cHay un problema muy grande que es el fen\u00f3meno de la ni\u00f1ez, porque nosotros qu\u00e9 pretendemos, que de verdad los chicos est\u00e9n dentro de la escuela separados entre s\u00ed, a un metro y medio de distancia, uno del otro, y que en ning\u00fan momento se aproximen, se toquen, se abracen, jueguen, se presten una goma, se conviden una galletita; digamos, hay una serie de situaciones que tienen que ver con c\u00f3mo se vive cotidianamente con un ni\u00f1o y con un conjunto de ni\u00f1os dentro de la escuela. Que no tiene nada que ver con lo que se puede manejar, un protocolo de estas caracter\u00edsticas. (\u2026) hay una cantidad de elementos que hacen al fen\u00f3meno de la ni\u00f1ez y que ac\u00e1 est\u00e1n pasados completamente por alto, por eso decimos que no hay ning\u00fan inter\u00e9s en la educaci\u00f3n y en los chicos porque, eso es un verso. Porque un ni\u00f1o no necesita ir a la escuela a que le digamos que no tiene que compartir nada, a que no se tiene que mover nunca de su lugar, a que no puede jugar con ning\u00fan amiguito y a que no puede nunca tocar nada.<\/em><br \/>\n<em> Eso no es lo que merece un ni\u00f1o de la escuela, adem\u00e1s no es lo que los docentes hemos estudiado para hacer y estamos capacitados para hacer y lo que hacemos. Porque si nuestros alumnos pasan por una situaci\u00f3n especial, vamos a tener que nosotros romper el protocolo porque no vamos a abandonar a un ni\u00f1o en una situaci\u00f3n de crisis emocional o de lastimadura o de cualquier eventualidad que puede pasar, entonces es impracticable desde lo humano el protocolo\u201d<\/em>.<\/p>\n<p>Adem\u00e1s, Paula Jove, manifest\u00f3 que hubo un anuncio de vacunaci\u00f3n para docentes y menos de un mes del supuesto comienzo de clases, aun no ha sucedido, <em>\u201cSe anunci\u00f3 que nos iban a vacunar a los docentes y eso no est\u00e1 pasando, la vacuna para los docentes no llega, no aparece, no se empieza. As\u00ed que no hay vacunaci\u00f3n.<\/em><br \/>\n<em> (\u2026) Ac\u00e1 no hay vacunas, no hay infraestructura, no\u00a0 hay garantizada la virtualidad, no hay garantizada la presencialidad, no hay garantizada ninguna condici\u00f3n, mucho menos la salarial, el b\u00e1sico nacional docente sigue siendo de $27.000 pesos con este cuadro inflacionario<\/em>\u201d.<\/p>\n<p>Desde SUTEBA Multicolor se encuentran llevando adelante asambleas con el objetivo de debatir y definir acciones.<\/p>\n<p>Compartimos entrevista completa<\/p>\n<p><a href=\"https:\/\/archive.org\/details\/audio-paula-jove-05-02-21\">Descargar<\/a><\/p>\n<audio class=\"wp-audio-shortcode\" id=\"audio-2783-2\" preload=\"none\" style=\"width: 100%;\" controls=\"controls\"><source type=\"audio\/mpeg\" src=\"https:\/\/archive.org\/download\/audio-paula-jove-05-02-21\/AUDIO%20-%20PAULA%20JOVE%2005%2002%2021.mp3?_=2\" \/><a href=\"https:\/\/archive.org\/download\/audio-paula-jove-05-02-21\/AUDIO%20-%20PAULA%20JOVE%2005%2002%2021.mp3\">https:\/\/archive.org\/download\/audio-paula-jove-05-02-21\/AUDIO%20-%20PAULA%20JOVE%2005%2002%2021.mp3<\/a><\/audio>\n<div class=\"powerpress_player\" id=\"powerpress_player_2036\"><audio class=\"wp-audio-shortcode\" id=\"audio-2783-1\" preload=\"none\" style=\"width: 100%;\" controls=\"controls\"><source type=\"audio\/mpeg\" src=\"https:\/\/archive.org\/download\/audio-paula-jove-05-02-21\/AUDIO%20-%20PAULA%20JOVE%2005%2002%2021.mp3?_=1\" \/><a href=\"https:\/\/archive.org\/download\/audio-paula-jove-05-02-21\/AUDIO%20-%20PAULA%20JOVE%2005%2002%2021.mp3\">https:\/\/archive.org\/download\/audio-paula-jove-05-02-21\/AUDIO%20-%20PAULA%20JOVE%2005%2002%2021.mp3<\/a><\/audio><\/div><p class=\"powerpress_links powerpress_links_mp3\" style=\"margin-bottom: 1px !important;\">Podcast: <a href=\"https:\/\/archive.org\/download\/audio-paula-jove-05-02-21\/AUDIO%20-%20PAULA%20JOVE%2005%2002%2021.mp3\" class=\"powerpress_link_pinw\" target=\"_blank\" title=\"Reproducir en una nueva ventana\" onclick=\"return powerpress_pinw('https:\/\/fmtinkunaco.ar\/?powerpress_pinw=2783-podcast');\" rel=\"nofollow\">Reproducir en una nueva ventana<\/a> | <a href=\"https:\/\/archive.org\/download\/audio-paula-jove-05-02-21\/AUDIO%20-%20PAULA%20JOVE%2005%2002%2021.mp3\" class=\"powerpress_link_d\" title=\"Descargar\" rel=\"nofollow\" download=\"AUDIO%20-%20PAULA%20JOVE%2005%2002%2021.mp3\">Descargar<\/a><\/p>","protected":false},"excerpt":{"rendered":"<p>La Direcci\u00f3n General de Cultura y Educaci\u00f3n de la provincia de Buenos Aires public\u00f3 esta semana la Resoluci\u00f3n 2021\/415 que establece el regreso a la actividad presencial en los establecimientos educativos de todos los distritos de la provincia. En dialogo con el programa radial \u201cEncuentro con las Noticias\u201d, Paula Jove, docente pace\u00f1a y delegada de [&hellip;]<\/p>\n","protected":false},"author":1,"featured_media":2785,"comment_status":"open","ping_status":"open","sticky":false,"template":"","format":"standard","meta":{"footnotes":""},"categories":[5],"tags":[],"class_list":["post-2783","post","type-post","status-publish","format-standard","has-post-thumbnail","hentry","category-educacion"],"_links":{"self":[{"href":"https:\/\/fmtinkunaco.ar\/index.php?rest_route=\/wp\/v2\/posts\/2783","targetHints":{"allow":["GET"]}}],"collection":[{"href":"https:\/\/fmtinkunaco.ar\/index.php?rest_route=\/wp\/v2\/posts"}],"about":[{"href":"https:\/\/fmtinkunaco.ar\/index.php?rest_route=\/wp\/v2\/types\/post"}],"author":[{"embeddable":true,"href":"https:\/\/fmtinkunaco.ar\/index.php?rest_route=\/wp\/v2\/users\/1"}],"replies":[{"embeddable":true,"href":"https:\/\/fmtinkunaco.ar\/index.php?rest_route=%2Fwp%2Fv2%2Fcomments&post=2783"}],"version-history":[{"count":0,"href":"https:\/\/fmtinkunaco.ar\/index.php?rest_route=\/wp\/v2\/posts\/2783\/revisions"}],"wp:featuredmedia":[{"embeddable":true,"href":"https:\/\/fmtinkunaco.ar\/index.php?rest_route=\/"}],"wp:attachment":[{"href":"https:\/\/fmtinkunaco.ar\/index.php?rest_route=%2Fwp%2Fv2%2Fmedia&parent=2783"}],"wp:term":[{"taxonomy":"category","embeddable":true,"href":"https:\/\/fmtinkunaco.ar\/index.php?rest_route=%2Fwp%2Fv2%2Fcategories&post=2783"},{"taxonomy":"post_tag","embeddable":true,"href":"https:\/\/fmtinkunaco.ar\/index.php?rest_route=%2Fwp%2Fv2%2Ftags&post=2783"}],"curies":[{"name":"wp","href":"https:\/\/api.w.org\/{rel}","templated":true}]}}