{"id":2787,"date":"2021-02-08T14:37:22","date_gmt":"2021-02-08T17:37:22","guid":{"rendered":"http:\/\/fmtinkunaco.com.ar\/?p=2787"},"modified":"2021-02-08T14:37:22","modified_gmt":"2021-02-08T17:37:22","slug":"cicop-el-desafio-que-tenemos-como-gremio-para-el-2021-es-recomponer-salarios-los-salarios","status":"publish","type":"post","link":"https:\/\/fmtinkunaco.ar\/?p=2787","title":{"rendered":"CICOP: \u201cEl desaf\u00edo que tenemos, como gremio, para el 2021 es recomponer los salarios\u201d"},"content":{"rendered":"<p>Luego de promesas incumplidas por parte de las autoridades del gobierno y de mucha tardanza en la convocatoria para negociar las paritarias, la Asociaci\u00f3n Sindical de Profesionales de la Salud de la Provincia de Buenos Aires (CICOP) cerr\u00f3 el mes de enero del 2021 con un aumento promedio del 44,6% de la paritaria 2020.<\/p>\n<p>A pesar de ello, reconocen disconformidad por las condiciones de trabajo y el sueldo deteriorado del personal de la salud.<\/p>\n<p>En di\u00e1logo con el programa radial \u201cEncuentro con las Noticias\u201d, Marta M\u00e1rquez, Titular de la Asociaci\u00f3n Sindical de Profesionales de la Salud de la Provincia de Buenos Aires (CICOP), se refiri\u00f3 al cierre paritario 2020 que los posicion\u00f3 con 8 puntos sobre la inflaci\u00f3n oficial, <em>\u201cEl 26 de enero fuimos convocados al cierre de la paritaria 2020, hab\u00eda quedado sin cerrar el mes de diciembre; as\u00ed que el gobierno nos hizo una propuesta el 26 de enero que llevaba finalmente el aumento para todo el 2020, en relaci\u00f3n a diciembre del 2019, de un promedio del 44,6% quedando entonces unos 8 puntos por arriba de la inflaci\u00f3n oficial.<\/em><br \/>\n<em> Nuestro Congreso de delegados del 29 de enero, de acuerdo a los mandatos de las asambleas de\u00a0 base, resolvi\u00f3 aceptar la propuesta en disconformidad. Porque entendemos que si bien fue finalmente un buena propuesta, partimos de salarios que est\u00e1n deteriorados hace muchos a\u00f1os\u201d<\/em>.<\/p>\n<p>A pesar de lo positivo del cierre de la propuesta, M\u00e1rquez, manifest\u00f3 que el desaf\u00edo del gremio es avanzar y recomponer los salarios del personal sanitario, <em>\u201cEl desaf\u00edo que tenemos, como gremio, para el 2021 es avanzar bastante en recomponer salarios, en mejorar condiciones de trabajo y en avanzar en derechos laborales que, como decimos siempre nosotros, cuando los y las profesionales de la salud avanzamos en derechos laborales en realidad lo que hacemos es garantizar m\u00e1s y mejor salud p\u00fablica para toda la poblaci\u00f3n\u201d<\/em>.<\/p>\n<p>Por otro lado, la Titular de CICOP, se refiri\u00f3 a la situaci\u00f3n epidemiol\u00f3gica, <em>\u201cEs cierto que en el AMBA, que es el lugar donde m\u00e1s tensionado estuvo el sistema de salud el a\u00f1o pasado; en este momento tenemos una baja de casos, veremos qu\u00e9 pasa esta semana pero la menos no han subido exponencialmente como si nos pas\u00f3 la primer quincena de enero. En la costa la situaci\u00f3n es diferente, ah\u00ed tenemos situaciones complejas en Pinamar, en Mar del Plata, primero porque ha habido movilidad de la poblaci\u00f3n pero tambi\u00e9n porque son sistemas sanitarios que no est\u00e1n en condiciones de responder a una gran demanda. No es lo mismo un hospital p\u00fablico ubicado en el conurbano bonaerense, que el hospital municipal de Pinamar\u201d<\/em>.<\/p>\n<p>Finalmente, Marta M\u00e1rquez, manifest\u00f3 su preocupaci\u00f3n por la vuelta a clases, <em>\u201cNuestra primera mirada es de enorme preocupaci\u00f3n porque conocemos perfectamente en que situaci\u00f3n edilicia, de infraestructura est\u00e1n las escuelas tanto del AMBA, como para hablar de Ciudad de Buenos Aires y Conurbano Bonaerense, en general las escuelas nos est\u00e1n preparadas, no est\u00e1n en condiciones, se perdi\u00f3 lamentablemente un a\u00f1o en el que se hubiera podido adecuar algunas cuestiones y avanzar sobre otras\u201d<\/em>.<\/p>\n<p>Compartimos la entrevista completa<\/p>\n<p><a href=\"https:\/\/archive.org\/details\/audio-marta-marquez-cicop-08-02-2021\">Descargar<\/a><\/p>\n<p>&nbsp;<\/p>\n<audio class=\"wp-audio-shortcode\" id=\"audio-2787-2\" preload=\"none\" style=\"width: 100%;\" controls=\"controls\"><source type=\"audio\/mpeg\" src=\"https:\/\/archive.org\/download\/audio-marta-marquez-cicop-08-02-2021\/AUDIO%20-%20MARTA%20MARQUEZ%20%28CICOP%29%2008%2002%202021.mp3?_=2\" \/><a href=\"https:\/\/archive.org\/download\/audio-marta-marquez-cicop-08-02-2021\/AUDIO%20-%20MARTA%20MARQUEZ%20%28CICOP%29%2008%2002%202021.mp3\">https:\/\/archive.org\/download\/audio-marta-marquez-cicop-08-02-2021\/AUDIO%20-%20MARTA%20MARQUEZ%20%28CICOP%29%2008%2002%202021.mp3<\/a><\/audio>\n<p>&nbsp;<\/p>\n<div class=\"powerpress_player\" id=\"powerpress_player_2678\"><audio class=\"wp-audio-shortcode\" id=\"audio-2787-1\" preload=\"none\" style=\"width: 100%;\" controls=\"controls\"><source type=\"audio\/mpeg\" src=\"https:\/\/archive.org\/download\/audio-marta-marquez-cicop-08-02-2021\/AUDIO%20-%20MARTA%20MARQUEZ%20%28CICOP%29%2008%2002%202021.mp3?_=1\" \/><a href=\"https:\/\/archive.org\/download\/audio-marta-marquez-cicop-08-02-2021\/AUDIO%20-%20MARTA%20MARQUEZ%20%28CICOP%29%2008%2002%202021.mp3\">https:\/\/archive.org\/download\/audio-marta-marquez-cicop-08-02-2021\/AUDIO%20-%20MARTA%20MARQUEZ%20%28CICOP%29%2008%2002%202021.mp3<\/a><\/audio><\/div><p class=\"powerpress_links powerpress_links_mp3\" style=\"margin-bottom: 1px !important;\">Podcast: <a href=\"https:\/\/archive.org\/download\/audio-marta-marquez-cicop-08-02-2021\/AUDIO%20-%20MARTA%20MARQUEZ%20%28CICOP%29%2008%2002%202021.mp3\" class=\"powerpress_link_pinw\" target=\"_blank\" title=\"Reproducir en una nueva ventana\" onclick=\"return powerpress_pinw('https:\/\/fmtinkunaco.ar\/?powerpress_pinw=2787-podcast');\" rel=\"nofollow\">Reproducir en una nueva ventana<\/a> | <a href=\"https:\/\/archive.org\/download\/audio-marta-marquez-cicop-08-02-2021\/AUDIO%20-%20MARTA%20MARQUEZ%20%28CICOP%29%2008%2002%202021.mp3\" class=\"powerpress_link_d\" title=\"Descargar\" rel=\"nofollow\" download=\"AUDIO%20-%20MARTA%20MARQUEZ%20%28CICOP%29%2008%2002%202021.mp3\">Descargar<\/a><\/p>","protected":false},"excerpt":{"rendered":"<p>Luego de promesas incumplidas por parte de las autoridades del gobierno y de mucha tardanza en la convocatoria para negociar las paritarias, la Asociaci\u00f3n Sindical de Profesionales de la Salud de la Provincia de Buenos Aires (CICOP) cerr\u00f3 el mes de enero del 2021 con un aumento promedio del 44,6% de la paritaria 2020. A [&hellip;]<\/p>\n","protected":false},"author":1,"featured_media":2788,"comment_status":"open","ping_status":"open","sticky":false,"template":"","format":"standard","meta":{"footnotes":""},"categories":[7],"tags":[109],"class_list":["post-2787","post","type-post","status-publish","format-standard","has-post-thumbnail","hentry","category-salud","tag-cicop"],"_links":{"self":[{"href":"https:\/\/fmtinkunaco.ar\/index.php?rest_route=\/wp\/v2\/posts\/2787","targetHints":{"allow":["GET"]}}],"collection":[{"href":"https:\/\/fmtinkunaco.ar\/index.php?rest_route=\/wp\/v2\/posts"}],"about":[{"href":"https:\/\/fmtinkunaco.ar\/index.php?rest_route=\/wp\/v2\/types\/post"}],"author":[{"embeddable":true,"href":"https:\/\/fmtinkunaco.ar\/index.php?rest_route=\/wp\/v2\/users\/1"}],"replies":[{"embeddable":true,"href":"https:\/\/fmtinkunaco.ar\/index.php?rest_route=%2Fwp%2Fv2%2Fcomments&post=2787"}],"version-history":[{"count":0,"href":"https:\/\/fmtinkunaco.ar\/index.php?rest_route=\/wp\/v2\/posts\/2787\/revisions"}],"wp:featuredmedia":[{"embeddable":true,"href":"https:\/\/fmtinkunaco.ar\/index.php?rest_route=\/"}],"wp:attachment":[{"href":"https:\/\/fmtinkunaco.ar\/index.php?rest_route=%2Fwp%2Fv2%2Fmedia&parent=2787"}],"wp:term":[{"taxonomy":"category","embeddable":true,"href":"https:\/\/fmtinkunaco.ar\/index.php?rest_route=%2Fwp%2Fv2%2Fcategories&post=2787"},{"taxonomy":"post_tag","embeddable":true,"href":"https:\/\/fmtinkunaco.ar\/index.php?rest_route=%2Fwp%2Fv2%2Ftags&post=2787"}],"curies":[{"name":"wp","href":"https:\/\/api.w.org\/{rel}","templated":true}]}}