{"id":2791,"date":"2021-02-09T13:55:50","date_gmt":"2021-02-09T16:55:50","guid":{"rendered":"http:\/\/fmtinkunaco.com.ar\/?p=2791"},"modified":"2021-02-09T13:55:50","modified_gmt":"2021-02-09T16:55:50","slug":"la-asociacion-judicial-bonaerense-cerro-en-un-345-la-paritaria-2020","status":"publish","type":"post","link":"https:\/\/fmtinkunaco.ar\/?p=2791","title":{"rendered":"La Asociaci\u00f3n Judicial Bonaerense cerr\u00f3 en un 34,5% la paritaria 2020"},"content":{"rendered":"<p>La Asociaci\u00f3n Judicial Bonaerense acord\u00f3, con el Ejecutivo Provincial, un incremento del 34,5% sobre los sueldos b\u00e1sicos y un 3,9% de la Bonificaci\u00f3n Especial o Compensaci\u00f3n Funcional, que pasaron del 47,1 al 51%.<\/p>\n<p>En di\u00e1logo con el programa radial \u201cEncuentro con las Noticias\u201d, Carlos Ariel Gil, Secretario General de la Asociaci\u00f3n Judicial Bonaerense de San Mart\u00edn, se refiri\u00f3 al acuerdo paritario, <em>\u201cCost\u00f3 mucho, realmente, pero hemos llegado a un puerto que no cumple con todas las expectativas que nos hab\u00edamos planteado en febrero pero la realidad es que analiz\u00e1ndolo en el marco de la pandemia, fue producto del convencimiento de todas y todos los judiciales y que la \u00fanica manera que tuvimos como siempre es salir a pelear nuestro salario.<\/em><br \/>\n<em> Nosotros logramos cerrar la paritaria en 34,5%, cuando la inflaci\u00f3n fue 36% como todo el mundo sabe, terminamos un 1,5% a bajo pero as\u00ed y todo entendimos que es positivo en este marco. Nunca se bajaron las banderas y se sigui\u00f3 luchando\u201d<\/em>.<\/p>\n<p>Gil, asegur\u00f3 que antes de este acuerdo, rechazaron una propuesta en diciembre, <em>\u201cEl 29 de diciembre tuvimos una oferta, la que fue rechazada porque quedaba varios puntos por debajo de la inflaci\u00f3n. Y los primeros d\u00edas de febrero, que fueron nuestros primeros d\u00edas h\u00e1biles, se hizo una nueva oferta que se acercaba mucho m\u00e1s, as\u00ed\u00a0que ah\u00ed decidimos cerrar la paritaria 2020 porque tambi\u00e9n inclu\u00eda el compromiso de reabrir la paritaria el 25 de febrero\u201d<\/em>.<\/p>\n<p>Finalmente Carlos Ariel Gil, describi\u00f3 el escenario en el que se encuentran los trabajadores y las trabajadoras judiciales, <em>\u201cNosotros tenemos mucha falta de compa\u00f1eros, desde el 2017 aproximadamente, toda la gente que se fue jubilando nunca fueron nuevos ingresos, no se convirti\u00f3 en nuevos ingresos. Entonces lo que provoca es un juzgado totalmente sobrepasado de trabajo, donde muchas veces hay atrasos y la justicia cuando tarda no hay justicia. Y ac\u00e1 lo que pasa es eso, hay mucha falta de trabajadores y trabajadoras en cada dependencia\u201d.<\/em><\/p>\n<p>El acuerdo al que lleg\u00f3 la Asociaci\u00f3n Judicial Bonaerense con el Ejecuto Provincial incluye un compromiso del \u00faltimo de iniciar las negociaciones de las paritarias 2021, el pr\u00f3ximo 25 de febrero.<\/p>\n<p>Compartimos la entrevista completa<\/p>\n<p><a href=\"https:\/\/archive.org\/details\/audio-carlos-ariel-gil-judiciales-09-02-2021\">Descargar<\/a><\/p>\n<p>&nbsp;<\/p>\n<audio class=\"wp-audio-shortcode\" id=\"audio-2791-2\" preload=\"none\" style=\"width: 100%;\" controls=\"controls\"><source type=\"audio\/mpeg\" src=\"https:\/\/archive.org\/download\/audio-carlos-ariel-gil-judiciales-09-02-2021\/AUDIO%20-%20CARLOS%20ARIEL%20GIL%20%28JUDICIALES%29%2009%2002%202021.mp3?_=2\" \/><a href=\"https:\/\/archive.org\/download\/audio-carlos-ariel-gil-judiciales-09-02-2021\/AUDIO%20-%20CARLOS%20ARIEL%20GIL%20%28JUDICIALES%29%2009%2002%202021.mp3\">https:\/\/archive.org\/download\/audio-carlos-ariel-gil-judiciales-09-02-2021\/AUDIO%20-%20CARLOS%20ARIEL%20GIL%20%28JUDICIALES%29%2009%2002%202021.mp3<\/a><\/audio>\n<div class=\"powerpress_player\" id=\"powerpress_player_3879\"><audio class=\"wp-audio-shortcode\" id=\"audio-2791-1\" preload=\"none\" style=\"width: 100%;\" controls=\"controls\"><source type=\"audio\/mpeg\" src=\"https:\/\/archive.org\/download\/audio-carlos-ariel-gil-judiciales-09-02-2021\/AUDIO%20-%20CARLOS%20ARIEL%20GIL%20%28JUDICIALES%29%2009%2002%202021.mp3?_=1\" \/><a href=\"https:\/\/archive.org\/download\/audio-carlos-ariel-gil-judiciales-09-02-2021\/AUDIO%20-%20CARLOS%20ARIEL%20GIL%20%28JUDICIALES%29%2009%2002%202021.mp3\">https:\/\/archive.org\/download\/audio-carlos-ariel-gil-judiciales-09-02-2021\/AUDIO%20-%20CARLOS%20ARIEL%20GIL%20%28JUDICIALES%29%2009%2002%202021.mp3<\/a><\/audio><\/div><p class=\"powerpress_links powerpress_links_mp3\" style=\"margin-bottom: 1px !important;\">Podcast: <a href=\"https:\/\/archive.org\/download\/audio-carlos-ariel-gil-judiciales-09-02-2021\/AUDIO%20-%20CARLOS%20ARIEL%20GIL%20%28JUDICIALES%29%2009%2002%202021.mp3\" class=\"powerpress_link_pinw\" target=\"_blank\" title=\"Reproducir en una nueva ventana\" onclick=\"return powerpress_pinw('https:\/\/fmtinkunaco.ar\/?powerpress_pinw=2791-podcast');\" rel=\"nofollow\">Reproducir en una nueva ventana<\/a> | <a href=\"https:\/\/archive.org\/download\/audio-carlos-ariel-gil-judiciales-09-02-2021\/AUDIO%20-%20CARLOS%20ARIEL%20GIL%20%28JUDICIALES%29%2009%2002%202021.mp3\" class=\"powerpress_link_d\" title=\"Descargar\" rel=\"nofollow\" download=\"AUDIO%20-%20CARLOS%20ARIEL%20GIL%20%28JUDICIALES%29%2009%2002%202021.mp3\">Descargar<\/a><\/p>","protected":false},"excerpt":{"rendered":"<p>La Asociaci\u00f3n Judicial Bonaerense acord\u00f3, con el Ejecutivo Provincial, un incremento del 34,5% sobre los sueldos b\u00e1sicos y un 3,9% de la Bonificaci\u00f3n Especial o Compensaci\u00f3n Funcional, que pasaron del 47,1 al 51%. En di\u00e1logo con el programa radial \u201cEncuentro con las Noticias\u201d, Carlos Ariel Gil, Secretario General de la Asociaci\u00f3n Judicial Bonaerense de San [&hellip;]<\/p>\n","protected":false},"author":1,"featured_media":2792,"comment_status":"open","ping_status":"open","sticky":false,"template":"","format":"standard","meta":{"footnotes":""},"categories":[9],"tags":[271,380],"class_list":["post-2791","post","type-post","status-publish","format-standard","has-post-thumbnail","hentry","category-sociedad","tag-la-asociacion-judicial-bonaerense","tag-paritarias-2020"],"_links":{"self":[{"href":"https:\/\/fmtinkunaco.ar\/index.php?rest_route=\/wp\/v2\/posts\/2791","targetHints":{"allow":["GET"]}}],"collection":[{"href":"https:\/\/fmtinkunaco.ar\/index.php?rest_route=\/wp\/v2\/posts"}],"about":[{"href":"https:\/\/fmtinkunaco.ar\/index.php?rest_route=\/wp\/v2\/types\/post"}],"author":[{"embeddable":true,"href":"https:\/\/fmtinkunaco.ar\/index.php?rest_route=\/wp\/v2\/users\/1"}],"replies":[{"embeddable":true,"href":"https:\/\/fmtinkunaco.ar\/index.php?rest_route=%2Fwp%2Fv2%2Fcomments&post=2791"}],"version-history":[{"count":0,"href":"https:\/\/fmtinkunaco.ar\/index.php?rest_route=\/wp\/v2\/posts\/2791\/revisions"}],"wp:featuredmedia":[{"embeddable":true,"href":"https:\/\/fmtinkunaco.ar\/index.php?rest_route=\/"}],"wp:attachment":[{"href":"https:\/\/fmtinkunaco.ar\/index.php?rest_route=%2Fwp%2Fv2%2Fmedia&parent=2791"}],"wp:term":[{"taxonomy":"category","embeddable":true,"href":"https:\/\/fmtinkunaco.ar\/index.php?rest_route=%2Fwp%2Fv2%2Fcategories&post=2791"},{"taxonomy":"post_tag","embeddable":true,"href":"https:\/\/fmtinkunaco.ar\/index.php?rest_route=%2Fwp%2Fv2%2Ftags&post=2791"}],"curies":[{"name":"wp","href":"https:\/\/api.w.org\/{rel}","templated":true}]}}