{"id":2798,"date":"2021-02-10T15:11:02","date_gmt":"2021-02-10T18:11:02","guid":{"rendered":"http:\/\/fmtinkunaco.com.ar\/?p=2798"},"modified":"2021-02-10T15:11:02","modified_gmt":"2021-02-10T18:11:02","slug":"las-fiestas-barriales-de-carnaval-atravesadas-por-la-pandemia","status":"publish","type":"post","link":"https:\/\/fmtinkunaco.ar\/?p=2798","title":{"rendered":"Las fiestas barriales de carnaval atravesadas por la pandemia"},"content":{"rendered":"<p>El pr\u00f3ximo lunes 15 y martes 16 de febrero, se llevar\u00e1 adelante el feriado por carnaval en nuestro pa\u00eds.<\/p>\n<p>Feriados nacionales que supieron instalarse en 1956 y que la \u00faltima dictadura c\u00edvico militar de 1976, en nuestro pa\u00eds, elimino. Posteriormente, se restablecieron el 2011.<\/p>\n<p>En nuestro territorio, los festejos responden a las celebraciones, corsos, fiestas que realizan y organizan diferentes organizaciones barriales y de las que participan tanto la comunidad como las murgas del territorio, ya reconocidas por su trayectoria en visibilizar y denunciar, por ser la voz de la comunidad.<\/p>\n<p>En di\u00e1logo con el programa radial \u201cEncuentro con las Noticias\u201d, Omar Foresti, integrante de la Murga Los Gastasuelas describi\u00f3 lo at\u00edpico de esta celebraci\u00f3n durante una pandemia y una disposici\u00f3n de distanciamientos social, preventivo y obligatorio, <em>\u201cEstos d\u00edas estuvimos repensando un mont\u00f3n de cosas, que es parte tambi\u00e9n de la historia que venimos construyendo, de todas nuestras luchas, de todas nuestras actividades, nuestras propuestas, si queres de una nueva mirada comunitaria; han pasado siempre por esta construcci\u00f3n de redes. No solo de las redes con las organizaciones, sino tambi\u00e9n de los v\u00ednculos con nuestros vecinos y vecinas. Y en esa reconstrucci\u00f3n, en ese volver a mirarnos y encontrarnos estaba siempre la propuesta de los abrazos, de las esquinas, de las fiestas, de las luchas. Tantas cosas donde en el g\u00e9nero de la murga y el carnaval, se mezclaba todo en una sana convivencia para buscar si queres una vida diferente u otro pasar diferente.<\/em><br \/>\n<em> (\u2026) Y esto nos ha puesto en un alerta de una nueva normalidad, de una nueva forma de vincularnos, de una nueva creatividad porque a un a\u00f1o de esto uno se da cuenta que la virtualidad nos queda chica, que hay de alguna manera empezar a acostumbrarse a una nueva forma de encontrarse\u201d<\/em>.<\/p>\n<p>Foresti, adem\u00e1s, describi\u00f3 la realidad de la murga Gastasuelas <em>\u201cDurante el a\u00f1o, muchas murgas estuvieron intentando alg\u00fan tipo de vuelta, alg\u00fan tipo de normalidad, no es el caso de Gastasuelas que entro en una especie de tranquilidad total, muchos y muchas de las compa\u00f1eras han estado trabajando en sostener la olla, en tratar de que muchos y muchas que est\u00e1n pasando un mal momento puedan tener aunque sea una ayuda.\u201d<\/em><\/p>\n<p>Finalmente, Omar Foresti, se refiri\u00f3 a las \u00a0propuestas de retrasar el corso<em> \u201cHay muchas propuestas de que lo posterguemos y que podamos volver a la calle en julio, en agosto, cuando podamos y decir bueno pongamos esto en el frizzer y lo sacamos cuando sea el momento de poder sacarlo\u00bb.<\/em><\/p>\n<p>Compartimos la entrevista completa<\/p>\n<p><a href=\"https:\/\/archive.org\/details\/audio-omar-foresti-10-02-2021\">Descargar<\/a><\/p>\n<p>&nbsp;<\/p>\n<audio class=\"wp-audio-shortcode\" id=\"audio-2798-2\" preload=\"none\" style=\"width: 100%;\" controls=\"controls\"><source type=\"audio\/mpeg\" src=\"https:\/\/archive.org\/download\/audio-omar-foresti-10-02-2021\/AUDIO%20-%20OMAR%20FORESTI%2010%2002%202021.mp3?_=2\" \/><a href=\"https:\/\/archive.org\/download\/audio-omar-foresti-10-02-2021\/AUDIO%20-%20OMAR%20FORESTI%2010%2002%202021.mp3\">https:\/\/archive.org\/download\/audio-omar-foresti-10-02-2021\/AUDIO%20-%20OMAR%20FORESTI%2010%2002%202021.mp3<\/a><\/audio>\n<p>&nbsp;<\/p>\n<p>&nbsp;<\/p>\n<p>&nbsp;<\/p>\n<div class=\"powerpress_player\" id=\"powerpress_player_6343\"><audio class=\"wp-audio-shortcode\" id=\"audio-2798-1\" preload=\"none\" style=\"width: 100%;\" controls=\"controls\"><source type=\"audio\/mpeg\" src=\"https:\/\/archive.org\/download\/audio-omar-foresti-10-02-2021\/AUDIO%20-%20OMAR%20FORESTI%2010%2002%202021.mp3?_=1\" \/><a href=\"https:\/\/archive.org\/download\/audio-omar-foresti-10-02-2021\/AUDIO%20-%20OMAR%20FORESTI%2010%2002%202021.mp3\">https:\/\/archive.org\/download\/audio-omar-foresti-10-02-2021\/AUDIO%20-%20OMAR%20FORESTI%2010%2002%202021.mp3<\/a><\/audio><\/div><p class=\"powerpress_links powerpress_links_mp3\" style=\"margin-bottom: 1px !important;\">Podcast: <a href=\"https:\/\/archive.org\/download\/audio-omar-foresti-10-02-2021\/AUDIO%20-%20OMAR%20FORESTI%2010%2002%202021.mp3\" class=\"powerpress_link_pinw\" target=\"_blank\" title=\"Reproducir en una nueva ventana\" onclick=\"return powerpress_pinw('https:\/\/fmtinkunaco.ar\/?powerpress_pinw=2798-podcast');\" rel=\"nofollow\">Reproducir en una nueva ventana<\/a> | <a href=\"https:\/\/archive.org\/download\/audio-omar-foresti-10-02-2021\/AUDIO%20-%20OMAR%20FORESTI%2010%2002%202021.mp3\" class=\"powerpress_link_d\" title=\"Descargar\" rel=\"nofollow\" download=\"AUDIO%20-%20OMAR%20FORESTI%2010%2002%202021.mp3\">Descargar<\/a><\/p>","protected":false},"excerpt":{"rendered":"<p>El pr\u00f3ximo lunes 15 y martes 16 de febrero, se llevar\u00e1 adelante el feriado por carnaval en nuestro pa\u00eds. Feriados nacionales que supieron instalarse en 1956 y que la \u00faltima dictadura c\u00edvico militar de 1976, en nuestro pa\u00eds, elimino. Posteriormente, se restablecieron el 2011. En nuestro territorio, los festejos responden a las celebraciones, corsos, fiestas [&hellip;]<\/p>\n","protected":false},"author":1,"featured_media":2799,"comment_status":"open","ping_status":"open","sticky":false,"template":"","format":"standard","meta":{"footnotes":""},"categories":[3],"tags":[],"class_list":["post-2798","post","type-post","status-publish","format-standard","has-post-thumbnail","hentry","category-cultura"],"_links":{"self":[{"href":"https:\/\/fmtinkunaco.ar\/index.php?rest_route=\/wp\/v2\/posts\/2798","targetHints":{"allow":["GET"]}}],"collection":[{"href":"https:\/\/fmtinkunaco.ar\/index.php?rest_route=\/wp\/v2\/posts"}],"about":[{"href":"https:\/\/fmtinkunaco.ar\/index.php?rest_route=\/wp\/v2\/types\/post"}],"author":[{"embeddable":true,"href":"https:\/\/fmtinkunaco.ar\/index.php?rest_route=\/wp\/v2\/users\/1"}],"replies":[{"embeddable":true,"href":"https:\/\/fmtinkunaco.ar\/index.php?rest_route=%2Fwp%2Fv2%2Fcomments&post=2798"}],"version-history":[{"count":0,"href":"https:\/\/fmtinkunaco.ar\/index.php?rest_route=\/wp\/v2\/posts\/2798\/revisions"}],"wp:featuredmedia":[{"embeddable":true,"href":"https:\/\/fmtinkunaco.ar\/index.php?rest_route=\/"}],"wp:attachment":[{"href":"https:\/\/fmtinkunaco.ar\/index.php?rest_route=%2Fwp%2Fv2%2Fmedia&parent=2798"}],"wp:term":[{"taxonomy":"category","embeddable":true,"href":"https:\/\/fmtinkunaco.ar\/index.php?rest_route=%2Fwp%2Fv2%2Fcategories&post=2798"},{"taxonomy":"post_tag","embeddable":true,"href":"https:\/\/fmtinkunaco.ar\/index.php?rest_route=%2Fwp%2Fv2%2Ftags&post=2798"}],"curies":[{"name":"wp","href":"https:\/\/api.w.org\/{rel}","templated":true}]}}