{"id":2806,"date":"2021-02-11T13:53:08","date_gmt":"2021-02-11T16:53:08","guid":{"rendered":"http:\/\/fmtinkunaco.com.ar\/?p=2806"},"modified":"2021-02-11T13:53:08","modified_gmt":"2021-02-11T16:53:08","slug":"ferrocarril-san-martin-complicaciones-para-respetar-el-distanciamiento-social-establecido-por-pandemia","status":"publish","type":"post","link":"https:\/\/fmtinkunaco.ar\/?p=2806","title":{"rendered":"Ferrocarril San Mart\u00edn: complicaciones para respetar el distanciamiento social establecido por pandemia"},"content":{"rendered":"<p>La apertura de diferentes actividades se vio reflejada en el aumento del n\u00famero de personas que cotidianamente utilizan los servicios del Ferrocarril San Mart\u00edn. Esto provoca que el distanciamiento social establecido al comienzo de la cuarentena, y llevado adelante por algunos meses, hoy no pueda ser cumplido dentro de los vagones.<\/p>\n<p>En di\u00e1logo con el programa radial \u201cEncuentro con las Noticias\u201d, Alejandro Alvite, integrante del Movimiento Nacional Ferroviario (MONAFE), se refiri\u00f3 al tema, \u201c<em>Hemos conversado a lo largo de estos meses de verano con algunos sectores, de hecho hemos pasado algunos informes sobre la situaci\u00f3n como se viene dando porque es la \u00fanica l\u00ednea que aun subsiste con el horario de cronograma de domingos y feriado s, en forma permanente y continua. Y a aparte por el incremento de los usuarios del ferrocarril, que fueron abriendo distintas actividades y bueno, esto incremento aun m\u00e1s la cantidad de pasajeros y trae sus consecuencias. Lo que uno se pregunta es cu\u00e1nto se va a potenciar esto con el arribo de las clases\u201d<\/em>.<\/p>\n<p>Alvite, adem\u00e1s, describi\u00f3 el estado de los coches, <em>\u201ces mucha la cantidad de servicios que se anulan y se cancelan, por desperfectos t\u00e9cnicos tanto en la locomotora como en las formaciones que es una metodolog\u00eda que se ha vuelto habitual, se acude r\u00e1pidamente a la cancelaci\u00f3n de un tren y no se puede subsanar porque no es que se persigue una tarea referida a la recuperaci\u00f3n de ese desperfecto para despu\u00e9s revertirlo sino que se suceden una y otra vez desperfectos similares sin que haya una respuesta profunda y eso tiene que ver con la falta de pol\u00edticas de recuperaci\u00f3n y de mantenimiento. Porque aun cuando son menos los trenes que est\u00e1n circulando, por ende menos locomotoras y formaciones est\u00e1n trabajando, no se ha logrado recuperar las que est\u00e1n en este periodo de reposo, supuestamente, sino que al contrario se van desmantelando para armar otras\u201d<\/em>.<\/p>\n<p>Finalmente, Alejandro Alvite, expuso<em> \u201cLa distancia social, no se si recuerdan, de la que se hablaba cuando empez\u00f3 esto, de que solamente iban a poder viajar los pasajeros que pudieran caber sentados, etc. Es una utop\u00eda que nunca se cumpli\u00f3 y es una decisi\u00f3n que propusieron funcionarios que jam\u00e1s en sus vidas viajan en transporte p\u00fablico\u201d.<\/em><\/p>\n<p>Compartimos la entrevista completa<\/p>\n<p><a href=\"https:\/\/archive.org\/details\/audio-alejandro-alvite-monafe-11-02-2021\">Descargar<\/a><\/p>\n<audio class=\"wp-audio-shortcode\" id=\"audio-2806-2\" preload=\"none\" style=\"width: 100%;\" controls=\"controls\"><source type=\"audio\/mpeg\" src=\"https:\/\/archive.org\/download\/audio-alejandro-alvite-monafe-11-02-2021\/AUDIO%20-%20ALEJANDRO%20ALVITE%20%28MONAFE%29%2011%2002%202021.mp3?_=2\" \/><a href=\"https:\/\/archive.org\/download\/audio-alejandro-alvite-monafe-11-02-2021\/AUDIO%20-%20ALEJANDRO%20ALVITE%20%28MONAFE%29%2011%2002%202021.mp3\">https:\/\/archive.org\/download\/audio-alejandro-alvite-monafe-11-02-2021\/AUDIO%20-%20ALEJANDRO%20ALVITE%20%28MONAFE%29%2011%2002%202021.mp3<\/a><\/audio>\n<p>Fotograf\u00eda: Pilar a Diario<\/p>\n<div class=\"powerpress_player\" id=\"powerpress_player_9765\"><audio class=\"wp-audio-shortcode\" id=\"audio-2806-1\" preload=\"none\" style=\"width: 100%;\" controls=\"controls\"><source type=\"audio\/mpeg\" src=\"https:\/\/archive.org\/download\/audio-alejandro-alvite-monafe-11-02-2021\/AUDIO%20-%20ALEJANDRO%20ALVITE%20%28MONAFE%29%2011%2002%202021.mp3?_=1\" \/><a href=\"https:\/\/archive.org\/download\/audio-alejandro-alvite-monafe-11-02-2021\/AUDIO%20-%20ALEJANDRO%20ALVITE%20%28MONAFE%29%2011%2002%202021.mp3\">https:\/\/archive.org\/download\/audio-alejandro-alvite-monafe-11-02-2021\/AUDIO%20-%20ALEJANDRO%20ALVITE%20%28MONAFE%29%2011%2002%202021.mp3<\/a><\/audio><\/div><p class=\"powerpress_links powerpress_links_mp3\" style=\"margin-bottom: 1px !important;\">Podcast: <a href=\"https:\/\/archive.org\/download\/audio-alejandro-alvite-monafe-11-02-2021\/AUDIO%20-%20ALEJANDRO%20ALVITE%20%28MONAFE%29%2011%2002%202021.mp3\" class=\"powerpress_link_pinw\" target=\"_blank\" title=\"Reproducir en una nueva ventana\" onclick=\"return powerpress_pinw('https:\/\/fmtinkunaco.ar\/?powerpress_pinw=2806-podcast');\" rel=\"nofollow\">Reproducir en una nueva ventana<\/a> | <a href=\"https:\/\/archive.org\/download\/audio-alejandro-alvite-monafe-11-02-2021\/AUDIO%20-%20ALEJANDRO%20ALVITE%20%28MONAFE%29%2011%2002%202021.mp3\" class=\"powerpress_link_d\" title=\"Descargar\" rel=\"nofollow\" download=\"AUDIO%20-%20ALEJANDRO%20ALVITE%20%28MONAFE%29%2011%2002%202021.mp3\">Descargar<\/a><\/p>","protected":false},"excerpt":{"rendered":"<p>La apertura de diferentes actividades se vio reflejada en el aumento del n\u00famero de personas que cotidianamente utilizan los servicios del Ferrocarril San Mart\u00edn. Esto provoca que el distanciamiento social establecido al comienzo de la cuarentena, y llevado adelante por algunos meses, hoy no pueda ser cumplido dentro de los vagones. En di\u00e1logo con el [&hellip;]<\/p>\n","protected":false},"author":1,"featured_media":2807,"comment_status":"open","ping_status":"open","sticky":false,"template":"","format":"standard","meta":{"footnotes":""},"categories":[7,9],"tags":[138,211,373],"class_list":["post-2806","post","type-post","status-publish","format-standard","has-post-thumbnail","hentry","category-salud","category-sociedad","tag-covid-19","tag-ferrocarril-san-martin","tag-pandemia"],"_links":{"self":[{"href":"https:\/\/fmtinkunaco.ar\/index.php?rest_route=\/wp\/v2\/posts\/2806","targetHints":{"allow":["GET"]}}],"collection":[{"href":"https:\/\/fmtinkunaco.ar\/index.php?rest_route=\/wp\/v2\/posts"}],"about":[{"href":"https:\/\/fmtinkunaco.ar\/index.php?rest_route=\/wp\/v2\/types\/post"}],"author":[{"embeddable":true,"href":"https:\/\/fmtinkunaco.ar\/index.php?rest_route=\/wp\/v2\/users\/1"}],"replies":[{"embeddable":true,"href":"https:\/\/fmtinkunaco.ar\/index.php?rest_route=%2Fwp%2Fv2%2Fcomments&post=2806"}],"version-history":[{"count":0,"href":"https:\/\/fmtinkunaco.ar\/index.php?rest_route=\/wp\/v2\/posts\/2806\/revisions"}],"wp:featuredmedia":[{"embeddable":true,"href":"https:\/\/fmtinkunaco.ar\/index.php?rest_route=\/"}],"wp:attachment":[{"href":"https:\/\/fmtinkunaco.ar\/index.php?rest_route=%2Fwp%2Fv2%2Fmedia&parent=2806"}],"wp:term":[{"taxonomy":"category","embeddable":true,"href":"https:\/\/fmtinkunaco.ar\/index.php?rest_route=%2Fwp%2Fv2%2Fcategories&post=2806"},{"taxonomy":"post_tag","embeddable":true,"href":"https:\/\/fmtinkunaco.ar\/index.php?rest_route=%2Fwp%2Fv2%2Ftags&post=2806"}],"curies":[{"name":"wp","href":"https:\/\/api.w.org\/{rel}","templated":true}]}}