{"id":2810,"date":"2021-02-17T13:38:16","date_gmt":"2021-02-17T16:38:16","guid":{"rendered":"http:\/\/fmtinkunaco.com.ar\/?p=2810"},"modified":"2021-02-17T13:38:16","modified_gmt":"2021-02-17T16:38:16","slug":"gremio-sadop-exigimos-garantias-e-insumos-para-que-el-docente-pueda-estar-seguro-en-esta-presencialidad","status":"publish","type":"post","link":"https:\/\/fmtinkunaco.ar\/?p=2810","title":{"rendered":"Gremio SADOP: \u201cExigimos garant\u00edas e insumos para que el docente pueda estar seguro en esta presencialidad\u201d"},"content":{"rendered":"<p>Con el inicio de las clases presenciales, durante las pr\u00f3ximas semanas, el gremio SADOP de docentes privados busca velar por la integridad de los docentes y los alumnos, exigiendo insumos y garant\u00edas para el desarrollo apto de la presencialidad.<\/p>\n<p>En di\u00e1logo con el programa radial \u201cEncuentro con las Noticias\u201d, Cecilia Navarro, Secretaria General de Sindicato Argentino de Docentes Privados \u2013 Delegaci\u00f3n Pilar (SADOP), se refiri\u00f3 al estado de las escuelas del distrito pilarense <em>\u201cEs una realidad, para nosotros, dentro del distrito que tenemos una situaci\u00f3n \u00a0de escuelas totalmente heterog\u00e9nea. La realidad de cada escuela, en lo que a m\u00ed me toca que es la realidad de las escuelas de gesti\u00f3n privada, ten\u00e9s escuelas de alto poder adquisitivo y otras que cuentan con subvenci\u00f3n que est\u00e1n enmarcadas dentro de una comunidad o barrio m\u00e1s humilde, entonces con respecto a esto que determino la provincia que fue establecer la actividad presencial en los institutos educativos es que se da esta complejidad\u201d.<\/em><\/p>\n<p>Adem\u00e1s, Navarro, explic\u00f3 que el empleador de los colegios privados debe garantizar, <em>\u201cEs responsabilidad absoluta del representante legal, del empleador garantizar todas las cuestiones referidas a seguridad e higiene para que esta presencialidad se d\u00e9 con ciertas garant\u00edas. La temperatura antes de ingresar, los ambientes ventilados, obligatoriedad de tapabocas y mascaras, mantener distancia, tener agua disponible\u00a0 y jab\u00f3n para el lavado de manos. Nosotros estamos esperando esta etapa de comienzo para estar presente ya sea desde el Ministerio de Trabajo como de Diegep para poder velar que estas cuestiones, de protocolo, se lleven adelante y se garantice la salud de los trabajadores y las trabajadoras, as\u00ed como tambi\u00e9n de los alumnos\u201d<\/em>.<\/p>\n<p>En paralelo, Cecilia Navarro, describi\u00f3 que en Pilar, la semana pasada comenzaron a vacunar, principalmente las y los docentes que forman parte del grupo de riesgo, <em>\u201cAc\u00e1 en el partido de Pilar, se comenz\u00f3 la vacunaci\u00f3n el lunes pasado, se comenz\u00f3 con aquellos docentes inscriptos a trav\u00e9s de la paginas; los docentes de riesgo, docentes que est\u00e1n con alg\u00fan tipo de patolog\u00eda especial. Fue realmente fluida la confluencia de docentes porque ciertamente hay un gran inter\u00e9s por recibir la vacuna y tambi\u00e9n en lo que respecta a la relaci\u00f3n de empleo a privada, que es la que nos toca, el empleador es el que incentiva a que tambi\u00e9n se puedan vacunar los trabajadores. As\u00ed que bueno, estamos esperando la segunda llegada de dosis para continuar en esta semana\u201d.<\/em><\/p>\n<p>El gremio se encuentra exigiendo las garant\u00edas y los insumos que permitan garantizar la presencialidad, \u201c<em>Hoy por hoy, nosotros si exigimos son las garant\u00edas y los insumos correspondientes para que ese docente que trabaja en la gesti\u00f3n privada puedan estar seguros en esta presencialidad y todos aquellos docentes que tienen la dispensa, por ejemplo porque est\u00e1n embarazadas, porque son mayores de 60 o porque tienen alg\u00fan tipo de patolog\u00eda que los incluye en el grupo de riesgo, se tome las dispensas para poder trabajar desde su hogar, desde la virtualidad\u201d.<\/em><\/p>\n<p>Finalmente, Cecilia Navarro remarc\u00f3 <em>\u201cEstamos atentos y las inspecciones que sean necesarias las vamos a hacer con el Ministerio y con Diegep para poder garantizar el cuidado de todos\u201d-.<\/em><\/p>\n<p>Compartimos la entrevista completa<\/p>\n<p><a href=\"https:\/\/archive.org\/details\/audio-cecilia-navarro-sadop-pilar-17-02-2021\">Descargar<\/a><\/p>\n<audio class=\"wp-audio-shortcode\" id=\"audio-2810-2\" preload=\"none\" style=\"width: 100%;\" controls=\"controls\"><source type=\"audio\/mpeg\" src=\"https:\/\/archive.org\/download\/audio-cecilia-navarro-sadop-pilar-17-02-2021\/AUDIO%20-%20CECILIA%20NAVARRO%20%28SADOP%20PILAR%29%2017%2002%202021.mp3?_=2\" \/><a href=\"https:\/\/archive.org\/download\/audio-cecilia-navarro-sadop-pilar-17-02-2021\/AUDIO%20-%20CECILIA%20NAVARRO%20%28SADOP%20PILAR%29%2017%2002%202021.mp3\">https:\/\/archive.org\/download\/audio-cecilia-navarro-sadop-pilar-17-02-2021\/AUDIO%20-%20CECILIA%20NAVARRO%20%28SADOP%20PILAR%29%2017%2002%202021.mp3<\/a><\/audio>\n<p>&nbsp;<\/p>\n<p>&nbsp;<\/p>\n<div class=\"powerpress_player\" id=\"powerpress_player_5690\"><audio class=\"wp-audio-shortcode\" id=\"audio-2810-1\" preload=\"none\" style=\"width: 100%;\" controls=\"controls\"><source type=\"audio\/mpeg\" src=\"https:\/\/archive.org\/download\/audio-cecilia-navarro-sadop-pilar-17-02-2021\/AUDIO%20-%20CECILIA%20NAVARRO%20%28SADOP%20PILAR%29%2017%2002%202021.mp3?_=1\" \/><a href=\"https:\/\/archive.org\/download\/audio-cecilia-navarro-sadop-pilar-17-02-2021\/AUDIO%20-%20CECILIA%20NAVARRO%20%28SADOP%20PILAR%29%2017%2002%202021.mp3\">https:\/\/archive.org\/download\/audio-cecilia-navarro-sadop-pilar-17-02-2021\/AUDIO%20-%20CECILIA%20NAVARRO%20%28SADOP%20PILAR%29%2017%2002%202021.mp3<\/a><\/audio><\/div><p class=\"powerpress_links powerpress_links_mp3\" style=\"margin-bottom: 1px !important;\">Podcast: <a href=\"https:\/\/archive.org\/download\/audio-cecilia-navarro-sadop-pilar-17-02-2021\/AUDIO%20-%20CECILIA%20NAVARRO%20%28SADOP%20PILAR%29%2017%2002%202021.mp3\" class=\"powerpress_link_pinw\" target=\"_blank\" title=\"Reproducir en una nueva ventana\" onclick=\"return powerpress_pinw('https:\/\/fmtinkunaco.ar\/?powerpress_pinw=2810-podcast');\" rel=\"nofollow\">Reproducir en una nueva ventana<\/a> | <a href=\"https:\/\/archive.org\/download\/audio-cecilia-navarro-sadop-pilar-17-02-2021\/AUDIO%20-%20CECILIA%20NAVARRO%20%28SADOP%20PILAR%29%2017%2002%202021.mp3\" class=\"powerpress_link_d\" title=\"Descargar\" rel=\"nofollow\" download=\"AUDIO%20-%20CECILIA%20NAVARRO%20%28SADOP%20PILAR%29%2017%2002%202021.mp3\">Descargar<\/a><\/p>","protected":false},"excerpt":{"rendered":"<p>Con el inicio de las clases presenciales, durante las pr\u00f3ximas semanas, el gremio SADOP de docentes privados busca velar por la integridad de los docentes y los alumnos, exigiendo insumos y garant\u00edas para el desarrollo apto de la presencialidad. En di\u00e1logo con el programa radial \u201cEncuentro con las Noticias\u201d, Cecilia Navarro, Secretaria General de Sindicato [&hellip;]<\/p>\n","protected":false},"author":1,"featured_media":2811,"comment_status":"open","ping_status":"open","sticky":false,"template":"","format":"standard","meta":{"footnotes":""},"categories":[5],"tags":[437],"class_list":["post-2810","post","type-post","status-publish","format-standard","has-post-thumbnail","hentry","category-educacion","tag-sadop"],"_links":{"self":[{"href":"https:\/\/fmtinkunaco.ar\/index.php?rest_route=\/wp\/v2\/posts\/2810","targetHints":{"allow":["GET"]}}],"collection":[{"href":"https:\/\/fmtinkunaco.ar\/index.php?rest_route=\/wp\/v2\/posts"}],"about":[{"href":"https:\/\/fmtinkunaco.ar\/index.php?rest_route=\/wp\/v2\/types\/post"}],"author":[{"embeddable":true,"href":"https:\/\/fmtinkunaco.ar\/index.php?rest_route=\/wp\/v2\/users\/1"}],"replies":[{"embeddable":true,"href":"https:\/\/fmtinkunaco.ar\/index.php?rest_route=%2Fwp%2Fv2%2Fcomments&post=2810"}],"version-history":[{"count":0,"href":"https:\/\/fmtinkunaco.ar\/index.php?rest_route=\/wp\/v2\/posts\/2810\/revisions"}],"wp:featuredmedia":[{"embeddable":true,"href":"https:\/\/fmtinkunaco.ar\/index.php?rest_route=\/"}],"wp:attachment":[{"href":"https:\/\/fmtinkunaco.ar\/index.php?rest_route=%2Fwp%2Fv2%2Fmedia&parent=2810"}],"wp:term":[{"taxonomy":"category","embeddable":true,"href":"https:\/\/fmtinkunaco.ar\/index.php?rest_route=%2Fwp%2Fv2%2Fcategories&post=2810"},{"taxonomy":"post_tag","embeddable":true,"href":"https:\/\/fmtinkunaco.ar\/index.php?rest_route=%2Fwp%2Fv2%2Ftags&post=2810"}],"curies":[{"name":"wp","href":"https:\/\/api.w.org\/{rel}","templated":true}]}}