{"id":2823,"date":"2021-02-19T09:57:15","date_gmt":"2021-02-19T12:57:15","guid":{"rendered":"http:\/\/fmtinkunaco.com.ar\/?p=2823"},"modified":"2021-02-19T09:57:15","modified_gmt":"2021-02-19T12:57:15","slug":"jose-c-paz-mas-del-90-de-las-escuelas-publicas-no-estan-en-condiciones-de-retomar-las-clases-presenciales","status":"publish","type":"post","link":"https:\/\/fmtinkunaco.ar\/?p=2823","title":{"rendered":"Jos\u00e9. C. Paz: M\u00e1s del 90% de las escuelas p\u00fablicas no est\u00e1n en condiciones de retomar las clases presenciales"},"content":{"rendered":"<p>En el marco de la vuelta presencial a las aulas, docentes se encuentran denunciando que las escuelas no est\u00e1n en condiciones de cumplir con el protocolo sanitario.<\/p>\n<p>En di\u00e1logo con el programa radial \u201cEncuentro con las Noticias\u201d, Hugo Pacheco, Director de la Escuela Secundaria N\u00b0 34 de Jos\u00e9. C. Paz, se refiri\u00f3 al estado de las escuelas <em>\u201cM\u00e1s del 90% de las escuelas p\u00fablicas no est\u00e1n en condiciones para volver a las clases presenciales. Consideramos que no hay protocolos que se pueda seguir adelante sin ning\u00fan tipo de recurso. Pues con los discursos no se solucionan los graves problemas edilicios y sanitarios que tienen las escuelas y nuestras comunidades educativas\u201d.<\/em><\/p>\n<p>Pacheco, adem\u00e1s, describi\u00f3 el estado edilicio de los colegios,<em> \u201cLa situaci\u00f3n de la infraestructura se ha ido agudizando con la pandemia porque en este cuadro tan dif\u00edcil, las escuelas han derruido mucho m\u00e1s, las escuelas est\u00e1n peores que el a\u00f1o pasado pues no se ha puesto un peso para solucionar los graves problemas de infraestructura que tienen las escuelas de Jos\u00e9. C. Paz\u201d.<\/em><\/p>\n<p>Hugo Pacheco, finalmente, sostuvo\u00a0 <em>\u201cEn este contexto el plan jurisdiccional, para volver a las aulas, es algo impracticable pues no solo no se puede poner en pr\u00e1ctica ning\u00fan tipo de protocolo en este cuadro de situaci\u00f3n\u00a0sino que nadie puede asegurar escuelas seguras, salubres, libres de riesgos, con espacios sanitizados, por eso decimos que el plan jurisdiccional se cae de maduro en un contexto de situaci\u00f3n\u00a0tan aciago y del cuadro en el cual se encuentran todas o casi todas las escuelas de Jos\u00e9. C. Paz\u00bb.<\/em><\/p>\n<p>Desde la Escuela Secundaria N\u00b034 sostienen que hasta que no se garanticen las condiciones necesarias, no se vuelve a las escuelas.<\/p>\n<p>Compartimos el testimonio completo<\/p>\n<p><a href=\"https:\/\/archive.org\/details\/audio-hugo-pacheco-19-02-2021\">Descargar<\/a><\/p>\n<audio class=\"wp-audio-shortcode\" id=\"audio-2823-2\" preload=\"none\" style=\"width: 100%;\" controls=\"controls\"><source type=\"audio\/mpeg\" src=\"https:\/\/archive.org\/download\/audio-hugo-pacheco-19-02-2021\/AUDIO%20-%20HUGO%20PACHECO%2019%2002%202021.mp3?_=2\" \/><a href=\"https:\/\/archive.org\/download\/audio-hugo-pacheco-19-02-2021\/AUDIO%20-%20HUGO%20PACHECO%2019%2002%202021.mp3\">https:\/\/archive.org\/download\/audio-hugo-pacheco-19-02-2021\/AUDIO%20-%20HUGO%20PACHECO%2019%2002%202021.mp3<\/a><\/audio>\n<p>&nbsp;<\/p>\n<div class=\"powerpress_player\" id=\"powerpress_player_9076\"><audio class=\"wp-audio-shortcode\" id=\"audio-2823-1\" preload=\"none\" style=\"width: 100%;\" controls=\"controls\"><source type=\"audio\/mpeg\" src=\"https:\/\/archive.org\/download\/audio-hugo-pacheco-19-02-2021\/AUDIO%20-%20HUGO%20PACHECO%2019%2002%202021.mp3?_=1\" \/><a href=\"https:\/\/archive.org\/download\/audio-hugo-pacheco-19-02-2021\/AUDIO%20-%20HUGO%20PACHECO%2019%2002%202021.mp3\">https:\/\/archive.org\/download\/audio-hugo-pacheco-19-02-2021\/AUDIO%20-%20HUGO%20PACHECO%2019%2002%202021.mp3<\/a><\/audio><\/div><p class=\"powerpress_links powerpress_links_mp3\" style=\"margin-bottom: 1px !important;\">Podcast: <a href=\"https:\/\/archive.org\/download\/audio-hugo-pacheco-19-02-2021\/AUDIO%20-%20HUGO%20PACHECO%2019%2002%202021.mp3\" class=\"powerpress_link_pinw\" target=\"_blank\" title=\"Reproducir en una nueva ventana\" onclick=\"return powerpress_pinw('https:\/\/fmtinkunaco.ar\/?powerpress_pinw=2823-podcast');\" rel=\"nofollow\">Reproducir en una nueva ventana<\/a> | <a href=\"https:\/\/archive.org\/download\/audio-hugo-pacheco-19-02-2021\/AUDIO%20-%20HUGO%20PACHECO%2019%2002%202021.mp3\" class=\"powerpress_link_d\" title=\"Descargar\" rel=\"nofollow\" download=\"AUDIO%20-%20HUGO%20PACHECO%2019%2002%202021.mp3\">Descargar<\/a><\/p>","protected":false},"excerpt":{"rendered":"<p>En el marco de la vuelta presencial a las aulas, docentes se encuentran denunciando que las escuelas no est\u00e1n en condiciones de cumplir con el protocolo sanitario. En di\u00e1logo con el programa radial \u201cEncuentro con las Noticias\u201d, Hugo Pacheco, Director de la Escuela Secundaria N\u00b0 34 de Jos\u00e9. C. Paz, se refiri\u00f3 al estado de [&hellip;]<\/p>\n","protected":false},"author":1,"featured_media":2824,"comment_status":"open","ping_status":"open","sticky":false,"template":"","format":"standard","meta":{"footnotes":""},"categories":[5],"tags":[337],"class_list":["post-2823","post","type-post","status-publish","format-standard","has-post-thumbnail","hentry","category-educacion","tag-municipio-de-jose-c-paz"],"_links":{"self":[{"href":"https:\/\/fmtinkunaco.ar\/index.php?rest_route=\/wp\/v2\/posts\/2823","targetHints":{"allow":["GET"]}}],"collection":[{"href":"https:\/\/fmtinkunaco.ar\/index.php?rest_route=\/wp\/v2\/posts"}],"about":[{"href":"https:\/\/fmtinkunaco.ar\/index.php?rest_route=\/wp\/v2\/types\/post"}],"author":[{"embeddable":true,"href":"https:\/\/fmtinkunaco.ar\/index.php?rest_route=\/wp\/v2\/users\/1"}],"replies":[{"embeddable":true,"href":"https:\/\/fmtinkunaco.ar\/index.php?rest_route=%2Fwp%2Fv2%2Fcomments&post=2823"}],"version-history":[{"count":0,"href":"https:\/\/fmtinkunaco.ar\/index.php?rest_route=\/wp\/v2\/posts\/2823\/revisions"}],"wp:featuredmedia":[{"embeddable":true,"href":"https:\/\/fmtinkunaco.ar\/index.php?rest_route=\/"}],"wp:attachment":[{"href":"https:\/\/fmtinkunaco.ar\/index.php?rest_route=%2Fwp%2Fv2%2Fmedia&parent=2823"}],"wp:term":[{"taxonomy":"category","embeddable":true,"href":"https:\/\/fmtinkunaco.ar\/index.php?rest_route=%2Fwp%2Fv2%2Fcategories&post=2823"},{"taxonomy":"post_tag","embeddable":true,"href":"https:\/\/fmtinkunaco.ar\/index.php?rest_route=%2Fwp%2Fv2%2Ftags&post=2823"}],"curies":[{"name":"wp","href":"https:\/\/api.w.org\/{rel}","templated":true}]}}