{"id":2837,"date":"2021-02-23T14:32:04","date_gmt":"2021-02-23T17:32:04","guid":{"rendered":"http:\/\/fmtinkunaco.com.ar\/?p=2837"},"modified":"2021-02-23T14:32:04","modified_gmt":"2021-02-23T17:32:04","slug":"la-tucumanita-pilar-15-anos-de-cultura-y-comidas-regionales","status":"publish","type":"post","link":"https:\/\/fmtinkunaco.ar\/?p=2837","title":{"rendered":"La Tucumanita Pilar: 15 a\u00f1os de cultura y comidas regionales \u00a0"},"content":{"rendered":"<p>La \u201cTucu\u201d se supo convertir en el lugar de encuentro de familias, amistades y supo acompa\u00f1ar la cena de cientos de personas con m\u00fasica de lujo. Artistas argentinos y de naciones hermanas han recorrido el escenario ubicado en Victor Vergani 578 \u2013 Pilar Centro.<\/p>\n<p>Actualmente, como consecuencia de la pandemia, La Tucumanita se encuentra trabajando \u00fanicamente con la modalidad de la reserva y el retiro del pedido en el lugar.<br \/>\nAdem\u00e1s, en este 2021, La Tucu cumple 15 a\u00f1os.<\/p>\n<p>En di\u00e1logo con el programa radial \u201cEncuentro con las Noticias\u201d, Claudio Sosa, M\u00fasico, Productor Cultural y due\u00f1o de La Tucumanita de Pilar, describi\u00f3 los momentos actuales, \u201cLa verdad que cada vez que yo entro a la Tucu, tengo esa nostalgia de las noches con gente, con espect\u00e1culos. Me da una pena tremenda porque desde lo cultural, m\u00e1s que desde lo comercial, creo que en mi caso yo lo sufro much\u00edsimo m\u00e1s desde lo cultural porque aparte tambi\u00e9n mi otra profesi\u00f3n, que es cantar, tambi\u00e9n hace un a\u00f1o que no estoy tampoco en un recital en vivo\u201d.<\/p>\n<p>Sosa, adem\u00e1s, se refiri\u00f3 a la situaci\u00f3n cultural, \u201cEs muy complejo y lamentablemente nosotros a nivel estado en lo que se refiere a lo cultural que es lo que podr\u00edan haber trabajado y juntos; porque creo que todos nos quedamos bastante en la organizaci\u00f3n de lo cultural, nos quedamos mucho, muy est\u00e1ticos y no pudimos trabajar a distancia como si lo hizo la educaci\u00f3n. Y realmente, ahora cuesta volver a sincronizar, hacer que un Director de Cultura, que un Secretario de Cultura, que un Ente Cultural del Estado tenga un plan. Deber\u00eda tener un plan porque ellos siguieron tambi\u00e9n trabajando desde su puesto laboral y lo que nos pasa a los m\u00fasicos, los artistas, bailarines, a la gente de teatro, a los escritores, es que nosotros no tenemos un sueldo. Entonces toda la profesi\u00f3n est\u00e1 sostenida, muchas veces, por los espect\u00e1culos en vivo\u201d.<\/p>\n<p>Claudio Sosa, explic\u00f3 las complicaciones para reabrir las puertas y el contacto de las autoridades municipales como lugar gastron\u00f3mico, \u201cEs muy dif\u00edcil para nosotros porque no es una cuesti\u00f3n solamente comercial, sino que la Tucumanita no tiene patio, por ejemplo, la calle es muy complicada, no se puede cortar ni ceder un poco de ese espacio porque es una pasada al hospital, es una pasada de muchos colectivos. Hubo si, para ser justos, un contacto para ver qu\u00e9 se pod\u00eda hacer y la verdad mucho no pod\u00edamos hacer y tambi\u00e9n esta la cuesti\u00f3n, que va mas alla del municipio, que es que los pocos que quedamos trabajando en la Tucu nos tenemos que cuidar\u201d.<br \/>\nPero en esta l\u00ednea, sostuvo, \u201cMe hubiese gustado m\u00e1s que me convoquen, no solamente por el espacio propio, por lo individual sino por una cuesti\u00f3n de la visi\u00f3n que yo puedo tener de la cultura a 15 a\u00f1os de trabajar aca en Pilar; de ser un productor, a nivel nacional, de encuentros sobretodo en espacios al aire libre. Yo creo que podr\u00eda haber habido una convocatoria sin tener que uno ir a golpear una puerta\u201d.<\/p>\n<p>Finalmente, Sosa, remarc\u00f3 \u201cTiene que ser consciente el Estado de que la cultura es una necesidad\u201d.<\/p>\n<p>Compartimos la entrevista completa<\/p>\n<p><a href=\"https:\/\/archive.org\/details\/audio-claudio-sosa-23-02-2021\">Descargar<\/a><\/p>\n<p>&nbsp;<\/p>\n<audio class=\"wp-audio-shortcode\" id=\"audio-2837-2\" preload=\"none\" style=\"width: 100%;\" controls=\"controls\"><source type=\"audio\/mpeg\" src=\"https:\/\/archive.org\/download\/audio-claudio-sosa-23-02-2021\/AUDIO%20-%20CLAUDIO%20SOSA%2023%2002%202021.mp3?_=2\" \/><a href=\"https:\/\/archive.org\/download\/audio-claudio-sosa-23-02-2021\/AUDIO%20-%20CLAUDIO%20SOSA%2023%2002%202021.mp3\">https:\/\/archive.org\/download\/audio-claudio-sosa-23-02-2021\/AUDIO%20-%20CLAUDIO%20SOSA%2023%2002%202021.mp3<\/a><\/audio>\n<p>&nbsp;<\/p>\n<div class=\"powerpress_player\" id=\"powerpress_player_8616\"><audio class=\"wp-audio-shortcode\" id=\"audio-2837-1\" preload=\"none\" style=\"width: 100%;\" controls=\"controls\"><source type=\"audio\/mpeg\" src=\"https:\/\/archive.org\/download\/audio-claudio-sosa-23-02-2021\/AUDIO%20-%20CLAUDIO%20SOSA%2023%2002%202021.mp3?_=1\" \/><a href=\"https:\/\/archive.org\/download\/audio-claudio-sosa-23-02-2021\/AUDIO%20-%20CLAUDIO%20SOSA%2023%2002%202021.mp3\">https:\/\/archive.org\/download\/audio-claudio-sosa-23-02-2021\/AUDIO%20-%20CLAUDIO%20SOSA%2023%2002%202021.mp3<\/a><\/audio><\/div><p class=\"powerpress_links powerpress_links_mp3\" style=\"margin-bottom: 1px !important;\">Podcast: <a href=\"https:\/\/archive.org\/download\/audio-claudio-sosa-23-02-2021\/AUDIO%20-%20CLAUDIO%20SOSA%2023%2002%202021.mp3\" class=\"powerpress_link_pinw\" target=\"_blank\" title=\"Reproducir en una nueva ventana\" onclick=\"return powerpress_pinw('https:\/\/fmtinkunaco.ar\/?powerpress_pinw=2837-podcast');\" rel=\"nofollow\">Reproducir en una nueva ventana<\/a> | <a href=\"https:\/\/archive.org\/download\/audio-claudio-sosa-23-02-2021\/AUDIO%20-%20CLAUDIO%20SOSA%2023%2002%202021.mp3\" class=\"powerpress_link_d\" title=\"Descargar\" rel=\"nofollow\" download=\"AUDIO%20-%20CLAUDIO%20SOSA%2023%2002%202021.mp3\">Descargar<\/a><\/p>","protected":false},"excerpt":{"rendered":"<p>La \u201cTucu\u201d se supo convertir en el lugar de encuentro de familias, amistades y supo acompa\u00f1ar la cena de cientos de personas con m\u00fasica de lujo. Artistas argentinos y de naciones hermanas han recorrido el escenario ubicado en Victor Vergani 578 \u2013 Pilar Centro. Actualmente, como consecuencia de la pandemia, La Tucumanita se encuentra trabajando [&hellip;]<\/p>\n","protected":false},"author":1,"featured_media":2838,"comment_status":"open","ping_status":"open","sticky":false,"template":"","format":"standard","meta":{"footnotes":""},"categories":[3],"tags":[493],"class_list":["post-2837","post","type-post","status-publish","format-standard","has-post-thumbnail","hentry","category-cultura","tag-tucumanita-pilar"],"_links":{"self":[{"href":"https:\/\/fmtinkunaco.ar\/index.php?rest_route=\/wp\/v2\/posts\/2837","targetHints":{"allow":["GET"]}}],"collection":[{"href":"https:\/\/fmtinkunaco.ar\/index.php?rest_route=\/wp\/v2\/posts"}],"about":[{"href":"https:\/\/fmtinkunaco.ar\/index.php?rest_route=\/wp\/v2\/types\/post"}],"author":[{"embeddable":true,"href":"https:\/\/fmtinkunaco.ar\/index.php?rest_route=\/wp\/v2\/users\/1"}],"replies":[{"embeddable":true,"href":"https:\/\/fmtinkunaco.ar\/index.php?rest_route=%2Fwp%2Fv2%2Fcomments&post=2837"}],"version-history":[{"count":0,"href":"https:\/\/fmtinkunaco.ar\/index.php?rest_route=\/wp\/v2\/posts\/2837\/revisions"}],"wp:featuredmedia":[{"embeddable":true,"href":"https:\/\/fmtinkunaco.ar\/index.php?rest_route=\/"}],"wp:attachment":[{"href":"https:\/\/fmtinkunaco.ar\/index.php?rest_route=%2Fwp%2Fv2%2Fmedia&parent=2837"}],"wp:term":[{"taxonomy":"category","embeddable":true,"href":"https:\/\/fmtinkunaco.ar\/index.php?rest_route=%2Fwp%2Fv2%2Fcategories&post=2837"},{"taxonomy":"post_tag","embeddable":true,"href":"https:\/\/fmtinkunaco.ar\/index.php?rest_route=%2Fwp%2Fv2%2Ftags&post=2837"}],"curies":[{"name":"wp","href":"https:\/\/api.w.org\/{rel}","templated":true}]}}