{"id":2891,"date":"2021-02-24T13:25:35","date_gmt":"2021-02-24T16:25:35","guid":{"rendered":"http:\/\/fmtinkunaco.com.ar\/?p=2891"},"modified":"2021-02-24T13:25:35","modified_gmt":"2021-02-24T16:25:35","slug":"la-herreria-teatro-reabrio-sus-puertas-a-la-comunidad","status":"publish","type":"post","link":"https:\/\/fmtinkunaco.ar\/?p=2891","title":{"rendered":"La Herrer\u00eda Teatro reabri\u00f3 sus puertas a la comunidad"},"content":{"rendered":"<p>La Herrer\u00eda Teatro, ubicada en San Miguel, reabri\u00f3 sus puertas a la comunidad luego de un periodo sin actividad a ra\u00edz de la disposici\u00f3n de aislamiento social y posteriormente de distanciamiento social, preventivo y obligatorio.<\/p>\n<p>La primera presentaci\u00f3n del a\u00f1o, en la presencialidad, se llev\u00f3 adelante el domingo 21 de febrero.<\/p>\n<p>En di\u00e1logo con el programa radial \u201cEncuentro con las Noticias\u201d, Gast\u00f3n Guerra, referente de la Herrer\u00eda Teatro, se refiri\u00f3 a este regreso tan esperado, <em>\u201cEstamos de a poco, volviendo, contentos y a la vez enrarezidos, no podemos dejar de sentir esta rareza en las formas de c\u00f3mo estamos volviendo. La verdad que cost\u00f3 mucho trabajo, estamos cumpliendo un a\u00f1o sin actividad\u201d.<\/em><\/p>\n<p>Guerra, adem\u00e1s, se describi\u00f3 la respuesta de la comunidad, <em>\u201cEl domingo empezamos este experimento de hacer funciones en la calle, hab\u00edamos hecho actividades, pero nunca una funci\u00f3n y que la gente se siente a ver un espect\u00e1culo y la verdad que fue un lindo arranque. Empezamos el domingo a las 18hs con la Compa\u00f1\u00eda Sin Julepe, que son amigos de la casa y la verdad que estuvo buen\u00edsimo. Lo que sucedi\u00f3 art\u00edsticamente y lo que sucedi\u00f3 con nuestra comunidad, con la gente que va a la Herrer\u00eda o que empieza a conocer la Herrer\u00eda y nada, sentarnos ah\u00ed con todos los protocolos que no fue cosa f\u00e1cil porque hay que hacer un mont\u00f3n de tr\u00e1mites para cualquier actividad. As\u00ed que tuvimos que hacer protocolos nosotros y ser aprobados por la municipalidad de San Miguel pero al final lo hicimos y vamos a seguir este experimento estos 4 domingos que quedan\u201d.<\/em><\/p>\n<p>La Herrer\u00eda, tambi\u00e9n, abri\u00f3 las inscripciones a talleres presenciales pero con cupo limitado.<\/p>\n<p>Finalmente, Gast\u00f3n Guerra, sostuvo <em>\u201cNosotros estamos contentos y contentas, todas las herreras y los herreros, con este comienzo que fue el domingo y la gente respondi\u00f3 re bien\u201d.<\/em><\/p>\n<p>La Herrer\u00eda se encuentra reservando lugares con anticipaci\u00f3n y los espect\u00e1culos se desarrollan cumpliendo los protocolos sanitarios.<\/p>\n<p>Compartimos la entrevista completa<\/p>\n<p><a href=\"https:\/\/archive.org\/details\/audio-gaston-guerra-24-02-2021\">Descargar<\/a><\/p>\n<p>&nbsp;<\/p>\n<audio class=\"wp-audio-shortcode\" id=\"audio-2891-2\" preload=\"none\" style=\"width: 100%;\" controls=\"controls\"><source type=\"audio\/mpeg\" src=\"https:\/\/archive.org\/download\/audio-gaston-guerra-24-02-2021\/AUDIO%20-%20GASTON%20GUERRA%2024%2002%202021.mp3?_=2\" \/><a href=\"https:\/\/archive.org\/download\/audio-gaston-guerra-24-02-2021\/AUDIO%20-%20GASTON%20GUERRA%2024%2002%202021.mp3\">https:\/\/archive.org\/download\/audio-gaston-guerra-24-02-2021\/AUDIO%20-%20GASTON%20GUERRA%2024%2002%202021.mp3<\/a><\/audio>\n<div class=\"powerpress_player\" id=\"powerpress_player_7715\"><audio class=\"wp-audio-shortcode\" id=\"audio-2891-1\" preload=\"none\" style=\"width: 100%;\" controls=\"controls\"><source type=\"audio\/mpeg\" src=\"https:\/\/archive.org\/download\/audio-gaston-guerra-24-02-2021\/AUDIO%20-%20GASTON%20GUERRA%2024%2002%202021.mp3?_=1\" \/><a href=\"https:\/\/archive.org\/download\/audio-gaston-guerra-24-02-2021\/AUDIO%20-%20GASTON%20GUERRA%2024%2002%202021.mp3\">https:\/\/archive.org\/download\/audio-gaston-guerra-24-02-2021\/AUDIO%20-%20GASTON%20GUERRA%2024%2002%202021.mp3<\/a><\/audio><\/div><p class=\"powerpress_links powerpress_links_mp3\" style=\"margin-bottom: 1px !important;\">Podcast: <a href=\"https:\/\/archive.org\/download\/audio-gaston-guerra-24-02-2021\/AUDIO%20-%20GASTON%20GUERRA%2024%2002%202021.mp3\" class=\"powerpress_link_pinw\" target=\"_blank\" title=\"Reproducir en una nueva ventana\" onclick=\"return powerpress_pinw('https:\/\/fmtinkunaco.ar\/?powerpress_pinw=2891-podcast');\" rel=\"nofollow\">Reproducir en una nueva ventana<\/a> | <a href=\"https:\/\/archive.org\/download\/audio-gaston-guerra-24-02-2021\/AUDIO%20-%20GASTON%20GUERRA%2024%2002%202021.mp3\" class=\"powerpress_link_d\" title=\"Descargar\" rel=\"nofollow\" download=\"AUDIO%20-%20GASTON%20GUERRA%2024%2002%202021.mp3\">Descargar<\/a><\/p>","protected":false},"excerpt":{"rendered":"<p>La Herrer\u00eda Teatro, ubicada en San Miguel, reabri\u00f3 sus puertas a la comunidad luego de un periodo sin actividad a ra\u00edz de la disposici\u00f3n de aislamiento social y posteriormente de distanciamiento social, preventivo y obligatorio. La primera presentaci\u00f3n del a\u00f1o, en la presencialidad, se llev\u00f3 adelante el domingo 21 de febrero. En di\u00e1logo con el [&hellip;]<\/p>\n","protected":false},"author":1,"featured_media":2892,"comment_status":"open","ping_status":"open","sticky":false,"template":"","format":"standard","meta":{"footnotes":""},"categories":[3],"tags":[239],"class_list":["post-2891","post","type-post","status-publish","format-standard","has-post-thumbnail","hentry","category-cultura","tag-herreria-teatro"],"_links":{"self":[{"href":"https:\/\/fmtinkunaco.ar\/index.php?rest_route=\/wp\/v2\/posts\/2891","targetHints":{"allow":["GET"]}}],"collection":[{"href":"https:\/\/fmtinkunaco.ar\/index.php?rest_route=\/wp\/v2\/posts"}],"about":[{"href":"https:\/\/fmtinkunaco.ar\/index.php?rest_route=\/wp\/v2\/types\/post"}],"author":[{"embeddable":true,"href":"https:\/\/fmtinkunaco.ar\/index.php?rest_route=\/wp\/v2\/users\/1"}],"replies":[{"embeddable":true,"href":"https:\/\/fmtinkunaco.ar\/index.php?rest_route=%2Fwp%2Fv2%2Fcomments&post=2891"}],"version-history":[{"count":0,"href":"https:\/\/fmtinkunaco.ar\/index.php?rest_route=\/wp\/v2\/posts\/2891\/revisions"}],"wp:featuredmedia":[{"embeddable":true,"href":"https:\/\/fmtinkunaco.ar\/index.php?rest_route=\/"}],"wp:attachment":[{"href":"https:\/\/fmtinkunaco.ar\/index.php?rest_route=%2Fwp%2Fv2%2Fmedia&parent=2891"}],"wp:term":[{"taxonomy":"category","embeddable":true,"href":"https:\/\/fmtinkunaco.ar\/index.php?rest_route=%2Fwp%2Fv2%2Fcategories&post=2891"},{"taxonomy":"post_tag","embeddable":true,"href":"https:\/\/fmtinkunaco.ar\/index.php?rest_route=%2Fwp%2Fv2%2Ftags&post=2891"}],"curies":[{"name":"wp","href":"https:\/\/api.w.org\/{rel}","templated":true}]}}