{"id":2894,"date":"2021-02-24T14:28:50","date_gmt":"2021-02-24T17:28:50","guid":{"rendered":"http:\/\/fmtinkunaco.com.ar\/?p=2894"},"modified":"2021-02-24T14:28:50","modified_gmt":"2021-02-24T17:28:50","slug":"ate-moreno-comienza-a-negociar-la-paritaria-2021","status":"publish","type":"post","link":"https:\/\/fmtinkunaco.ar\/?p=2894","title":{"rendered":"ATE Moreno comienza a negociar la paritaria 2021"},"content":{"rendered":"<p>ATE Moreno comienza, el 2 de marzo, a negociar la paritaria 2021 y se encuentra reclamando que el Ejecutivo Municipal cumpla con la clausula de revisi\u00f3n de diciembre correspondiente a la paritaria 2020 y con el tratamiento de los temas que involucra a la Junta de calificaci\u00f3n y ascenso.<\/p>\n<p>En di\u00e1logo con el programa radial \u201cEncuentro con las Noticias\u201d, Ra\u00fal Soria, Delegado de lxs municipales de ATE MORENO, repas\u00f3 al cierre de paritaria 2020 y las clausulas que aun no fueron cumplidas por el municipio, <em>\u201cHab\u00edamos cerrado un 27%, que se transformaba en el acumulativo en un 29,2%, lo \u00fanico que nos estar\u00eda faltando es que hab\u00eda una clausula de revisi\u00f3n pactada para diciembre y hoy estamos cerca de marzo y todav\u00eda no hemos tenido respuestas con respecto a ese tema, a revisar el \u00faltimo tramo del aumento salarial que ya lo tenemos en el pr\u00f3ximo cobro\u201d<\/em>.<\/p>\n<p>Soria, adem\u00e1s, explic\u00f3 que dentro del acta paritaria tambi\u00e9n se encontraba el compromiso sobre los temas relevantes para lxs trabajadores relacionados con la Junta de calificaci\u00f3n y ascenso, algo que fue celebrado pero aun no fue cumplido por el Ejecutivo, <em>\u201cEstamos tambi\u00e9n, a tres meses de negociaci\u00f3n de tratar en la Junta de calificaci\u00f3n y ascenso los temas importantes para los y las trabajadoras. Temas como, por ejemplo, pase a planta, prejubilable, recategorizaciones y el r\u00e9gimen de 40 horas. <\/em><br \/>\n<em> Realmente no hemos logrado todav\u00eda que se empiece a efectivizar, con decretos, que se logre firmar esas actas y estamos a espera de que esto suceda en la pr\u00f3xima convocatoria\u201d.<\/em><\/p>\n<p>Por otro lado, Soria, describi\u00f3 la situaci\u00f3n de los trabajadores y trabajadoras vacunadas del sector de la salud, \u201cEn lo que son los sectores de salud, es bastante positiva la cantidad de trabajadores y trabajadoras vacunadas, sino me equivoco creo que se llego al 60%-70% de compa\u00f1eros vacunados\u201d.<\/p>\n<p>Desde el espacio acompa\u00f1an y difunden la campa\u00f1a de vacunaci\u00f3n.<\/p>\n<p>Compartimos la entrevista completa<br \/>\n<a href=\"https:\/\/archive.org\/details\/audio-raul-soria-ate-moreno-24-02-2021\">Descargar<\/a><\/p>\n<p>&nbsp;<\/p>\n<audio class=\"wp-audio-shortcode\" id=\"audio-2894-2\" preload=\"none\" style=\"width: 100%;\" controls=\"controls\"><source type=\"audio\/mpeg\" src=\"https:\/\/archive.org\/download\/audio-raul-soria-ate-moreno-24-02-2021\/AUDIO%20-%20RAUL%20SORIA%20%28ATE%20MORENO%29%2024%2002%202021.mp3?_=2\" \/><a href=\"https:\/\/archive.org\/download\/audio-raul-soria-ate-moreno-24-02-2021\/AUDIO%20-%20RAUL%20SORIA%20%28ATE%20MORENO%29%2024%2002%202021.mp3\">https:\/\/archive.org\/download\/audio-raul-soria-ate-moreno-24-02-2021\/AUDIO%20-%20RAUL%20SORIA%20%28ATE%20MORENO%29%2024%2002%202021.mp3<\/a><\/audio>\n<div class=\"powerpress_player\" id=\"powerpress_player_9795\"><audio class=\"wp-audio-shortcode\" id=\"audio-2894-1\" preload=\"none\" style=\"width: 100%;\" controls=\"controls\"><source type=\"audio\/mpeg\" src=\"https:\/\/archive.org\/download\/audio-raul-soria-ate-moreno-24-02-2021\/AUDIO%20-%20RAUL%20SORIA%20%28ATE%20MORENO%29%2024%2002%202021.mp3?_=1\" \/><a href=\"https:\/\/archive.org\/download\/audio-raul-soria-ate-moreno-24-02-2021\/AUDIO%20-%20RAUL%20SORIA%20%28ATE%20MORENO%29%2024%2002%202021.mp3\">https:\/\/archive.org\/download\/audio-raul-soria-ate-moreno-24-02-2021\/AUDIO%20-%20RAUL%20SORIA%20%28ATE%20MORENO%29%2024%2002%202021.mp3<\/a><\/audio><\/div><p class=\"powerpress_links powerpress_links_mp3\" style=\"margin-bottom: 1px !important;\">Podcast: <a href=\"https:\/\/archive.org\/download\/audio-raul-soria-ate-moreno-24-02-2021\/AUDIO%20-%20RAUL%20SORIA%20%28ATE%20MORENO%29%2024%2002%202021.mp3\" class=\"powerpress_link_pinw\" target=\"_blank\" title=\"Reproducir en una nueva ventana\" onclick=\"return powerpress_pinw('https:\/\/fmtinkunaco.ar\/?powerpress_pinw=2894-podcast');\" rel=\"nofollow\">Reproducir en una nueva ventana<\/a> | <a href=\"https:\/\/archive.org\/download\/audio-raul-soria-ate-moreno-24-02-2021\/AUDIO%20-%20RAUL%20SORIA%20%28ATE%20MORENO%29%2024%2002%202021.mp3\" class=\"powerpress_link_d\" title=\"Descargar\" rel=\"nofollow\" download=\"AUDIO%20-%20RAUL%20SORIA%20%28ATE%20MORENO%29%2024%2002%202021.mp3\">Descargar<\/a><\/p>","protected":false},"excerpt":{"rendered":"<p>ATE Moreno comienza, el 2 de marzo, a negociar la paritaria 2021 y se encuentra reclamando que el Ejecutivo Municipal cumpla con la clausula de revisi\u00f3n de diciembre correspondiente a la paritaria 2020 y con el tratamiento de los temas que involucra a la Junta de calificaci\u00f3n y ascenso. En di\u00e1logo con el programa radial [&hellip;]<\/p>\n","protected":false},"author":1,"featured_media":2895,"comment_status":"open","ping_status":"open","sticky":false,"template":"","format":"standard","meta":{"footnotes":""},"categories":[9],"tags":[58],"class_list":["post-2894","post","type-post","status-publish","format-standard","has-post-thumbnail","hentry","category-sociedad","tag-ate-moreno"],"_links":{"self":[{"href":"https:\/\/fmtinkunaco.ar\/index.php?rest_route=\/wp\/v2\/posts\/2894","targetHints":{"allow":["GET"]}}],"collection":[{"href":"https:\/\/fmtinkunaco.ar\/index.php?rest_route=\/wp\/v2\/posts"}],"about":[{"href":"https:\/\/fmtinkunaco.ar\/index.php?rest_route=\/wp\/v2\/types\/post"}],"author":[{"embeddable":true,"href":"https:\/\/fmtinkunaco.ar\/index.php?rest_route=\/wp\/v2\/users\/1"}],"replies":[{"embeddable":true,"href":"https:\/\/fmtinkunaco.ar\/index.php?rest_route=%2Fwp%2Fv2%2Fcomments&post=2894"}],"version-history":[{"count":0,"href":"https:\/\/fmtinkunaco.ar\/index.php?rest_route=\/wp\/v2\/posts\/2894\/revisions"}],"wp:featuredmedia":[{"embeddable":true,"href":"https:\/\/fmtinkunaco.ar\/index.php?rest_route=\/"}],"wp:attachment":[{"href":"https:\/\/fmtinkunaco.ar\/index.php?rest_route=%2Fwp%2Fv2%2Fmedia&parent=2894"}],"wp:term":[{"taxonomy":"category","embeddable":true,"href":"https:\/\/fmtinkunaco.ar\/index.php?rest_route=%2Fwp%2Fv2%2Fcategories&post=2894"},{"taxonomy":"post_tag","embeddable":true,"href":"https:\/\/fmtinkunaco.ar\/index.php?rest_route=%2Fwp%2Fv2%2Ftags&post=2894"}],"curies":[{"name":"wp","href":"https:\/\/api.w.org\/{rel}","templated":true}]}}