{"id":2900,"date":"2021-02-25T13:29:21","date_gmt":"2021-02-25T16:29:21","guid":{"rendered":"http:\/\/fmtinkunaco.com.ar\/?p=2900"},"modified":"2021-02-25T13:29:21","modified_gmt":"2021-02-25T16:29:21","slug":"el-consejo-de-organizaciones-de-cuartel-v-por-el-derecho-a-la-educacion-de-ninas-ninos-y-adolescentes","status":"publish","type":"post","link":"https:\/\/fmtinkunaco.ar\/?p=2900","title":{"rendered":"El Consejo de Organizaciones de Cuartel V por el derecho a la educaci\u00f3n de ni\u00f1as, ni\u00f1os y adolescentes"},"content":{"rendered":"<p>El Consejo de Organizaciones de Cuartel V \u2013 Moreno \u2013 se encuentra en plena organizaci\u00f3n con padres, madres y familias referentes de la comunidad por la faltante de vacantes para, principalmente, el nivel primario de educaci\u00f3n.<\/p>\n<p>En di\u00e1logo con el programa radial \u201cEncuentro con las Noticias\u201d, Rosa Nagel, integrante del Consejo de Organizaciones de Cuartel V, explico el problema que se encuentra intentando resolver el Consejo de Organizaciones, <em>\u201cHemos iniciado dando continuidad a una problem\u00e1tica que nos preocupa desde hace mucho tiempo, como Consejo, que tiene que ver con el tema de vacantes y la educaci\u00f3n en Cuartel V, Moreno. As\u00ed que estamos focalizando la agenda, por lo menos para este principio de a\u00f1o, con el tema vacantes; resulta que la poblaci\u00f3n ha crecido y se ha duplicado o triplicado y las escuelas no dan abasto\u201d.<\/em><\/p>\n<p>Nagel, adem\u00e1s, detall\u00f3 cu\u00e1l es la situaci\u00f3n particular de cada nivel educativo y cuales los principales problemas, <em>\u201cDe nivel primario se ha conseguido construir una escuela que se inauguro, hace poco, en una de las zonas, la EP 84 y se logr\u00f3 que las aulas modulares que es donde funcionaba esa escuela pase a ser para la secundaria pero el d\u00e9ficit es en todos los niveles. En nivel primario, en el nivel inicial, los jardines comunitarios hacen un trabajo enorme recibiendo a un mont\u00f3n de chicos, tenemos m\u00e1s de 1.000 chicos matriculados en los jardines comunitarios. No sabemos cu\u00e1ntos quedan afuera, eso tambi\u00e9n es un d\u00e9ficit. Y en la secundaria, tenemos 2 secundarias que son de edificio propio y despu\u00e9s las primarias comparten el edificio con la secundaria. Generando el problema de que como no hay lugar, los chicos de tercero, cuarto y quinto tienen que ir en turno vespertino, y estamos hablando en un contexto de pandemia, de inseguridad, porque las problem\u00e1ticas no se fueron, siguen estando\u201d.<\/em><\/p>\n<p>Desde el Consejo de Organizaciones, sostienen que ser\u00edan necesarias al menos 4 establecimientos de educaci\u00f3n primaria para resolver el tema de las vacantes.<\/p>\n<p>Ma\u00f1ana, el Consejo se re\u00fane con familias referentes y familias que se han quedado sin escolaridad para sus hijos e hijas, y se prev\u00e9 buscar soluciones de manera conjunta, as\u00ed lo explic\u00f3 Rosa Nagel, <em>\u201cMa\u00f1ana estamos reuni\u00e9ndonos porque algo que caracteriza a Cuartel V es que la gente tiende a agruparse y a organizarse, entonces han surgido referentes, padres que han quedado con sus hijos sin escolaridad, que han empezado a reunirse para presentar ante el Consejo, ante las autoridades la situaci\u00f3n. <\/em><br \/>\n<em> (\u2026) Algo que hemos hecho es un relevamiento de organizaciones sociales que podr\u00edan facilitar sus espacios, llegado el momento de que vuelvan las clases presenciales para el dictado de clases, con la complejidad que eso significa porque sabemos que \u00a0hay que tener todo un protocolo de distanciamiento, de cuidados. (\u2026) uno piensa desde lo puede ofrecer, que es algo com\u00fan decir bueno yo puedo, yo me ofrezco, pero tambi\u00e9n sabemos que hay una situaci\u00f3n administrativa que hay que respetar\u201d.<\/em><\/p>\n<p>Compartimos la entrevista completa<\/p>\n<p><a href=\"https:\/\/archive.org\/details\/audio-rosa-nagel-25-02-2021\">Descargar<\/a><\/p>\n<audio class=\"wp-audio-shortcode\" id=\"audio-2900-2\" preload=\"none\" style=\"width: 100%;\" controls=\"controls\"><source type=\"audio\/mpeg\" src=\"https:\/\/archive.org\/download\/audio-rosa-nagel-25-02-2021\/AUDIO%20-%20ROSA%20NAGEL%2025%2002%202021.mp3?_=2\" \/><a href=\"https:\/\/archive.org\/download\/audio-rosa-nagel-25-02-2021\/AUDIO%20-%20ROSA%20NAGEL%2025%2002%202021.mp3\">https:\/\/archive.org\/download\/audio-rosa-nagel-25-02-2021\/AUDIO%20-%20ROSA%20NAGEL%2025%2002%202021.mp3<\/a><\/audio>\n<div class=\"powerpress_player\" id=\"powerpress_player_1287\"><audio class=\"wp-audio-shortcode\" id=\"audio-2900-1\" preload=\"none\" style=\"width: 100%;\" controls=\"controls\"><source type=\"audio\/mpeg\" src=\"https:\/\/archive.org\/download\/audio-rosa-nagel-25-02-2021\/AUDIO%20-%20ROSA%20NAGEL%2025%2002%202021.mp3?_=1\" \/><a href=\"https:\/\/archive.org\/download\/audio-rosa-nagel-25-02-2021\/AUDIO%20-%20ROSA%20NAGEL%2025%2002%202021.mp3\">https:\/\/archive.org\/download\/audio-rosa-nagel-25-02-2021\/AUDIO%20-%20ROSA%20NAGEL%2025%2002%202021.mp3<\/a><\/audio><\/div><p class=\"powerpress_links powerpress_links_mp3\" style=\"margin-bottom: 1px !important;\">Podcast: <a href=\"https:\/\/archive.org\/download\/audio-rosa-nagel-25-02-2021\/AUDIO%20-%20ROSA%20NAGEL%2025%2002%202021.mp3\" class=\"powerpress_link_pinw\" target=\"_blank\" title=\"Reproducir en una nueva ventana\" onclick=\"return powerpress_pinw('https:\/\/fmtinkunaco.ar\/?powerpress_pinw=2900-podcast');\" rel=\"nofollow\">Reproducir en una nueva ventana<\/a> | <a href=\"https:\/\/archive.org\/download\/audio-rosa-nagel-25-02-2021\/AUDIO%20-%20ROSA%20NAGEL%2025%2002%202021.mp3\" class=\"powerpress_link_d\" title=\"Descargar\" rel=\"nofollow\" download=\"AUDIO%20-%20ROSA%20NAGEL%2025%2002%202021.mp3\">Descargar<\/a><\/p>","protected":false},"excerpt":{"rendered":"<p>El Consejo de Organizaciones de Cuartel V \u2013 Moreno \u2013 se encuentra en plena organizaci\u00f3n con padres, madres y familias referentes de la comunidad por la faltante de vacantes para, principalmente, el nivel primario de educaci\u00f3n. En di\u00e1logo con el programa radial \u201cEncuentro con las Noticias\u201d, Rosa Nagel, integrante del Consejo de Organizaciones de Cuartel [&hellip;]<\/p>\n","protected":false},"author":1,"featured_media":2901,"comment_status":"open","ping_status":"open","sticky":false,"template":"","format":"standard","meta":{"footnotes":""},"categories":[5],"tags":[125,509],"class_list":["post-2900","post","type-post","status-publish","format-standard","has-post-thumbnail","hentry","category-educacion","tag-consejo-de-organizaciones-cuartel-v","tag-vacantes"],"_links":{"self":[{"href":"https:\/\/fmtinkunaco.ar\/index.php?rest_route=\/wp\/v2\/posts\/2900","targetHints":{"allow":["GET"]}}],"collection":[{"href":"https:\/\/fmtinkunaco.ar\/index.php?rest_route=\/wp\/v2\/posts"}],"about":[{"href":"https:\/\/fmtinkunaco.ar\/index.php?rest_route=\/wp\/v2\/types\/post"}],"author":[{"embeddable":true,"href":"https:\/\/fmtinkunaco.ar\/index.php?rest_route=\/wp\/v2\/users\/1"}],"replies":[{"embeddable":true,"href":"https:\/\/fmtinkunaco.ar\/index.php?rest_route=%2Fwp%2Fv2%2Fcomments&post=2900"}],"version-history":[{"count":0,"href":"https:\/\/fmtinkunaco.ar\/index.php?rest_route=\/wp\/v2\/posts\/2900\/revisions"}],"wp:featuredmedia":[{"embeddable":true,"href":"https:\/\/fmtinkunaco.ar\/index.php?rest_route=\/"}],"wp:attachment":[{"href":"https:\/\/fmtinkunaco.ar\/index.php?rest_route=%2Fwp%2Fv2%2Fmedia&parent=2900"}],"wp:term":[{"taxonomy":"category","embeddable":true,"href":"https:\/\/fmtinkunaco.ar\/index.php?rest_route=%2Fwp%2Fv2%2Fcategories&post=2900"},{"taxonomy":"post_tag","embeddable":true,"href":"https:\/\/fmtinkunaco.ar\/index.php?rest_route=%2Fwp%2Fv2%2Ftags&post=2900"}],"curies":[{"name":"wp","href":"https:\/\/api.w.org\/{rel}","templated":true}]}}