{"id":2977,"date":"2021-03-01T10:58:36","date_gmt":"2021-03-01T13:58:36","guid":{"rendered":"http:\/\/fmtinkunaco.com.ar\/?p=2977"},"modified":"2021-03-01T10:58:36","modified_gmt":"2021-03-01T13:58:36","slug":"el-forum-infancias-analiza-el-regreso-a-las-aulas","status":"publish","type":"post","link":"https:\/\/fmtinkunaco.ar\/?p=2977","title":{"rendered":"El Forum Infancias analiza el regreso a las aulas"},"content":{"rendered":"<p>Hoy, lunes 1 de marzo, se retoman las clases presenciales en gran parte del pa\u00eds; frente a esta situaci\u00f3n, desde el Forum Infancias \u2013 Red Federal, diferentes profesionales de diversas disciplinas intentan crear herramientas para acompa\u00f1ar a las familias.<\/p>\n<p>En di\u00e1logo con el programa radial \u201cEncuentro con las Noticias\u201d, Gisela Oriola, integrante del Forum Infancias, se refiri\u00f3 a esto, <em>\u201cEs un contexto bastante incierto en el que estamos comenzando las clases, este a\u00f1o, por eso nosotros desde el Forum Infancias venimos haciendo un gran trabajo reflexionando sobre el inicio de este ciclo lectivo tan particular. Hace bastante tiempo nos venimos reuniendo profesionales de distintas disciplinas, de distintos campos ligados a lo escolar tanto de la educaci\u00f3n como de la salud para intercambiar y poder pensar sobre como acompa\u00f1ar a los ni\u00f1os, a los docentes, a las familias en este tiempo que es tan dif\u00edcil\u201d. \u00a0<\/em><\/p>\n<p>Desde el Forum, remarcan la importancia de pensar en las particularidades de cada comunidad educativa, as\u00ed lo explico Oriola, <em>\u201cNosotros a comienzo de este a\u00f1o, cuando comenzamos las reuniones en el Forum para discutir, bah cuando volvimos a discutir todo este tema de la presencialidad, o no, como que tratamos de salir de ese planteo binario que se hab\u00eda impuesto como debate en los medios sobre la presencialidad o no; nosotros no pod\u00edamos incidir desde el Forum en esa cuesti\u00f3n, entonces en realidad intentamos poner el foco en c\u00f3mo ser\u00eda la escuela hoy cu\u00e1les van a ser las posibilidades. Porque bueno, tenemos que plantear lineamientos generales pensando en la necesidad de cada uno de los ni\u00f1os y cada una de las familias, por eso pensamos en la idea de prioridad, entendiendo a cada escuela que es diferente, que tiene sus particularidades. Por eso cuando pensamos, tenemos que pensar en les ni\u00f1es, les adolescentes, les docentes, las escuelas, las familias, los cuidados porque cada comunidad educativa es un universo\u201d.<\/em><\/p>\n<p>Gisela Oriola, adem\u00e1s, remarc\u00f3 la importancia de escuchar a los ni\u00f1os frente a este regreso a una escuela que ya no es como la conoc\u00edan, <em>\u201cLo importante va a ser esto, poder abrir el dialogo, ampliar la escucha, los ni\u00f1os tienen que poder manifestar sus sufrimientos, sus angustias. Esto se puede expresar de distintas maneras, no solamente a trav\u00e9s de la palabra, tambi\u00e9n se pueden hacer propuestas l\u00fadicas, de escritura, de dibujos, art\u00edsticas, por medio de la expresi\u00f3n art\u00edstica tambi\u00e9n se pueden exponer las emociones sin condicionarlas, por eso es importante poder abrir este tipo de espacios, poder favorecer actividades que habiliten poder desplegar estos estados de \u00e1nimo porque la idea es que puedan construir un futuro posible para que todo no sea tan negro\u201d. \u00a0\u00a0\u00a0<\/em><\/p>\n<p>Compartimos la entrevista completa<\/p>\n<p><a href=\"https:\/\/archive.org\/details\/audio-gisela-oriola-01-03-2021\">Descargar<\/a><\/p>\n<audio class=\"wp-audio-shortcode\" id=\"audio-2977-2\" preload=\"none\" style=\"width: 100%;\" controls=\"controls\"><source type=\"audio\/mpeg\" src=\"https:\/\/archive.org\/download\/audio-gisela-oriola-01-03-2021\/AUDIO%20-%20GISELA%20ORIOLA%2001%2003%202021.mp3?_=2\" \/><a href=\"https:\/\/archive.org\/download\/audio-gisela-oriola-01-03-2021\/AUDIO%20-%20GISELA%20ORIOLA%2001%2003%202021.mp3\">https:\/\/archive.org\/download\/audio-gisela-oriola-01-03-2021\/AUDIO%20-%20GISELA%20ORIOLA%2001%2003%202021.mp3<\/a><\/audio>\n<div class=\"powerpress_player\" id=\"powerpress_player_6611\"><audio class=\"wp-audio-shortcode\" id=\"audio-2977-1\" preload=\"none\" style=\"width: 100%;\" controls=\"controls\"><source type=\"audio\/mpeg\" src=\"https:\/\/archive.org\/download\/audio-gisela-oriola-01-03-2021\/AUDIO%20-%20GISELA%20ORIOLA%2001%2003%202021.mp3?_=1\" \/><a href=\"https:\/\/archive.org\/download\/audio-gisela-oriola-01-03-2021\/AUDIO%20-%20GISELA%20ORIOLA%2001%2003%202021.mp3\">https:\/\/archive.org\/download\/audio-gisela-oriola-01-03-2021\/AUDIO%20-%20GISELA%20ORIOLA%2001%2003%202021.mp3<\/a><\/audio><\/div><p class=\"powerpress_links powerpress_links_mp3\" style=\"margin-bottom: 1px !important;\">Podcast: <a href=\"https:\/\/archive.org\/download\/audio-gisela-oriola-01-03-2021\/AUDIO%20-%20GISELA%20ORIOLA%2001%2003%202021.mp3\" class=\"powerpress_link_pinw\" target=\"_blank\" title=\"Reproducir en una nueva ventana\" onclick=\"return powerpress_pinw('https:\/\/fmtinkunaco.ar\/?powerpress_pinw=2977-podcast');\" rel=\"nofollow\">Reproducir en una nueva ventana<\/a> | <a href=\"https:\/\/archive.org\/download\/audio-gisela-oriola-01-03-2021\/AUDIO%20-%20GISELA%20ORIOLA%2001%2003%202021.mp3\" class=\"powerpress_link_d\" title=\"Descargar\" rel=\"nofollow\" download=\"AUDIO%20-%20GISELA%20ORIOLA%2001%2003%202021.mp3\">Descargar<\/a><\/p>","protected":false},"excerpt":{"rendered":"<p>Hoy, lunes 1 de marzo, se retoman las clases presenciales en gran parte del pa\u00eds; frente a esta situaci\u00f3n, desde el Forum Infancias \u2013 Red Federal, diferentes profesionales de diversas disciplinas intentan crear herramientas para acompa\u00f1ar a las familias. En di\u00e1logo con el programa radial \u201cEncuentro con las Noticias\u201d, Gisela Oriola, integrante del Forum Infancias, [&hellip;]<\/p>\n","protected":false},"author":1,"featured_media":2978,"comment_status":"open","ping_status":"open","sticky":false,"template":"","format":"standard","meta":{"footnotes":""},"categories":[5,7],"tags":[220],"class_list":["post-2977","post","type-post","status-publish","format-standard","has-post-thumbnail","hentry","category-educacion","category-salud","tag-forum-infancias"],"_links":{"self":[{"href":"https:\/\/fmtinkunaco.ar\/index.php?rest_route=\/wp\/v2\/posts\/2977","targetHints":{"allow":["GET"]}}],"collection":[{"href":"https:\/\/fmtinkunaco.ar\/index.php?rest_route=\/wp\/v2\/posts"}],"about":[{"href":"https:\/\/fmtinkunaco.ar\/index.php?rest_route=\/wp\/v2\/types\/post"}],"author":[{"embeddable":true,"href":"https:\/\/fmtinkunaco.ar\/index.php?rest_route=\/wp\/v2\/users\/1"}],"replies":[{"embeddable":true,"href":"https:\/\/fmtinkunaco.ar\/index.php?rest_route=%2Fwp%2Fv2%2Fcomments&post=2977"}],"version-history":[{"count":0,"href":"https:\/\/fmtinkunaco.ar\/index.php?rest_route=\/wp\/v2\/posts\/2977\/revisions"}],"wp:featuredmedia":[{"embeddable":true,"href":"https:\/\/fmtinkunaco.ar\/index.php?rest_route=\/"}],"wp:attachment":[{"href":"https:\/\/fmtinkunaco.ar\/index.php?rest_route=%2Fwp%2Fv2%2Fmedia&parent=2977"}],"wp:term":[{"taxonomy":"category","embeddable":true,"href":"https:\/\/fmtinkunaco.ar\/index.php?rest_route=%2Fwp%2Fv2%2Fcategories&post=2977"},{"taxonomy":"post_tag","embeddable":true,"href":"https:\/\/fmtinkunaco.ar\/index.php?rest_route=%2Fwp%2Fv2%2Ftags&post=2977"}],"curies":[{"name":"wp","href":"https:\/\/api.w.org\/{rel}","templated":true}]}}