{"id":2980,"date":"2021-03-01T13:04:45","date_gmt":"2021-03-01T16:04:45","guid":{"rendered":"http:\/\/fmtinkunaco.com.ar\/?p=2980"},"modified":"2021-03-01T13:04:45","modified_gmt":"2021-03-01T16:04:45","slug":"el-centro-cultural-el-hormiguero-abre-la-inscripcion-a-los-talleres-2021","status":"publish","type":"post","link":"https:\/\/fmtinkunaco.ar\/?p=2980","title":{"rendered":"El Centro Cultural El Hormiguero abre la inscripci\u00f3n a los talleres 2021"},"content":{"rendered":"<p>El Centro Cultural El Hormiguero, ubicado en Moreno Centro, se encuentra arrancando las inscripciones para los talleres de Teatro Adultos, Teatro Adolescente, Teatro Ni\u00f1es, Danza contempor\u00e1nea, Trompeta, Crochet, Narraci\u00f3n oral y Guitarra, entre otros.<\/p>\n<p>En di\u00e1logo con el programa radial \u201cEncuentro con las Noticias\u201d, Mariela, referente del Centro Cultural El Hormiguero, describi\u00f3 el trabajo que realiza el espacio y como trabajo durante el aislamiento, <em>\u201cNosotros ya hace cuatro a\u00f1os que estamos trabajando con talleres, pero tambi\u00e9n con espect\u00e1culos, con eventos pero a partir del a\u00f1o pasado, cuando se decreto el aislamiento, tuvimos que cerrar las puertas y fue muy complicado poder sostener el espacio que lo sostuvimos gracias, verdaderamente, a la colaboraci\u00f3n, verdaderamente de quienes nos alquilan y tambi\u00e9n de la gente. Estuvimos manteni\u00e9ndonos con bonos de ayuda para poder sostener el espacio, asi que ahora tratando de dejar atr\u00e1s todo eso\u201d.<\/em><\/p>\n<p>En esta l\u00ednea, M\u00f3nica, referente del Centro Cultural El Hormiguero, se refiri\u00f3 a los talleres <em>\u201cEste s\u00e1bado comienza un taller que se llama Despertar a la canci\u00f3n y luego la semana, a partir del 8, empiezan el resto de los talleres\u201d.<\/em><\/p>\n<p>M\u00f3nica, tambi\u00e9n, explico la situaci\u00f3n de los protocolos, <em>\u201cNosotros estuvimos reunidos con los compa\u00f1eros de la municipalidad, y ellos nos acercaron un protocolo a seguir por eso los talleres, en verdad, los armamos de tal manera que por supuesto hay un taller por d\u00eda con todos los cuidados necesarios \u2013 con la toma de temperatura, tenemos el alcohol en gel, el uso del barbijo- y los talleres no pueden durar m\u00e1s de una hora y media para que haya tiempo de ventilaci\u00f3n de las aulas\u201d.<\/em><\/p>\n<p>Compartimos la entrevista completa<\/p>\n<p><a href=\"https:\/\/archive.org\/details\/audio-monica-y-mariela-cc-el-hormiguero-01-03-2021\">Descargar<\/a><\/p>\n<p>&nbsp;<\/p>\n<audio class=\"wp-audio-shortcode\" id=\"audio-2980-2\" preload=\"none\" style=\"width: 100%;\" controls=\"controls\"><source type=\"audio\/mpeg\" src=\"https:\/\/archive.org\/download\/audio-monica-y-mariela-cc-el-hormiguero-01-03-2021\/AUDIO%20-%20MONICA%20Y%20MARIELA%20%28CC%20EL%20HORMIGUERO%29%2001%2003%202021.mp3?_=2\" \/><a href=\"https:\/\/archive.org\/download\/audio-monica-y-mariela-cc-el-hormiguero-01-03-2021\/AUDIO%20-%20MONICA%20Y%20MARIELA%20%28CC%20EL%20HORMIGUERO%29%2001%2003%202021.mp3\">https:\/\/archive.org\/download\/audio-monica-y-mariela-cc-el-hormiguero-01-03-2021\/AUDIO%20-%20MONICA%20Y%20MARIELA%20%28CC%20EL%20HORMIGUERO%29%2001%2003%202021.mp3<\/a><\/audio>\n<div class=\"powerpress_player\" id=\"powerpress_player_9164\"><audio class=\"wp-audio-shortcode\" id=\"audio-2980-1\" preload=\"none\" style=\"width: 100%;\" controls=\"controls\"><source type=\"audio\/mpeg\" src=\"https:\/\/archive.org\/download\/audio-monica-y-mariela-cc-el-hormiguero-01-03-2021\/AUDIO%20-%20MONICA%20Y%20MARIELA%20%28CC%20EL%20HORMIGUERO%29%2001%2003%202021.mp3?_=1\" \/><a href=\"https:\/\/archive.org\/download\/audio-monica-y-mariela-cc-el-hormiguero-01-03-2021\/AUDIO%20-%20MONICA%20Y%20MARIELA%20%28CC%20EL%20HORMIGUERO%29%2001%2003%202021.mp3\">https:\/\/archive.org\/download\/audio-monica-y-mariela-cc-el-hormiguero-01-03-2021\/AUDIO%20-%20MONICA%20Y%20MARIELA%20%28CC%20EL%20HORMIGUERO%29%2001%2003%202021.mp3<\/a><\/audio><\/div><p class=\"powerpress_links powerpress_links_mp3\" style=\"margin-bottom: 1px !important;\">Podcast: <a href=\"https:\/\/archive.org\/download\/audio-monica-y-mariela-cc-el-hormiguero-01-03-2021\/AUDIO%20-%20MONICA%20Y%20MARIELA%20%28CC%20EL%20HORMIGUERO%29%2001%2003%202021.mp3\" class=\"powerpress_link_pinw\" target=\"_blank\" title=\"Reproducir en una nueva ventana\" onclick=\"return powerpress_pinw('https:\/\/fmtinkunaco.ar\/?powerpress_pinw=2980-podcast');\" rel=\"nofollow\">Reproducir en una nueva ventana<\/a> | <a href=\"https:\/\/archive.org\/download\/audio-monica-y-mariela-cc-el-hormiguero-01-03-2021\/AUDIO%20-%20MONICA%20Y%20MARIELA%20%28CC%20EL%20HORMIGUERO%29%2001%2003%202021.mp3\" class=\"powerpress_link_d\" title=\"Descargar\" rel=\"nofollow\" download=\"AUDIO%20-%20MONICA%20Y%20MARIELA%20%28CC%20EL%20HORMIGUERO%29%2001%2003%202021.mp3\">Descargar<\/a><\/p>","protected":false},"excerpt":{"rendered":"<p>El Centro Cultural El Hormiguero, ubicado en Moreno Centro, se encuentra arrancando las inscripciones para los talleres de Teatro Adultos, Teatro Adolescente, Teatro Ni\u00f1es, Danza contempor\u00e1nea, Trompeta, Crochet, Narraci\u00f3n oral y Guitarra, entre otros. En di\u00e1logo con el programa radial \u201cEncuentro con las Noticias\u201d, Mariela, referente del Centro Cultural El Hormiguero, describi\u00f3 el trabajo que [&hellip;]<\/p>\n","protected":false},"author":1,"featured_media":2981,"comment_status":"open","ping_status":"open","sticky":false,"template":"","format":"standard","meta":{"footnotes":""},"categories":[3],"tags":[98],"class_list":["post-2980","post","type-post","status-publish","format-standard","has-post-thumbnail","hentry","category-cultura","tag-centro-cultural-el-hormiguero"],"_links":{"self":[{"href":"https:\/\/fmtinkunaco.ar\/index.php?rest_route=\/wp\/v2\/posts\/2980","targetHints":{"allow":["GET"]}}],"collection":[{"href":"https:\/\/fmtinkunaco.ar\/index.php?rest_route=\/wp\/v2\/posts"}],"about":[{"href":"https:\/\/fmtinkunaco.ar\/index.php?rest_route=\/wp\/v2\/types\/post"}],"author":[{"embeddable":true,"href":"https:\/\/fmtinkunaco.ar\/index.php?rest_route=\/wp\/v2\/users\/1"}],"replies":[{"embeddable":true,"href":"https:\/\/fmtinkunaco.ar\/index.php?rest_route=%2Fwp%2Fv2%2Fcomments&post=2980"}],"version-history":[{"count":0,"href":"https:\/\/fmtinkunaco.ar\/index.php?rest_route=\/wp\/v2\/posts\/2980\/revisions"}],"wp:featuredmedia":[{"embeddable":true,"href":"https:\/\/fmtinkunaco.ar\/index.php?rest_route=\/"}],"wp:attachment":[{"href":"https:\/\/fmtinkunaco.ar\/index.php?rest_route=%2Fwp%2Fv2%2Fmedia&parent=2980"}],"wp:term":[{"taxonomy":"category","embeddable":true,"href":"https:\/\/fmtinkunaco.ar\/index.php?rest_route=%2Fwp%2Fv2%2Fcategories&post=2980"},{"taxonomy":"post_tag","embeddable":true,"href":"https:\/\/fmtinkunaco.ar\/index.php?rest_route=%2Fwp%2Fv2%2Ftags&post=2980"}],"curies":[{"name":"wp","href":"https:\/\/api.w.org\/{rel}","templated":true}]}}