{"id":2984,"date":"2021-03-02T13:53:47","date_gmt":"2021-03-02T16:53:47","guid":{"rendered":"http:\/\/fmtinkunaco.com.ar\/?p=2984"},"modified":"2021-03-02T13:53:47","modified_gmt":"2021-03-02T16:53:47","slug":"trabajadores-y-trabajadoras-del-hospital-larcade-continua-denunciando-la-falta-de-personal","status":"publish","type":"post","link":"https:\/\/fmtinkunaco.ar\/?p=2984","title":{"rendered":"Trabajadores y Trabajadoras del Hospital Larcade contin\u00faan denunciando la falta de personal"},"content":{"rendered":"<p><a href=\"http:\/\/Trabajadores y trabajadoras del Hospital Larcade se movilizan al Municipio de San Miguel por las condiciones de trabajo\">Los trabajadores y las trabajadoras del Hospital Larcade<\/a> contin\u00faan denunciando la precarizaci\u00f3n laboral y la falta de respuestas por parte de las autoridades municipales.<br \/>\nSe encuentran en pleno dialogo con un representante de la salud del municipio de San Miguel pero luego de cuatro reuniones, aun no tienen respuestas concretas.<\/p>\n<p>En di\u00e1logo con el programa radial \u201cEncuentro con las Noticias\u201d, Nancy Loschiavo, trabajadora del Hospital Larcade, describi\u00f3 que se encuentran en un periodo de dialogo con un representante de la municipalidad, <em>\u201cPor el momento estamos en un dialogo con un representante directo que mando la municipalidad, que est\u00e1 haciendo de mediador pero seguimos sin notar cambios. Se logro hacer alguna recategorizaci\u00f3n, en lugares muy particulares; nos dieron un bono este mes de $4 mil pesos, se nos dio un 5% de aumento que nos deb\u00edan del 2020 y un 5% a futuras paritarias del 2021 que nos adjudican reci\u00e9n el mes que viene. O sea que nosotros venimos corriendo atr\u00e1s de la zanahoria, por decirlo de alguna manera, porque nunca vamos a llegar a lograr nuestro cometido con estas migajas que nos van dando\u201d<\/em>.<\/p>\n<p>Loschiavo, adem\u00e1s, sostuvo, <em>\u201cEst\u00e1bamos aceptando porque la verdad que unos pesos m\u00e1s en el bolsillo, a todos nos sirve, pero no dejamos de luchar y lo que nosotros queremos son las mejores condiciones para el hospital y para que la salud p\u00fablica sea acorde a lo que el pueblo de San Miguel necesita\u201d.<\/em><\/p>\n<p>En cuanto a la situaci\u00f3n de precariedad de los trabajadores y las trabajadoras de la salud, Nancy Loschiavo, mencion\u00f3 que en los \u00faltimos dos meses se fueron del hospital 18 trabajadores y un Jefe,<em> \u201cHay una escasez en la parte fuerte de lo que es la guardia, la mayor\u00eda de los d\u00edas, hay muy poca cantidad de m\u00e9dicos que puedan atender y muchos de esos m\u00e9dicos que est\u00e1n atendiendo son residentes, o sea que ni siquiera hay planta o hay m\u00e9dicos de guardia fijo. Algunos est\u00e1n con licencia porque son pacientes de riesgo, y otros porque se van. Ayer hablamos con nuestros compa\u00f1eros y en el transcurso de estos dos meses se fueron 14 m\u00e9dicos de la guardia, renunciaron 14 m\u00e9dicos; porque es tan baja la cantidad de sueldo que nos pagan, mas el desgaste que tiene uno por la situaci\u00f3n en que se est\u00e1 viviendo que obviamente al tener una cierta demanda de trabajo prefieren ir a esos lugares donde les van a pagar m\u00e1s del doble. Lo mismo pasa con laboratorio, en dos semana se fueron 4 personas y as\u00ed con varios de los servicios. El jefe de hemoterapia renuncio, ahora en estos d\u00edas se hace efectiva la renuncia, quedando otro servicio m\u00e1s ac\u00e9falo\u201d<\/em><\/p>\n<p>Finalmente, la trabajadora, se refiri\u00f3 a las l\u00edneas de acci\u00f3n, <em>\u201cTenemos una asamblea permanente, en alerta permanente, nosotros estamos a la espera de un resultado inmediato y ese resultado no es favorable para los trabajadores y las trabajadoras del hospital, se decidir\u00e1n otros mecanismos a seguir. Por el momento, se puede decir que hay una cierta tregua para poner en condiciones las cuestiones pero hasta el momento no hay novedades, no hay una respuesta concreta\u201d.<\/em><\/p>\n<p>Los trabajadores y las trabajadoras del Hospital Larcade, reclaman: Reforma salarial, Pase a planta permanente, Recategorizaci\u00f3n, Carrera m\u00e9dica, Carrera administrativa, entre otras.<\/p>\n<p>Compartimos la entrevista completa<\/p>\n<p><a href=\"https:\/\/archive.org\/details\/audio-nancy-loschiavo-02-03-2021\">Descargar<\/a><\/p>\n<p>&nbsp;<\/p>\n<audio class=\"wp-audio-shortcode\" id=\"audio-2984-2\" preload=\"none\" style=\"width: 100%;\" controls=\"controls\"><source type=\"audio\/mpeg\" src=\"https:\/\/archive.org\/download\/audio-nancy-loschiavo-02-03-2021\/AUDIO%20-%20NANCY%20LOSCHIAVO%2002%2003%202021.mp3?_=2\" \/><a href=\"https:\/\/archive.org\/download\/audio-nancy-loschiavo-02-03-2021\/AUDIO%20-%20NANCY%20LOSCHIAVO%2002%2003%202021.mp3\">https:\/\/archive.org\/download\/audio-nancy-loschiavo-02-03-2021\/AUDIO%20-%20NANCY%20LOSCHIAVO%2002%2003%202021.mp3<\/a><\/audio>\n<p>&nbsp;<\/p>\n<div class=\"powerpress_player\" id=\"powerpress_player_814\"><audio class=\"wp-audio-shortcode\" id=\"audio-2984-1\" preload=\"none\" style=\"width: 100%;\" controls=\"controls\"><source type=\"audio\/mpeg\" src=\"https:\/\/archive.org\/download\/audio-nancy-loschiavo-02-03-2021\/AUDIO%20-%20NANCY%20LOSCHIAVO%2002%2003%202021.mp3?_=1\" \/><a href=\"https:\/\/archive.org\/download\/audio-nancy-loschiavo-02-03-2021\/AUDIO%20-%20NANCY%20LOSCHIAVO%2002%2003%202021.mp3\">https:\/\/archive.org\/download\/audio-nancy-loschiavo-02-03-2021\/AUDIO%20-%20NANCY%20LOSCHIAVO%2002%2003%202021.mp3<\/a><\/audio><\/div><p class=\"powerpress_links powerpress_links_mp3\" style=\"margin-bottom: 1px !important;\">Podcast: <a href=\"https:\/\/archive.org\/download\/audio-nancy-loschiavo-02-03-2021\/AUDIO%20-%20NANCY%20LOSCHIAVO%2002%2003%202021.mp3\" class=\"powerpress_link_pinw\" target=\"_blank\" title=\"Reproducir en una nueva ventana\" onclick=\"return powerpress_pinw('https:\/\/fmtinkunaco.ar\/?powerpress_pinw=2984-podcast');\" rel=\"nofollow\">Reproducir en una nueva ventana<\/a> | <a href=\"https:\/\/archive.org\/download\/audio-nancy-loschiavo-02-03-2021\/AUDIO%20-%20NANCY%20LOSCHIAVO%2002%2003%202021.mp3\" class=\"powerpress_link_d\" title=\"Descargar\" rel=\"nofollow\" download=\"AUDIO%20-%20NANCY%20LOSCHIAVO%2002%2003%202021.mp3\">Descargar<\/a><\/p>","protected":false},"excerpt":{"rendered":"<p>Los trabajadores y las trabajadoras del Hospital Larcade contin\u00faan denunciando la precarizaci\u00f3n laboral y la falta de respuestas por parte de las autoridades municipales. Se encuentran en pleno dialogo con un representante de la salud del municipio de San Miguel pero luego de cuatro reuniones, aun no tienen respuestas concretas. En di\u00e1logo con el programa [&hellip;]<\/p>\n","protected":false},"author":1,"featured_media":2985,"comment_status":"open","ping_status":"open","sticky":false,"template":"","format":"standard","meta":{"footnotes":""},"categories":[7],"tags":[243],"class_list":["post-2984","post","type-post","status-publish","format-standard","has-post-thumbnail","hentry","category-salud","tag-hospital-larcade"],"_links":{"self":[{"href":"https:\/\/fmtinkunaco.ar\/index.php?rest_route=\/wp\/v2\/posts\/2984","targetHints":{"allow":["GET"]}}],"collection":[{"href":"https:\/\/fmtinkunaco.ar\/index.php?rest_route=\/wp\/v2\/posts"}],"about":[{"href":"https:\/\/fmtinkunaco.ar\/index.php?rest_route=\/wp\/v2\/types\/post"}],"author":[{"embeddable":true,"href":"https:\/\/fmtinkunaco.ar\/index.php?rest_route=\/wp\/v2\/users\/1"}],"replies":[{"embeddable":true,"href":"https:\/\/fmtinkunaco.ar\/index.php?rest_route=%2Fwp%2Fv2%2Fcomments&post=2984"}],"version-history":[{"count":0,"href":"https:\/\/fmtinkunaco.ar\/index.php?rest_route=\/wp\/v2\/posts\/2984\/revisions"}],"wp:featuredmedia":[{"embeddable":true,"href":"https:\/\/fmtinkunaco.ar\/index.php?rest_route=\/"}],"wp:attachment":[{"href":"https:\/\/fmtinkunaco.ar\/index.php?rest_route=%2Fwp%2Fv2%2Fmedia&parent=2984"}],"wp:term":[{"taxonomy":"category","embeddable":true,"href":"https:\/\/fmtinkunaco.ar\/index.php?rest_route=%2Fwp%2Fv2%2Fcategories&post=2984"},{"taxonomy":"post_tag","embeddable":true,"href":"https:\/\/fmtinkunaco.ar\/index.php?rest_route=%2Fwp%2Fv2%2Ftags&post=2984"}],"curies":[{"name":"wp","href":"https:\/\/api.w.org\/{rel}","templated":true}]}}