{"id":3000,"date":"2021-03-03T13:27:56","date_gmt":"2021-03-03T16:27:56","guid":{"rendered":"http:\/\/fmtinkunaco.com.ar\/?p=3000"},"modified":"2021-03-03T13:27:56","modified_gmt":"2021-03-03T16:27:56","slug":"malvinas-argentinas-se-solicita-informacion-sobre-accidente-de-transito","status":"publish","type":"post","link":"https:\/\/fmtinkunaco.ar\/?p=3000","title":{"rendered":"Malvinas Argentinas: Se solicita informaci\u00f3n sobre accidente de tr\u00e1nsito"},"content":{"rendered":"<p>El pasado mi\u00e9rcoles, 18 de febrero, aproximadamente a las 17 hs, el vecino de San Miguel Mauri Kurcbard sufri\u00f3 un accidente provocado por una camioneta Toyota Hilux plateada gris, en Ruta 8 y Dr Baroni, Malvinas Argentinas.<\/p>\n<p>Estando estacionado con su moto, frente a la luz roja, fue pisado en su pie derecho provoc\u00e1ndole una luxofractura expuesta de tibia y peron\u00e9 que necesita ser tratada con urgencia.<\/p>\n<p>El vecino denuncia que la polic\u00eda intervino pero no tom\u00f3 mayores datos de la camioneta.<\/p>\n<p>En di\u00e1logo con el programa \u201cEncuentro con las Noticias\u201d, Mauri Kurcbard, vecino v\u00edctima del hecho, se refiri\u00f3 a la situaci\u00f3n y al accionar de la polic\u00eda, <em>\u201cCasualmente, enseguida llega un polic\u00eda que estaba haciendo la vigilancia vial, en su camioneta, baja y desciende y hace el protocolo; me pide los documentos, me pide que llame a alguien. En su momento yo le pido, porque yo estaba completamente en shock, y completamente conmocionado, m\u00e1s que dolorido estaba a los gritos de mi mala suerte, de la p\u00e9sima suerte que me hab\u00eda tocado y tambi\u00e9n nervioso por la situaci\u00f3n y le pido que tome los datos de la camioneta y me pide que me tranquilice. Milagrosamente tambi\u00e9n llega la ambulancia, y me llevan al hospital de traumatolog\u00eda y urgencias de Pablo Nogues\u201d<\/em><\/p>\n<p>Kurcbard , explic\u00f3 que a los d\u00edas de salir del hospital se dirige a la comisaria interviniente a retirar su moto y se encuentra con que el hecho estaba catalogado de otra manera, \u00a0<em>\u201cAl ver que hab\u00eda intervenci\u00f3n policial, yo medio que me quedo tranquilo con el tema legal, es decir que tienen mis datos y tienen tambi\u00e9n los datos del otro imputado, de la camioneta. (\u2026) Con el transcurso de los d\u00edas veo que el de la camioneta nunca me llamo y este domingo, cuando fui a buscar la moto a la comisaria 2da de Pablo Nogues, compruebo que el accidente est\u00e1 catalogado como accidente vial y que lo que se declara ah\u00ed es que yo tuve un ataque de epilepsia, se me cay\u00f3 la moto encima y me pas\u00f3 lo que me pas\u00f3; cosa que no corresponde con la realidad\u201d.<\/em><\/p>\n<p>Frente a esta situaci\u00f3n, Kurcbard, tuv\u00f3 que realizar una declaraci\u00f3n relatando lo que verdaderamente pas\u00f3 pero frente a la falta de acci\u00f3n de la polic\u00eda, no tiene los datos de la camioneta involucrada, <em>\u201cHubo que hacer otra declaraci\u00f3n, donde yo declar\u00f3 lo que ocurri\u00f3, el tema es que no hay datos de la camioneta Hilux , as\u00ed que estamos en una campa\u00f1a pidiendo testigos o si hay alguna forma de averiguar qui\u00e9n es para tomar acciones judiciales\u201d.<\/em><\/p>\n<p>Mauri Kurcbard, continua recuper\u00e1ndose del accidente y esperando las consultes medicas para confirmar las acciones a seguir en cuanto a la salud.<\/p>\n<p>Compartimos la entrevista completa<\/p>\n<p><a href=\"https:\/\/archive.org\/details\/audio-mauri-kurcbard-03-03-2021\">Descargar<\/a><\/p>\n<p>&nbsp;<\/p>\n<audio class=\"wp-audio-shortcode\" id=\"audio-3000-2\" preload=\"none\" style=\"width: 100%;\" controls=\"controls\"><source type=\"audio\/mpeg\" src=\"https:\/\/archive.org\/download\/audio-mauri-kurcbard-03-03-2021\/AUDIO%20-%20Mauri%20Kurcbard%2003%2003%202021.mp3?_=2\" \/><a href=\"https:\/\/archive.org\/download\/audio-mauri-kurcbard-03-03-2021\/AUDIO%20-%20Mauri%20Kurcbard%2003%2003%202021.mp3\">https:\/\/archive.org\/download\/audio-mauri-kurcbard-03-03-2021\/AUDIO%20-%20Mauri%20Kurcbard%2003%2003%202021.mp3<\/a><\/audio>\n<p>&nbsp;<\/p>\n<div class=\"powerpress_player\" id=\"powerpress_player_5989\"><audio class=\"wp-audio-shortcode\" id=\"audio-3000-1\" preload=\"none\" style=\"width: 100%;\" controls=\"controls\"><source type=\"audio\/mpeg\" src=\"https:\/\/archive.org\/download\/audio-mauri-kurcbard-03-03-2021\/AUDIO%20-%20Mauri%20Kurcbard%2003%2003%202021.mp3?_=1\" \/><a href=\"https:\/\/archive.org\/download\/audio-mauri-kurcbard-03-03-2021\/AUDIO%20-%20Mauri%20Kurcbard%2003%2003%202021.mp3\">https:\/\/archive.org\/download\/audio-mauri-kurcbard-03-03-2021\/AUDIO%20-%20Mauri%20Kurcbard%2003%2003%202021.mp3<\/a><\/audio><\/div><p class=\"powerpress_links powerpress_links_mp3\" style=\"margin-bottom: 1px !important;\">Podcast: <a href=\"https:\/\/archive.org\/download\/audio-mauri-kurcbard-03-03-2021\/AUDIO%20-%20Mauri%20Kurcbard%2003%2003%202021.mp3\" class=\"powerpress_link_pinw\" target=\"_blank\" title=\"Reproducir en una nueva ventana\" onclick=\"return powerpress_pinw('https:\/\/fmtinkunaco.ar\/?powerpress_pinw=3000-podcast');\" rel=\"nofollow\">Reproducir en una nueva ventana<\/a> | <a href=\"https:\/\/archive.org\/download\/audio-mauri-kurcbard-03-03-2021\/AUDIO%20-%20Mauri%20Kurcbard%2003%2003%202021.mp3\" class=\"powerpress_link_d\" title=\"Descargar\" rel=\"nofollow\" download=\"AUDIO%20-%20Mauri%20Kurcbard%2003%2003%202021.mp3\">Descargar<\/a><\/p>","protected":false},"excerpt":{"rendered":"<p>El pasado mi\u00e9rcoles, 18 de febrero, aproximadamente a las 17 hs, el vecino de San Miguel Mauri Kurcbard sufri\u00f3 un accidente provocado por una camioneta Toyota Hilux plateada gris, en Ruta 8 y Dr Baroni, Malvinas Argentinas. Estando estacionado con su moto, frente a la luz roja, fue pisado en su pie derecho provoc\u00e1ndole una [&hellip;]<\/p>\n","protected":false},"author":1,"featured_media":3001,"comment_status":"open","ping_status":"open","sticky":false,"template":"","format":"standard","meta":{"footnotes":""},"categories":[9],"tags":[],"class_list":["post-3000","post","type-post","status-publish","format-standard","has-post-thumbnail","hentry","category-sociedad"],"_links":{"self":[{"href":"https:\/\/fmtinkunaco.ar\/index.php?rest_route=\/wp\/v2\/posts\/3000","targetHints":{"allow":["GET"]}}],"collection":[{"href":"https:\/\/fmtinkunaco.ar\/index.php?rest_route=\/wp\/v2\/posts"}],"about":[{"href":"https:\/\/fmtinkunaco.ar\/index.php?rest_route=\/wp\/v2\/types\/post"}],"author":[{"embeddable":true,"href":"https:\/\/fmtinkunaco.ar\/index.php?rest_route=\/wp\/v2\/users\/1"}],"replies":[{"embeddable":true,"href":"https:\/\/fmtinkunaco.ar\/index.php?rest_route=%2Fwp%2Fv2%2Fcomments&post=3000"}],"version-history":[{"count":0,"href":"https:\/\/fmtinkunaco.ar\/index.php?rest_route=\/wp\/v2\/posts\/3000\/revisions"}],"wp:featuredmedia":[{"embeddable":true,"href":"https:\/\/fmtinkunaco.ar\/index.php?rest_route=\/"}],"wp:attachment":[{"href":"https:\/\/fmtinkunaco.ar\/index.php?rest_route=%2Fwp%2Fv2%2Fmedia&parent=3000"}],"wp:term":[{"taxonomy":"category","embeddable":true,"href":"https:\/\/fmtinkunaco.ar\/index.php?rest_route=%2Fwp%2Fv2%2Fcategories&post=3000"},{"taxonomy":"post_tag","embeddable":true,"href":"https:\/\/fmtinkunaco.ar\/index.php?rest_route=%2Fwp%2Fv2%2Ftags&post=3000"}],"curies":[{"name":"wp","href":"https:\/\/api.w.org\/{rel}","templated":true}]}}