{"id":3057,"date":"2021-03-08T11:23:09","date_gmt":"2021-03-08T14:23:09","guid":{"rendered":"http:\/\/fmtinkunaco.com.ar\/?p=3057"},"modified":"2021-03-08T11:23:09","modified_gmt":"2021-03-08T14:23:09","slug":"espacio-torrente-teatral-arrancaron-las-inscripciones-2021","status":"publish","type":"post","link":"https:\/\/fmtinkunaco.ar\/?p=3057","title":{"rendered":"Espacio Torrente Teatral: Arrancaron las inscripciones 2021"},"content":{"rendered":"<p>El Espacio Torrente Teatral, ubicado en Pilar, dio por iniciada las inscripciones 2021 para los diferentes talleres, algunos de manera presencial y otros mediante la virtualidad.<\/p>\n<p>En di\u00e1logo con el programa radial \u201cEncuentro con las Noticias\u201d, Mart\u00edn Simeoni, referente del Espacio Torrente Teatral, se refiri\u00f3 a la situaci\u00f3n <em>\u201cS\u00ed nos comparamos con el a\u00f1o pasado, estamos mucho mejor en el sentido de que ya sabemos por d\u00f3nde viene el a\u00f1o, el a\u00f1o pasado para esta \u00e9poca est\u00e1bamos ciento por ciento presencialidad con todo programado con Torrente como con la Comedia del Pilar y de un d\u00eda para el otro tuvimos que reacomodarnos y pensando que esto iba a ser cortito y bueno, se fue extendiendo y asi pasamos todo el a\u00f1o. Este a\u00f1o nos agarra m\u00e1s prevenidos, sabiendo que arrancamos de esta manera y sabiendo que quiz\u00e1s tengamos que rebobinar o tal vez avanzar\u201d.<\/em><\/p>\n<p>Este 2021, el Espacio Torrente Teatral, se encuentra ofreciendo talleres de forma presencial y virtual, <em>\u201cEstamos ofreciendo en esta primera parte del a\u00f1o, talleres de teatro desde la virtualidad que realmente sigue fuerte eso y desde la presencialidad, empezar a mechar la presencialidad junto con todos los protocolos habidos y por haber, siempre poniendo el \u00e9nfasis en la salud por sobre todas las cosas y aqu\u00ed estamos, contentos porque pasamos creo que lo peor que fue el a\u00f1o pasado, Torrente resisti\u00f3 a la pandemia, est\u00e1 vivo, agradecer como simpre a todos los alumnos y alumnas que el a\u00f1o pasado se sumaron a esta locura de la virtualidad y que gracias al pago de la cuota el espacio se sostuvo y pudo vivir\u201d.<\/em><\/p>\n<p>Torrente arranca con los talleres para ni\u00f1os y ni\u00f1as, para adolescentes y para adultos. La idea es sumar m\u00e1s talleres en el mes de abril y m\u00e1s actividades.<\/p>\n<p>Te podes contactar con el Espacio Torrente Teatral mediante el 11-40280-423 \u00f3 al 0230-4671310, o en las redes sociales, Torrente Espacio Teatral en Facebook y @torrenteespacio en Instagram.<\/p>\n<p>Compartimos la entrevista completa<\/p>\n<p><a href=\"https:\/\/archive.org\/details\/audio-martin-simeoni-08-03-2021\">Descargar<\/a><\/p>\n<p>&nbsp;<\/p>\n<audio class=\"wp-audio-shortcode\" id=\"audio-3057-2\" preload=\"none\" style=\"width: 100%;\" controls=\"controls\"><source type=\"audio\/mpeg\" src=\"https:\/\/archive.org\/download\/audio-martin-simeoni-08-03-2021\/AUDIO%20-%20MARTIN%20SIMEONI%2008%2003%202021.mp3?_=2\" \/><a href=\"https:\/\/archive.org\/download\/audio-martin-simeoni-08-03-2021\/AUDIO%20-%20MARTIN%20SIMEONI%2008%2003%202021.mp3\">https:\/\/archive.org\/download\/audio-martin-simeoni-08-03-2021\/AUDIO%20-%20MARTIN%20SIMEONI%2008%2003%202021.mp3<\/a><\/audio>\n<p>&nbsp;<\/p>\n<p>&nbsp;<\/p>\n<div class=\"powerpress_player\" id=\"powerpress_player_5734\"><audio class=\"wp-audio-shortcode\" id=\"audio-3057-1\" preload=\"none\" style=\"width: 100%;\" controls=\"controls\"><source type=\"audio\/mpeg\" src=\"https:\/\/archive.org\/download\/audio-martin-simeoni-08-03-2021\/AUDIO%20-%20MARTIN%20SIMEONI%2008%2003%202021.mp3?_=1\" \/><a href=\"https:\/\/archive.org\/download\/audio-martin-simeoni-08-03-2021\/AUDIO%20-%20MARTIN%20SIMEONI%2008%2003%202021.mp3\">https:\/\/archive.org\/download\/audio-martin-simeoni-08-03-2021\/AUDIO%20-%20MARTIN%20SIMEONI%2008%2003%202021.mp3<\/a><\/audio><\/div><p class=\"powerpress_links powerpress_links_mp3\" style=\"margin-bottom: 1px !important;\">Podcast: <a href=\"https:\/\/archive.org\/download\/audio-martin-simeoni-08-03-2021\/AUDIO%20-%20MARTIN%20SIMEONI%2008%2003%202021.mp3\" class=\"powerpress_link_pinw\" target=\"_blank\" title=\"Reproducir en una nueva ventana\" onclick=\"return powerpress_pinw('https:\/\/fmtinkunaco.ar\/?powerpress_pinw=3057-podcast');\" rel=\"nofollow\">Reproducir en una nueva ventana<\/a> | <a href=\"https:\/\/archive.org\/download\/audio-martin-simeoni-08-03-2021\/AUDIO%20-%20MARTIN%20SIMEONI%2008%2003%202021.mp3\" class=\"powerpress_link_d\" title=\"Descargar\" rel=\"nofollow\" download=\"AUDIO%20-%20MARTIN%20SIMEONI%2008%2003%202021.mp3\">Descargar<\/a><\/p>","protected":false},"excerpt":{"rendered":"<p>El Espacio Torrente Teatral, ubicado en Pilar, dio por iniciada las inscripciones 2021 para los diferentes talleres, algunos de manera presencial y otros mediante la virtualidad. En di\u00e1logo con el programa radial \u201cEncuentro con las Noticias\u201d, Mart\u00edn Simeoni, referente del Espacio Torrente Teatral, se refiri\u00f3 a la situaci\u00f3n \u201cS\u00ed nos comparamos con el a\u00f1o pasado, [&hellip;]<\/p>\n","protected":false},"author":1,"featured_media":3058,"comment_status":"open","ping_status":"open","sticky":false,"template":"","format":"standard","meta":{"footnotes":""},"categories":[3],"tags":[196],"class_list":["post-3057","post","type-post","status-publish","format-standard","has-post-thumbnail","hentry","category-cultura","tag-espacio-torrente-teatral"],"_links":{"self":[{"href":"https:\/\/fmtinkunaco.ar\/index.php?rest_route=\/wp\/v2\/posts\/3057","targetHints":{"allow":["GET"]}}],"collection":[{"href":"https:\/\/fmtinkunaco.ar\/index.php?rest_route=\/wp\/v2\/posts"}],"about":[{"href":"https:\/\/fmtinkunaco.ar\/index.php?rest_route=\/wp\/v2\/types\/post"}],"author":[{"embeddable":true,"href":"https:\/\/fmtinkunaco.ar\/index.php?rest_route=\/wp\/v2\/users\/1"}],"replies":[{"embeddable":true,"href":"https:\/\/fmtinkunaco.ar\/index.php?rest_route=%2Fwp%2Fv2%2Fcomments&post=3057"}],"version-history":[{"count":0,"href":"https:\/\/fmtinkunaco.ar\/index.php?rest_route=\/wp\/v2\/posts\/3057\/revisions"}],"wp:featuredmedia":[{"embeddable":true,"href":"https:\/\/fmtinkunaco.ar\/index.php?rest_route=\/"}],"wp:attachment":[{"href":"https:\/\/fmtinkunaco.ar\/index.php?rest_route=%2Fwp%2Fv2%2Fmedia&parent=3057"}],"wp:term":[{"taxonomy":"category","embeddable":true,"href":"https:\/\/fmtinkunaco.ar\/index.php?rest_route=%2Fwp%2Fv2%2Fcategories&post=3057"},{"taxonomy":"post_tag","embeddable":true,"href":"https:\/\/fmtinkunaco.ar\/index.php?rest_route=%2Fwp%2Fv2%2Ftags&post=3057"}],"curies":[{"name":"wp","href":"https:\/\/api.w.org\/{rel}","templated":true}]}}