{"id":3074,"date":"2021-03-10T10:16:13","date_gmt":"2021-03-10T13:16:13","guid":{"rendered":"http:\/\/fmtinkunaco.com.ar\/?p=3074"},"modified":"2021-03-10T10:16:13","modified_gmt":"2021-03-10T13:16:13","slug":"vecinos-y-vecinas-autoconvocados-contra-el-basural-del-campo-la-juanita-se-manifestaran-frente-a-la-municipalidad-de-malvinas-argentinas","status":"publish","type":"post","link":"https:\/\/fmtinkunaco.ar\/?p=3074","title":{"rendered":"Vecinos y vecinas, contra el basural del campo la Juanita, se manifestar\u00e1n frente a la municipalidad de Malvinas Argentinas"},"content":{"rendered":"<p>Vecinos y vecinas autoconvocadas contra el basural del campo la Juanita, del municipio de Malvinas Argentinas, se manifestar\u00e1n el pr\u00f3ximo mi\u00e9rcoles 17 de marzo frente a la municipalidad con el objetivo de visibilizar el conflicto y buscar soluciones.<\/p>\n<p>En di\u00e1logo con el programa radial \u201cEncuentro con las Noticias\u201d, Anal\u00eda, vecina autoconvocada, se refiri\u00f3 a la decisi\u00f3n de manifestarse, <em>\u201cTuvimos una asamblea el d\u00eda s\u00e1bado donde decidimos con el conjunto de vecinos realizar una manifestaci\u00f3n frente al Palacio Municipal el d\u00eda mi\u00e9rcoles 17 de marzo a las 10 de la ma\u00f1ana. La intenci\u00f3n es, en la manifestaci\u00f3n, entregar un petitorio y poder conseguir una entrevista, una reuni\u00f3n, con el intendente para que nos explique acerca del Proyecto del que hablo al inicio de las sesiones legislativas\u201d.<\/em><\/p>\n<p>En las sesiones legislativas, Leonardo Nardini, intendente malvinense expuso un proyecto de saneamiento para el Campo la Juanita que inclu\u00eda un reservorio, un plan de viviendas y un posible parque industrial en el predio. Adem\u00e1s, se comprometi\u00f3 a que a partir del segundo semestre los camiones municipales no entrar\u00edan m\u00e1s al predio.<\/p>\n<p>Frente a esto, Anal\u00eda, remarc\u00f3 <em>\u201cLo que nosotros necesitamos son certezas, que nos muestren el proyecto porque ese proyecto del saneamiento del campo ya lo presentaron muchas veces; otra agrupaci\u00f3n de vecinos en 2018 tuvo una entrevista con el municipio y ya le hablaban del proyecto y hoy estamos en 2021, cuando nosotros tuvimos la entrevista con el Secretario de Medio Ambiente tambi\u00e9n nos hablo de ese proyecto, nos mostr\u00f3\u00a0la maqueta. O sea el proyecto esta hace a\u00f1os y todav\u00eda no se avanza, as\u00ed que lo que nosotros buscamos es una respuesta, que nos den fechas certeras y tambi\u00e9n que nos expliquen el plan para poder controlar, una vez que ellos no ingresan m\u00e1s al campo, que los privados tampoco entren porque la contaminaci\u00f3n sigue estando en el predio\u201d.<\/em><\/p>\n<p>La convocatoria es el pr\u00f3ximo mi\u00e9rcoles, 17 de marzo, a partir de las 10hs frente a la municipalidad de Malvinas Argentinas.<\/p>\n<p>Compartimos la entrevista completa<\/p>\n<p><a href=\"https:\/\/archive.org\/details\/audio-03-analia-campo-la-juanita\">Descargar<\/a><\/p>\n<p>&nbsp;<\/p>\n<audio class=\"wp-audio-shortcode\" id=\"audio-3074-2\" preload=\"none\" style=\"width: 100%;\" controls=\"controls\"><source type=\"audio\/mpeg\" src=\"https:\/\/archive.org\/download\/audio-03-analia-campo-la-juanita\/AUDIO%2003%20-%20ANALIA%20%28CAMPO%20LA%20JUANITA%29%29.mp3?_=2\" \/><a href=\"https:\/\/archive.org\/download\/audio-03-analia-campo-la-juanita\/AUDIO%2003%20-%20ANALIA%20%28CAMPO%20LA%20JUANITA%29%29.mp3\">https:\/\/archive.org\/download\/audio-03-analia-campo-la-juanita\/AUDIO%2003%20-%20ANALIA%20%28CAMPO%20LA%20JUANITA%29%29.mp3<\/a><\/audio>\n<div class=\"powerpress_player\" id=\"powerpress_player_851\"><audio class=\"wp-audio-shortcode\" id=\"audio-3074-1\" preload=\"none\" style=\"width: 100%;\" controls=\"controls\"><source type=\"audio\/mpeg\" src=\"https:\/\/archive.org\/download\/audio-03-analia-campo-la-juanita\/AUDIO%2003%20-%20ANALIA%20%28CAMPO%20LA%20JUANITA%29%29.mp3?_=1\" \/><a href=\"https:\/\/archive.org\/download\/audio-03-analia-campo-la-juanita\/AUDIO%2003%20-%20ANALIA%20%28CAMPO%20LA%20JUANITA%29%29.mp3\">https:\/\/archive.org\/download\/audio-03-analia-campo-la-juanita\/AUDIO%2003%20-%20ANALIA%20%28CAMPO%20LA%20JUANITA%29%29.mp3<\/a><\/audio><\/div><p class=\"powerpress_links powerpress_links_mp3\" style=\"margin-bottom: 1px !important;\">Podcast: <a href=\"https:\/\/archive.org\/download\/audio-03-analia-campo-la-juanita\/AUDIO%2003%20-%20ANALIA%20%28CAMPO%20LA%20JUANITA%29%29.mp3\" class=\"powerpress_link_pinw\" target=\"_blank\" title=\"Reproducir en una nueva ventana\" onclick=\"return powerpress_pinw('https:\/\/fmtinkunaco.ar\/?powerpress_pinw=3074-podcast');\" rel=\"nofollow\">Reproducir en una nueva ventana<\/a> | <a href=\"https:\/\/archive.org\/download\/audio-03-analia-campo-la-juanita\/AUDIO%2003%20-%20ANALIA%20%28CAMPO%20LA%20JUANITA%29%29.mp3\" class=\"powerpress_link_d\" title=\"Descargar\" rel=\"nofollow\" download=\"AUDIO%2003%20-%20ANALIA%20%28CAMPO%20LA%20JUANITA%29%29.mp3\">Descargar<\/a><\/p>","protected":false},"excerpt":{"rendered":"<p>Vecinos y vecinas autoconvocadas contra el basural del campo la Juanita, del municipio de Malvinas Argentinas, se manifestar\u00e1n el pr\u00f3ximo mi\u00e9rcoles 17 de marzo frente a la municipalidad con el objetivo de visibilizar el conflicto y buscar soluciones. En di\u00e1logo con el programa radial \u201cEncuentro con las Noticias\u201d, Anal\u00eda, vecina autoconvocada, se refiri\u00f3 a la [&hellip;]<\/p>\n","protected":false},"author":1,"featured_media":3075,"comment_status":"open","ping_status":"open","sticky":false,"template":"","format":"standard","meta":{"footnotes":""},"categories":[7,9],"tags":[],"class_list":["post-3074","post","type-post","status-publish","format-standard","has-post-thumbnail","hentry","category-salud","category-sociedad"],"_links":{"self":[{"href":"https:\/\/fmtinkunaco.ar\/index.php?rest_route=\/wp\/v2\/posts\/3074","targetHints":{"allow":["GET"]}}],"collection":[{"href":"https:\/\/fmtinkunaco.ar\/index.php?rest_route=\/wp\/v2\/posts"}],"about":[{"href":"https:\/\/fmtinkunaco.ar\/index.php?rest_route=\/wp\/v2\/types\/post"}],"author":[{"embeddable":true,"href":"https:\/\/fmtinkunaco.ar\/index.php?rest_route=\/wp\/v2\/users\/1"}],"replies":[{"embeddable":true,"href":"https:\/\/fmtinkunaco.ar\/index.php?rest_route=%2Fwp%2Fv2%2Fcomments&post=3074"}],"version-history":[{"count":0,"href":"https:\/\/fmtinkunaco.ar\/index.php?rest_route=\/wp\/v2\/posts\/3074\/revisions"}],"wp:featuredmedia":[{"embeddable":true,"href":"https:\/\/fmtinkunaco.ar\/index.php?rest_route=\/"}],"wp:attachment":[{"href":"https:\/\/fmtinkunaco.ar\/index.php?rest_route=%2Fwp%2Fv2%2Fmedia&parent=3074"}],"wp:term":[{"taxonomy":"category","embeddable":true,"href":"https:\/\/fmtinkunaco.ar\/index.php?rest_route=%2Fwp%2Fv2%2Fcategories&post=3074"},{"taxonomy":"post_tag","embeddable":true,"href":"https:\/\/fmtinkunaco.ar\/index.php?rest_route=%2Fwp%2Fv2%2Ftags&post=3074"}],"curies":[{"name":"wp","href":"https:\/\/api.w.org\/{rel}","templated":true}]}}