{"id":3078,"date":"2021-03-10T11:00:50","date_gmt":"2021-03-10T14:00:50","guid":{"rendered":"http:\/\/fmtinkunaco.com.ar\/?p=3078"},"modified":"2021-03-10T11:00:50","modified_gmt":"2021-03-10T14:00:50","slug":"pilar-inauguran-un-nuevo-punto-de-vacunacion-contra-el-covid-19-en-presidente-derqui","status":"publish","type":"post","link":"https:\/\/fmtinkunaco.ar\/?p=3078","title":{"rendered":"Pilar: Inauguran un nuevo punto de vacunaci\u00f3n contra el COVID 19 en Presidente Derqui"},"content":{"rendered":"<p>En el d\u00eda de hoy, mi\u00e9rcoles 10 de marzo, se inaugura un nuevo punto de vacunaci\u00f3n en el municipio de Pilar, que estar\u00e1 ubicado en la Casa de la Cultura de la localidad de Presidente Derqui.<\/p>\n<p>En di\u00e1logo con el programa radial \u201cEncuentro con las Noticias\u201d, Juan Pablo Rold\u00e1n, Concejal del partido de Pilar por el Frente de Todos, se refiri\u00f3 a esta inauguraci\u00f3n <em>\u201cAcaba de comenzar hace una hora, ya han pasado 40 personas en lo que va de este periodo, as\u00ed que felices de poder brindar ya un poco m\u00e1s de esperanza en esta angustia del covid. (\u2026) Hoy, espec\u00edficamente, ya comenz\u00f3 con personas de 18 a 59 a\u00f1os con patolog\u00edas cr\u00f3nicas, hipertensi\u00f3n, asma, enfermedades pulmonares y obesidad, son los factores de riesgo que hoy est\u00e1n ingresando a la campa\u00f1a de vacunaci\u00f3n\u201d.<\/em><\/p>\n<p>Rold\u00e1n, adem\u00e1s, remarc\u00f3 las expectativas de vacunaci\u00f3n, <em>\u201cEn Derqui la turnera, que eso lo genera la provincia de Buenos Aires son de 400 turnos por d\u00eda y la verdad que los primero dos turnos, tanto el de las 9 como el de las 10, ha sido al cien por ciento as\u00ed que tenemos una buena expectativa de presentismo, lo cual es importante eso para llegar a un numero r\u00e1pido en la diaria\u201d.<\/em><\/p>\n<p>Para el grupo de 18 a 59 a\u00f1os, se est\u00e1 destinando la vacuna Sinopharm.<\/p>\n<p>Adem\u00e1s, en la apertura de las \u00faltimas sesiones el intendente Federico Achaval anuncio la ampliaci\u00f3n del Hospital de Presidente Derqui, inaugurado durante la pandemia.<\/p>\n<p>En esta l\u00ednea, Rold\u00e1n, sostuvo <em>\u201cEl Intendente hizo el anuncio de la ampliaci\u00f3n del hospital, un hospital que fue creado en tiempo record el a\u00f1o pasado para hacer frente a la pandemia del covid y a una necesidad de la poblaci\u00f3n de la localidad de Derqui y localidades aleda\u00f1as. Hemos tenido un a\u00f1o duro y la verdad que la planificaci\u00f3n y la necesidad sanitaria nos lleva a hacer una ampliaci\u00f3n del hospital, lo cual brindara a la comunidad un mayor servicio, una mayor cantidad de camas, son 36 unidades que se aumentan. Mas la ampliaci\u00f3n del quir\u00f3fano y de hemodinamia. La verdad que pasa a ser un hospital cabecera y un hospital que va a estar a la altura de las circunstancias\u201d.<\/em><\/p>\n<p>El Hospital es una unidad de emergencia y actualmente tiene servicios de guardia de pediatr\u00eda, guardia de medico cl\u00ednico, traumatolog\u00eda y adem\u00e1s cuanta con m\u00e9dicos de internaci\u00f3n, tanto de cl\u00ednico como de terapia intensiva.<\/p>\n<p>Compartimos la entrevista completa<\/p>\n<p><a href=\"https:\/\/archive.org\/details\/juan-pablo-roldan-10-03-2021\">Descargar<\/a><\/p>\n<p>&nbsp;<\/p>\n<audio class=\"wp-audio-shortcode\" id=\"audio-3078-2\" preload=\"none\" style=\"width: 100%;\" controls=\"controls\"><source type=\"audio\/mpeg\" src=\"https:\/\/archive.org\/download\/juan-pablo-roldan-10-03-2021\/JUAN%20PABLO%20ROLDAN%2010%2003%202021.mp3?_=2\" \/><a href=\"https:\/\/archive.org\/download\/juan-pablo-roldan-10-03-2021\/JUAN%20PABLO%20ROLDAN%2010%2003%202021.mp3\">https:\/\/archive.org\/download\/juan-pablo-roldan-10-03-2021\/JUAN%20PABLO%20ROLDAN%2010%2003%202021.mp3<\/a><\/audio>\n<div class=\"powerpress_player\" id=\"powerpress_player_1621\"><audio class=\"wp-audio-shortcode\" id=\"audio-3078-1\" preload=\"none\" style=\"width: 100%;\" controls=\"controls\"><source type=\"audio\/mpeg\" src=\"https:\/\/archive.org\/download\/juan-pablo-roldan-10-03-2021\/JUAN%20PABLO%20ROLDAN%2010%2003%202021.mp3?_=1\" \/><a href=\"https:\/\/archive.org\/download\/juan-pablo-roldan-10-03-2021\/JUAN%20PABLO%20ROLDAN%2010%2003%202021.mp3\">https:\/\/archive.org\/download\/juan-pablo-roldan-10-03-2021\/JUAN%20PABLO%20ROLDAN%2010%2003%202021.mp3<\/a><\/audio><\/div><p class=\"powerpress_links powerpress_links_mp3\" style=\"margin-bottom: 1px !important;\">Podcast: <a href=\"https:\/\/archive.org\/download\/juan-pablo-roldan-10-03-2021\/JUAN%20PABLO%20ROLDAN%2010%2003%202021.mp3\" class=\"powerpress_link_pinw\" target=\"_blank\" title=\"Reproducir en una nueva ventana\" onclick=\"return powerpress_pinw('https:\/\/fmtinkunaco.ar\/?powerpress_pinw=3078-podcast');\" rel=\"nofollow\">Reproducir en una nueva ventana<\/a> | <a href=\"https:\/\/archive.org\/download\/juan-pablo-roldan-10-03-2021\/JUAN%20PABLO%20ROLDAN%2010%2003%202021.mp3\" class=\"powerpress_link_d\" title=\"Descargar\" rel=\"nofollow\" download=\"JUAN%20PABLO%20ROLDAN%2010%2003%202021.mp3\">Descargar<\/a><\/p>","protected":false},"excerpt":{"rendered":"<p>En el d\u00eda de hoy, mi\u00e9rcoles 10 de marzo, se inaugura un nuevo punto de vacunaci\u00f3n en el municipio de Pilar, que estar\u00e1 ubicado en la Casa de la Cultura de la localidad de Presidente Derqui. En di\u00e1logo con el programa radial \u201cEncuentro con las Noticias\u201d, Juan Pablo Rold\u00e1n, Concejal del partido de Pilar por [&hellip;]<\/p>\n","protected":false},"author":1,"featured_media":3079,"comment_status":"open","ping_status":"open","sticky":false,"template":"","format":"standard","meta":{"footnotes":""},"categories":[7],"tags":[340],"class_list":["post-3078","post","type-post","status-publish","format-standard","has-post-thumbnail","hentry","category-salud","tag-municipio-de-pilar"],"_links":{"self":[{"href":"https:\/\/fmtinkunaco.ar\/index.php?rest_route=\/wp\/v2\/posts\/3078","targetHints":{"allow":["GET"]}}],"collection":[{"href":"https:\/\/fmtinkunaco.ar\/index.php?rest_route=\/wp\/v2\/posts"}],"about":[{"href":"https:\/\/fmtinkunaco.ar\/index.php?rest_route=\/wp\/v2\/types\/post"}],"author":[{"embeddable":true,"href":"https:\/\/fmtinkunaco.ar\/index.php?rest_route=\/wp\/v2\/users\/1"}],"replies":[{"embeddable":true,"href":"https:\/\/fmtinkunaco.ar\/index.php?rest_route=%2Fwp%2Fv2%2Fcomments&post=3078"}],"version-history":[{"count":0,"href":"https:\/\/fmtinkunaco.ar\/index.php?rest_route=\/wp\/v2\/posts\/3078\/revisions"}],"wp:featuredmedia":[{"embeddable":true,"href":"https:\/\/fmtinkunaco.ar\/index.php?rest_route=\/"}],"wp:attachment":[{"href":"https:\/\/fmtinkunaco.ar\/index.php?rest_route=%2Fwp%2Fv2%2Fmedia&parent=3078"}],"wp:term":[{"taxonomy":"category","embeddable":true,"href":"https:\/\/fmtinkunaco.ar\/index.php?rest_route=%2Fwp%2Fv2%2Fcategories&post=3078"},{"taxonomy":"post_tag","embeddable":true,"href":"https:\/\/fmtinkunaco.ar\/index.php?rest_route=%2Fwp%2Fv2%2Ftags&post=3078"}],"curies":[{"name":"wp","href":"https:\/\/api.w.org\/{rel}","templated":true}]}}