{"id":3081,"date":"2021-03-10T13:56:45","date_gmt":"2021-03-10T16:56:45","guid":{"rendered":"http:\/\/fmtinkunaco.com.ar\/?p=3081"},"modified":"2021-03-10T13:56:45","modified_gmt":"2021-03-10T16:56:45","slug":"el-sanatorio-de-san-miguel-cumple-una-semana-de-paro","status":"publish","type":"post","link":"https:\/\/fmtinkunaco.ar\/?p=3081","title":{"rendered":"El Sanatorio de San Miguel cumple una semana de paro"},"content":{"rendered":"<p>Trabajadores y trabajadoras, del Sanatorio de San Miguel, se encuentran exigiendo el pago adeudado de aguinaldos, saldos del mes de noviembre del a\u00f1o pasado y saldos del mes de enero y febrero de este a\u00f1o.<\/p>\n<p>En este contexto, los trabadores y las trabajadoras, decidieron en asamblea parar hasta que les den soluciones concretas.<\/p>\n<p>En di\u00e1logo con el programa radial \u201cEncuentro con las Noticias\u201d, Andrea Medina, trabajadora del Sanatorio San Miguel, se refiri\u00f3 al conflicto, <em>\u201cEl problema de la instituci\u00f3n es la falta de pago, es constantemente los atrasos, la deuda que mantienen con nosotros a la fecha es un saldo del mes de noviembre, el aguinaldo completo, un saldo del mes de enero y bueno, ya est\u00e1 vencido febrero tambi\u00e9n\u201d.<\/em><\/p>\n<p>Medina, adem\u00e1s, remarc\u00f3 las acciones realizadas como asamblea, <em>\u201cSe hizo ayer una denuncia ante el Ministerio de Trabajo, ayer cay\u00f3 la inspecci\u00f3n, inspecciono y obviamente eso para la instituci\u00f3n requiere una multa; de la cual se le est\u00e1 advirtiendo desde la semana pasada que sino lleg\u00e1bamos a un buen acuerdo lo \u00edbamos a terminar haciendo. Ante la negativa de ellos porque, solamente, nos quer\u00edan saldar el mes de enero y no es lo que estamos reclamando tuvieron una multa de la inspecci\u00f3n por parte del Ministerio de Trabajo. Y ma\u00f1ana tenemos una audiencia para acordar el tema de los pagos\u201d.<\/em><\/p>\n<p>Son 141 los empleados y empleadas que se encuentran afectados y afectadas por este conflicto, adem\u00e1s de los doctores y doctoras.<\/p>\n<p>Finalmente, Andrea Medina, remarc\u00f3 que aun se encuentran de paro, desde la semana pasada, <em>\u201cLamentable y vergonzosamente nos toca parar a nosotros como sistema de salud, nosotros estamos parados desde la semana pasada, del d\u00eda mi\u00e9rcoles, que nos tendr\u00edan que haber cancelado el sueldo de enero y ya empezar a pagarnos el sueldo de noviembre y el aguinaldo y eso no ocurri\u00f3, por lo tanto nos llamamos a tomar la medida de fuerza. En este momento el sanatorio est\u00e1 parado, se atiende las urgencias y el \u00e1rea covid que por cuesti\u00f3n de pandemia continua abierto\u201d.<\/em><\/p>\n<p>Compartimos la entrevista completa<\/p>\n<p><a href=\"https:\/\/archive.org\/details\/audio-andrea-medina-sanatorio-san-miguel-10-03-2021\">Descargar<\/a><\/p>\n<p>&nbsp;<\/p>\n<audio class=\"wp-audio-shortcode\" id=\"audio-3081-2\" preload=\"none\" style=\"width: 100%;\" controls=\"controls\"><source type=\"audio\/mpeg\" src=\"https:\/\/archive.org\/download\/audio-andrea-medina-sanatorio-san-miguel-10-03-2021\/AUDIO%20-%20ANDREA%20MEDINA%20%28SANATORIO%20SAN%20MIGUEL%29%2010%2003%202021.mp3?_=2\" \/><a href=\"https:\/\/archive.org\/download\/audio-andrea-medina-sanatorio-san-miguel-10-03-2021\/AUDIO%20-%20ANDREA%20MEDINA%20%28SANATORIO%20SAN%20MIGUEL%29%2010%2003%202021.mp3\">https:\/\/archive.org\/download\/audio-andrea-medina-sanatorio-san-miguel-10-03-2021\/AUDIO%20-%20ANDREA%20MEDINA%20%28SANATORIO%20SAN%20MIGUEL%29%2010%2003%202021.mp3<\/a><\/audio>\n<div class=\"powerpress_player\" id=\"powerpress_player_1711\"><audio class=\"wp-audio-shortcode\" id=\"audio-3081-1\" preload=\"none\" style=\"width: 100%;\" controls=\"controls\"><source type=\"audio\/mpeg\" src=\"https:\/\/archive.org\/download\/audio-andrea-medina-sanatorio-san-miguel-10-03-2021\/AUDIO%20-%20ANDREA%20MEDINA%20%28SANATORIO%20SAN%20MIGUEL%29%2010%2003%202021.mp3?_=1\" \/><a href=\"https:\/\/archive.org\/download\/audio-andrea-medina-sanatorio-san-miguel-10-03-2021\/AUDIO%20-%20ANDREA%20MEDINA%20%28SANATORIO%20SAN%20MIGUEL%29%2010%2003%202021.mp3\">https:\/\/archive.org\/download\/audio-andrea-medina-sanatorio-san-miguel-10-03-2021\/AUDIO%20-%20ANDREA%20MEDINA%20%28SANATORIO%20SAN%20MIGUEL%29%2010%2003%202021.mp3<\/a><\/audio><\/div><p class=\"powerpress_links powerpress_links_mp3\" style=\"margin-bottom: 1px !important;\">Podcast: <a href=\"https:\/\/archive.org\/download\/audio-andrea-medina-sanatorio-san-miguel-10-03-2021\/AUDIO%20-%20ANDREA%20MEDINA%20%28SANATORIO%20SAN%20MIGUEL%29%2010%2003%202021.mp3\" class=\"powerpress_link_pinw\" target=\"_blank\" title=\"Reproducir en una nueva ventana\" onclick=\"return powerpress_pinw('https:\/\/fmtinkunaco.ar\/?powerpress_pinw=3081-podcast');\" rel=\"nofollow\">Reproducir en una nueva ventana<\/a> | <a href=\"https:\/\/archive.org\/download\/audio-andrea-medina-sanatorio-san-miguel-10-03-2021\/AUDIO%20-%20ANDREA%20MEDINA%20%28SANATORIO%20SAN%20MIGUEL%29%2010%2003%202021.mp3\" class=\"powerpress_link_d\" title=\"Descargar\" rel=\"nofollow\" download=\"AUDIO%20-%20ANDREA%20MEDINA%20%28SANATORIO%20SAN%20MIGUEL%29%2010%2003%202021.mp3\">Descargar<\/a><\/p>","protected":false},"excerpt":{"rendered":"<p>Trabajadores y trabajadoras, del Sanatorio de San Miguel, se encuentran exigiendo el pago adeudado de aguinaldos, saldos del mes de noviembre del a\u00f1o pasado y saldos del mes de enero y febrero de este a\u00f1o. En este contexto, los trabadores y las trabajadoras, decidieron en asamblea parar hasta que les den soluciones concretas. En di\u00e1logo [&hellip;]<\/p>\n","protected":false},"author":1,"featured_media":2184,"comment_status":"open","ping_status":"open","sticky":false,"template":"","format":"standard","meta":{"footnotes":""},"categories":[7],"tags":[342,446],"class_list":["post-3081","post","type-post","status-publish","format-standard","has-post-thumbnail","hentry","category-salud","tag-municipio-de-san-miguel","tag-sanatorio-san-miguel"],"_links":{"self":[{"href":"https:\/\/fmtinkunaco.ar\/index.php?rest_route=\/wp\/v2\/posts\/3081","targetHints":{"allow":["GET"]}}],"collection":[{"href":"https:\/\/fmtinkunaco.ar\/index.php?rest_route=\/wp\/v2\/posts"}],"about":[{"href":"https:\/\/fmtinkunaco.ar\/index.php?rest_route=\/wp\/v2\/types\/post"}],"author":[{"embeddable":true,"href":"https:\/\/fmtinkunaco.ar\/index.php?rest_route=\/wp\/v2\/users\/1"}],"replies":[{"embeddable":true,"href":"https:\/\/fmtinkunaco.ar\/index.php?rest_route=%2Fwp%2Fv2%2Fcomments&post=3081"}],"version-history":[{"count":0,"href":"https:\/\/fmtinkunaco.ar\/index.php?rest_route=\/wp\/v2\/posts\/3081\/revisions"}],"wp:featuredmedia":[{"embeddable":true,"href":"https:\/\/fmtinkunaco.ar\/index.php?rest_route=\/"}],"wp:attachment":[{"href":"https:\/\/fmtinkunaco.ar\/index.php?rest_route=%2Fwp%2Fv2%2Fmedia&parent=3081"}],"wp:term":[{"taxonomy":"category","embeddable":true,"href":"https:\/\/fmtinkunaco.ar\/index.php?rest_route=%2Fwp%2Fv2%2Fcategories&post=3081"},{"taxonomy":"post_tag","embeddable":true,"href":"https:\/\/fmtinkunaco.ar\/index.php?rest_route=%2Fwp%2Fv2%2Ftags&post=3081"}],"curies":[{"name":"wp","href":"https:\/\/api.w.org\/{rel}","templated":true}]}}