{"id":3086,"date":"2021-03-11T14:25:33","date_gmt":"2021-03-11T17:25:33","guid":{"rendered":"http:\/\/fmtinkunaco.com.ar\/?p=3086"},"modified":"2021-03-11T14:25:33","modified_gmt":"2021-03-11T17:25:33","slug":"continua-el-conflicto-en-el-hospital-larcade-de-san-miguel","status":"publish","type":"post","link":"https:\/\/fmtinkunaco.ar\/?p=3086","title":{"rendered":"Contin\u00faa el conflicto en el Hospital Larcade de San Miguel"},"content":{"rendered":"<p>Trabajadores y trabajadoras del Hospital Larcade, de San Miguel, contin\u00faan en plan de lucha por no tener respuestas satisfactorias, por parte del Ejecutivo, a sus reclamos.<\/p>\n<p>En dialogo con el programa radial \u201cEncuentro con las Noticias\u201d, Miguel Kruguer, trabajador del Hospital Larcade, se refiri\u00f3 al estado del conflicto, <em>\u201cEl reclamo sigue igual, no recibimos respuestas favorables, lamentablemente no hay dialogo con el Ejecutivo, ellos cortaron todo tipo de v\u00eda de di\u00e1logo. As\u00ed que seguimos a la espera de ver qu\u00e9 pasa\u201d.<\/em><\/p>\n<p>Ademas, el personal sanitario, denuncia a trav\u00e9s de sus redes sociales que<em> \u201chace 22 d\u00edas que el Hospital Ra\u00fal F. Larcade no atiende donantes de sangre, debido a la falta de incorporaci\u00f3n de personal, para la correcta atenci\u00f3n de las personas que se acercan a donar para sus familias que requieren transfusiones, lo que dificulta continuar con los tratamientos\u201d.<\/em><\/p>\n<p>Respecto a las pr\u00f3ximas acciones, los trabajadores y trabajadoras lo resolver\u00e1n en las pr\u00f3ximas asambleas, as\u00ed lo remarc\u00f3 Kruguer, <em>\u201cSeguimos con los aplausos, todos los d\u00edas, a las 11 y tenemos que definir en asamblea, hoy o ma\u00f1ana, el plan de lucha porque algo mas tenemos que hacer, as\u00ed que esto va para largo pero necesitamos un plan de acci\u00f3n fuerte como para que se nos escuche o para que se nos atienda al menos\u201d.<\/em><\/p>\n<p>Finalmente, Miguel Kruguer, sostuvo que en el inicio del conflicto, parte de la comunidad estaba molesta con ellos por los obst\u00e1culos en la atenci\u00f3n pero hoy los trabajadores y trabajadoras se sienten muy acompa\u00f1ados por la comunidad, <em>\u201cAl principio cuando empezamos a plantear esta situaci\u00f3n\u00a0 la gente un poco si se enojaba con nosotros porque obviamente uno cree que es el responsable, que nosotros tenemos la culpa del mal funcionamiento del hospital pero con hacernos escuchar, mucha gente se interiorizo m\u00e1s, y ahora entienden como es la situaci\u00f3n; que no es que en guardia no se atiende a las personas porque no quieren atenderlas sino que hay un solo medico y el hospital atiende a gran cantidad de gente, est\u00e1 desbordado, igual que con otros servicios. La gente de a poco lo va entendiendo y ahora recibimos mucho apoyo, en los aplausos cuando salimos a la calle la gente toca bocina, nos aplaude, nos apoya, as\u00ed que eso es gratificante\u201d.<\/em><\/p>\n<p>Compartimos la entrevista completa<\/p>\n<p><a href=\"https:\/\/archive.org\/details\/audio-miguel-kruguer-hospital-larcade-11-03-2021\">Descargar<\/a><\/p>\n<p>&nbsp;<\/p>\n<audio class=\"wp-audio-shortcode\" id=\"audio-3086-2\" preload=\"none\" style=\"width: 100%;\" controls=\"controls\"><source type=\"audio\/mpeg\" src=\"https:\/\/archive.org\/download\/audio-miguel-kruguer-hospital-larcade-11-03-2021\/AUDIO%20-%20MIGUEL%20KRUGUER%20%28HOSPITAL%20LARCADE%29%2011%2003%202021.mp3?_=2\" \/><a href=\"https:\/\/archive.org\/download\/audio-miguel-kruguer-hospital-larcade-11-03-2021\/AUDIO%20-%20MIGUEL%20KRUGUER%20%28HOSPITAL%20LARCADE%29%2011%2003%202021.mp3\">https:\/\/archive.org\/download\/audio-miguel-kruguer-hospital-larcade-11-03-2021\/AUDIO%20-%20MIGUEL%20KRUGUER%20%28HOSPITAL%20LARCADE%29%2011%2003%202021.mp3<\/a><\/audio>\n<div class=\"powerpress_player\" id=\"powerpress_player_1079\"><audio class=\"wp-audio-shortcode\" id=\"audio-3086-1\" preload=\"none\" style=\"width: 100%;\" controls=\"controls\"><source type=\"audio\/mpeg\" src=\"https:\/\/archive.org\/download\/audio-miguel-kruguer-hospital-larcade-11-03-2021\/AUDIO%20-%20MIGUEL%20KRUGUER%20%28HOSPITAL%20LARCADE%29%2011%2003%202021.mp3?_=1\" \/><a href=\"https:\/\/archive.org\/download\/audio-miguel-kruguer-hospital-larcade-11-03-2021\/AUDIO%20-%20MIGUEL%20KRUGUER%20%28HOSPITAL%20LARCADE%29%2011%2003%202021.mp3\">https:\/\/archive.org\/download\/audio-miguel-kruguer-hospital-larcade-11-03-2021\/AUDIO%20-%20MIGUEL%20KRUGUER%20%28HOSPITAL%20LARCADE%29%2011%2003%202021.mp3<\/a><\/audio><\/div><p class=\"powerpress_links powerpress_links_mp3\" style=\"margin-bottom: 1px !important;\">Podcast: <a href=\"https:\/\/archive.org\/download\/audio-miguel-kruguer-hospital-larcade-11-03-2021\/AUDIO%20-%20MIGUEL%20KRUGUER%20%28HOSPITAL%20LARCADE%29%2011%2003%202021.mp3\" class=\"powerpress_link_pinw\" target=\"_blank\" title=\"Reproducir en una nueva ventana\" onclick=\"return powerpress_pinw('https:\/\/fmtinkunaco.ar\/?powerpress_pinw=3086-podcast');\" rel=\"nofollow\">Reproducir en una nueva ventana<\/a> | <a href=\"https:\/\/archive.org\/download\/audio-miguel-kruguer-hospital-larcade-11-03-2021\/AUDIO%20-%20MIGUEL%20KRUGUER%20%28HOSPITAL%20LARCADE%29%2011%2003%202021.mp3\" class=\"powerpress_link_d\" title=\"Descargar\" rel=\"nofollow\" download=\"AUDIO%20-%20MIGUEL%20KRUGUER%20%28HOSPITAL%20LARCADE%29%2011%2003%202021.mp3\">Descargar<\/a><\/p>","protected":false},"excerpt":{"rendered":"<p>Trabajadores y trabajadoras del Hospital Larcade, de San Miguel, contin\u00faan en plan de lucha por no tener respuestas satisfactorias, por parte del Ejecutivo, a sus reclamos. En dialogo con el programa radial \u201cEncuentro con las Noticias\u201d, Miguel Kruguer, trabajador del Hospital Larcade, se refiri\u00f3 al estado del conflicto, \u201cEl reclamo sigue igual, no recibimos respuestas [&hellip;]<\/p>\n","protected":false},"author":1,"featured_media":2822,"comment_status":"open","ping_status":"open","sticky":false,"template":"","format":"standard","meta":{"footnotes":""},"categories":[7],"tags":[243,342],"class_list":["post-3086","post","type-post","status-publish","format-standard","has-post-thumbnail","hentry","category-salud","tag-hospital-larcade","tag-municipio-de-san-miguel"],"_links":{"self":[{"href":"https:\/\/fmtinkunaco.ar\/index.php?rest_route=\/wp\/v2\/posts\/3086","targetHints":{"allow":["GET"]}}],"collection":[{"href":"https:\/\/fmtinkunaco.ar\/index.php?rest_route=\/wp\/v2\/posts"}],"about":[{"href":"https:\/\/fmtinkunaco.ar\/index.php?rest_route=\/wp\/v2\/types\/post"}],"author":[{"embeddable":true,"href":"https:\/\/fmtinkunaco.ar\/index.php?rest_route=\/wp\/v2\/users\/1"}],"replies":[{"embeddable":true,"href":"https:\/\/fmtinkunaco.ar\/index.php?rest_route=%2Fwp%2Fv2%2Fcomments&post=3086"}],"version-history":[{"count":0,"href":"https:\/\/fmtinkunaco.ar\/index.php?rest_route=\/wp\/v2\/posts\/3086\/revisions"}],"wp:featuredmedia":[{"embeddable":true,"href":"https:\/\/fmtinkunaco.ar\/index.php?rest_route=\/"}],"wp:attachment":[{"href":"https:\/\/fmtinkunaco.ar\/index.php?rest_route=%2Fwp%2Fv2%2Fmedia&parent=3086"}],"wp:term":[{"taxonomy":"category","embeddable":true,"href":"https:\/\/fmtinkunaco.ar\/index.php?rest_route=%2Fwp%2Fv2%2Fcategories&post=3086"},{"taxonomy":"post_tag","embeddable":true,"href":"https:\/\/fmtinkunaco.ar\/index.php?rest_route=%2Fwp%2Fv2%2Ftags&post=3086"}],"curies":[{"name":"wp","href":"https:\/\/api.w.org\/{rel}","templated":true}]}}