{"id":3103,"date":"2021-03-12T11:42:03","date_gmt":"2021-03-12T14:42:03","guid":{"rendered":"http:\/\/fmtinkunaco.com.ar\/?p=3103"},"modified":"2021-03-12T11:42:03","modified_gmt":"2021-03-12T14:42:03","slug":"la-asociacion-sobrevivientes-familiares-y-companerxs-de-campo-de-mayo-con-actividades-camino-a-un-nuevo-24-de-marzo","status":"publish","type":"post","link":"https:\/\/fmtinkunaco.ar\/?p=3103","title":{"rendered":"La Asociaci\u00f3n Sobrevivientes, Familiares y Compa\u00f1erxs de Campo de Mayo con actividades camino a un nuevo 24 de Marzo"},"content":{"rendered":"<p>A 45 a\u00f1os del golpe c\u00edvico, militar y eclesi\u00e1stico, organismos de Derechos Humanos se encuentran organizando diferentes acciones. Esto se debe a que, a ra\u00edz de la pandemia, este a\u00f1o no se convoca a movilizar y marchar como cada a\u00f1o.<\/p>\n<p>En el caso de la Asociaci\u00f3n Sobrevivientes, Familiares y Compa\u00f1erxs de Campo de Mayo, arranco a finales de febrero con la realizaci\u00f3n de siluetas que el 23 de marzo ser\u00e1n colocadas en diferentes barrios y estaciones de trenes.<\/p>\n<p>En di\u00e1logo con el programa radial \u201cEncuentro con las Noticias\u201d, Alberto Bordagaray. Integrante de la Asociaci\u00f3n Sobrevivientes, Familiares y Compa\u00f1erxs de Campo de Mayo, describi\u00f3 las actividades que se est\u00e1n realizando camino a un nuevo 24 de marzo, <em>\u201cSe empez\u00f3 a hacer las siluetas en Tortuguitas, el d\u00eda 27 de febrero, el s\u00e1bado pasado las hicimos en la Plaza de Hurlingham y ma\u00f1ana se hacen en la CTA de San Miguel. Ma\u00f1ana a las 9 de la ma\u00f1ana, un grupo de compa\u00f1eros, se van a reunir en la CTA a hacer siluetas y la idea es colocar esas siluetas el d\u00eda 23 a la tarde noche para que el 24 amanezcan todas las siluetas colocadas. (\u2026) Se van a colocar en distintos barrios y estamos tratando de ver, de colocar, en las estaciones del Ferrocarril Urquiza, que pasan por Campo de Mayo, y en las estaciones del Ferrocarril San Mart\u00edn que tambi\u00e9n est\u00e1n en las inmediaciones de Campo de Mayo\u201d<\/em>.<\/p>\n<p>Adem\u00e1s, Bordagaray, explic\u00f3 que el acto en El Campito se realizar\u00e1 el 19 pero \u00fanicamente ser\u00e1 un acto en la entrada del mismo, para poder mantener el distanciamiento social,<em>\u201cEl d\u00eda 19 a las 12, vamos a estar en la entrada de El Campito, no vamos a entrar, la Jueza nos autorizo a juntarnos en la entrada porque el espacio dentro de El Campito es reducido y va a ser dif\u00edcil mantener la distancia social; entonces en la entrada que hay un espacio amplio, vamos a hacer el acto ah\u00ed\u201d.<\/em><\/p>\n<p>La Asociaci\u00f3n, se encuentra en constante actividad y acompa\u00f1a enteramente cada una de las causas relacionadas a Campo de Mayo, de esta manera lo explico Alberto Bordagaray, <em>\u201cEstamos siguiendo todo lo que tenga que ver con Campo de Mayo, vuelos de la muerte tambien, y la Mega Causa de Campo de Mayo tambi\u00e9n, todo lo que tenga que ver con los juicios de Campo de Mayo, la verdad que hay en la parte de la querella hay un le\u00f3n, Pablo Llonto, como trabaja. Ayer, a m\u00ed, personalmente me hizo emocionar mucho el cierre de su trabajo ayer, en el alegato, aparte la cantidad de pruebas que aporta y como\u00a0 le explica a los jueces que es lo que tienen que ver, lo que se muestra y lo que no se muestra\u201d.<\/em><\/p>\n<p>Compartimos la entrevista completa<\/p>\n<p><a href=\"https:\/\/archive.org\/details\/audio-alberto-bordagaray-12-03-2021\">Descargar<\/a><\/p>\n<p>&nbsp;<\/p>\n<audio class=\"wp-audio-shortcode\" id=\"audio-3103-2\" preload=\"none\" style=\"width: 100%;\" controls=\"controls\"><source type=\"audio\/mpeg\" src=\"https:\/\/archive.org\/download\/audio-alberto-bordagaray-12-03-2021\/AUDIO%20-%20ALBERTO%20BORDAGARAY%2012%2003%202021.mp3?_=2\" \/><a href=\"https:\/\/archive.org\/download\/audio-alberto-bordagaray-12-03-2021\/AUDIO%20-%20ALBERTO%20BORDAGARAY%2012%2003%202021.mp3\">https:\/\/archive.org\/download\/audio-alberto-bordagaray-12-03-2021\/AUDIO%20-%20ALBERTO%20BORDAGARAY%2012%2003%202021.mp3<\/a><\/audio>\n<div class=\"powerpress_player\" id=\"powerpress_player_714\"><audio class=\"wp-audio-shortcode\" id=\"audio-3103-1\" preload=\"none\" style=\"width: 100%;\" controls=\"controls\"><source type=\"audio\/mpeg\" src=\"https:\/\/archive.org\/download\/audio-alberto-bordagaray-12-03-2021\/AUDIO%20-%20ALBERTO%20BORDAGARAY%2012%2003%202021.mp3?_=1\" \/><a href=\"https:\/\/archive.org\/download\/audio-alberto-bordagaray-12-03-2021\/AUDIO%20-%20ALBERTO%20BORDAGARAY%2012%2003%202021.mp3\">https:\/\/archive.org\/download\/audio-alberto-bordagaray-12-03-2021\/AUDIO%20-%20ALBERTO%20BORDAGARAY%2012%2003%202021.mp3<\/a><\/audio><\/div><p class=\"powerpress_links powerpress_links_mp3\" style=\"margin-bottom: 1px !important;\">Podcast: <a href=\"https:\/\/archive.org\/download\/audio-alberto-bordagaray-12-03-2021\/AUDIO%20-%20ALBERTO%20BORDAGARAY%2012%2003%202021.mp3\" class=\"powerpress_link_pinw\" target=\"_blank\" title=\"Reproducir en una nueva ventana\" onclick=\"return powerpress_pinw('https:\/\/fmtinkunaco.ar\/?powerpress_pinw=3103-podcast');\" rel=\"nofollow\">Reproducir en una nueva ventana<\/a> | <a href=\"https:\/\/archive.org\/download\/audio-alberto-bordagaray-12-03-2021\/AUDIO%20-%20ALBERTO%20BORDAGARAY%2012%2003%202021.mp3\" class=\"powerpress_link_d\" title=\"Descargar\" rel=\"nofollow\" download=\"AUDIO%20-%20ALBERTO%20BORDAGARAY%2012%2003%202021.mp3\">Descargar<\/a><\/p>","protected":false},"excerpt":{"rendered":"<p>A 45 a\u00f1os del golpe c\u00edvico, militar y eclesi\u00e1stico, organismos de Derechos Humanos se encuentran organizando diferentes acciones. Esto se debe a que, a ra\u00edz de la pandemia, este a\u00f1o no se convoca a movilizar y marchar como cada a\u00f1o. En el caso de la Asociaci\u00f3n Sobrevivientes, Familiares y Compa\u00f1erxs de Campo de Mayo, arranco [&hellip;]<\/p>\n","protected":false},"author":1,"featured_media":3104,"comment_status":"open","ping_status":"open","sticky":false,"template":"","format":"standard","meta":{"footnotes":""},"categories":[4],"tags":[],"class_list":["post-3103","post","type-post","status-publish","format-standard","has-post-thumbnail","hentry","category-derechos-humanos"],"_links":{"self":[{"href":"https:\/\/fmtinkunaco.ar\/index.php?rest_route=\/wp\/v2\/posts\/3103","targetHints":{"allow":["GET"]}}],"collection":[{"href":"https:\/\/fmtinkunaco.ar\/index.php?rest_route=\/wp\/v2\/posts"}],"about":[{"href":"https:\/\/fmtinkunaco.ar\/index.php?rest_route=\/wp\/v2\/types\/post"}],"author":[{"embeddable":true,"href":"https:\/\/fmtinkunaco.ar\/index.php?rest_route=\/wp\/v2\/users\/1"}],"replies":[{"embeddable":true,"href":"https:\/\/fmtinkunaco.ar\/index.php?rest_route=%2Fwp%2Fv2%2Fcomments&post=3103"}],"version-history":[{"count":0,"href":"https:\/\/fmtinkunaco.ar\/index.php?rest_route=\/wp\/v2\/posts\/3103\/revisions"}],"wp:featuredmedia":[{"embeddable":true,"href":"https:\/\/fmtinkunaco.ar\/index.php?rest_route=\/"}],"wp:attachment":[{"href":"https:\/\/fmtinkunaco.ar\/index.php?rest_route=%2Fwp%2Fv2%2Fmedia&parent=3103"}],"wp:term":[{"taxonomy":"category","embeddable":true,"href":"https:\/\/fmtinkunaco.ar\/index.php?rest_route=%2Fwp%2Fv2%2Fcategories&post=3103"},{"taxonomy":"post_tag","embeddable":true,"href":"https:\/\/fmtinkunaco.ar\/index.php?rest_route=%2Fwp%2Fv2%2Ftags&post=3103"}],"curies":[{"name":"wp","href":"https:\/\/api.w.org\/{rel}","templated":true}]}}