{"id":3106,"date":"2021-03-15T13:40:36","date_gmt":"2021-03-15T16:40:36","guid":{"rendered":"http:\/\/fmtinkunaco.com.ar\/?p=3106"},"modified":"2021-03-15T13:40:36","modified_gmt":"2021-03-15T16:40:36","slug":"trabajadores-y-trabajadoras-del-hospital-larcade-vuelven-a-movilizar-el-30-de-marzo","status":"publish","type":"post","link":"https:\/\/fmtinkunaco.ar\/?p=3106","title":{"rendered":"Trabajadores y Trabajadoras del Hospital Larcade vuelven a movilizar el 30 de Marzo"},"content":{"rendered":"<p>Trabajadores y Trabajadores del Hospital Larcade, de San Miguel, decidieron en asamblea volver a concentrar y movilizar el pr\u00f3ximo martes 30 de marzo, a las 15hs, con el objetivo de ser escuchados y que las autoridades municipales den soluciones a la precarizaci\u00f3n laboral y a los bajos salarios.<\/p>\n<p>En di\u00e1logo con el programa radial \u201cEncuentro con las Noticias\u201d, Nancy Loschiavo, trabajadora del Hospital Larcade, se refiri\u00f3 a algunos cambios respecto a las categor\u00edas de trabajo, <em>\u201cHubo algunas recategorizaciones, con algunos de los compa\u00f1eros t\u00e9cnicos, donde han subido la categor\u00eda, de categor\u00eda 10 a categor\u00eda 13, como novedad. Donde sus sueldos eran de $13 mil pesos lo b\u00e1sico, hoy siguen siendo los mismos por m\u00e1s que hayan cambiado de categor\u00eda pero les pagan $3 mil pesos m\u00e1s en negro; esa es la diferencia de las nuevas categor\u00edas que pusieron. O m\u00e9dicos que tambi\u00e9n les han aumentado, alg\u00fan que otro sueldo, pero tambi\u00e9n en negro. Todo los parches que fueron poniendo, fueron as\u00ed, hasta el d\u00eda de hoy\u201d.<\/em><\/p>\n<p>Loschiavo, adem\u00e1s, explic\u00f3 que se sienten muy acompa\u00f1ados y acompa\u00f1adas por la comunidad, <em>\u201cSe form\u00f3 una comisi\u00f3n solidaria por el Hospital Larcade de vecinos, estudiantes, pacientes del hospital apoy\u00e1ndonos. Y ellos el d\u00eda de ma\u00f1ana convocan a todos los que se quieran sumar a un abrazo solidario a las 11 de la ma\u00f1ana, en el mismo horario que nosotros salimos al aplauso\u201d.<\/em><\/p>\n<p>Por otro lado, Nancy Loschiavo, dio la noticia de que en asamblea decidieron movilizar el pr\u00f3ximo martes 30 de marzo, a partir de las 15hs, concentrar en las puertas del Hospital Larcade y movilizar a la Plaza de San Miguel, <em>\u201cTenemos fecha para la movilizaci\u00f3n que es el 30\/03, a las 15hs, nos vamos a convocar todos ac\u00e1 en la puerta del hospital y desde ac\u00e1 todos juntos vamos a movilizarnos a la plaza. Queremos que nos escuches, nos queremos hacer escuchar, ya decimos basta de toda esta situaci\u00f3n, no podemos seguir as\u00ed\u201d.<\/em><\/p>\n<p>Los trabajadores y las trabajadoras del Hospital Larcade, lanzaron en los \u00faltimos d\u00edas un petitorio, v\u00eda internet, que tiene como objetivo juntar firmas de la comunidad para pedir que el hospital pase de manos municipales a manos provinciales. As\u00ed lo explic\u00f3 la trabajadora Loschiavo, <em>\u201cEsa charla fue una charla muy amena, donde se pudieron explicar cu\u00e1les fueron todas las situaciones, exponer todas las situaciones que se est\u00e1n viviendo en el hospital; ya est\u00e1n al tanto desde provincia de toda esta situaci\u00f3n, hay una posibilidad de provincializaci\u00f3n y eso lo van a tener que decidir en conjunto la provincia con la municipalidad. Ya se nos escapa de las manos, nosotros lo estamos solicitando y hay que ver c\u00f3mo lo resuelven ellos. (\u2026) Es una posibilidad, pero si la municipalidad no habla directamente con provincia, es algo que nosotros estamos por fuera de esa decisi\u00f3n por eso se est\u00e1 solicitando que toda la gente colabore con esto y que sea, m\u00e1s que una decisi\u00f3n nuestra, una decisi\u00f3n de todos\u201d.<\/em><\/p>\n<p>Compartimos la entrevista completa<\/p>\n<p><a href=\"https:\/\/archive.org\/details\/audio-nancy-loschiavo-larcade-15-03-2021\">Descargar<\/a><\/p>\n<p>&nbsp;<\/p>\n<audio class=\"wp-audio-shortcode\" id=\"audio-3106-2\" preload=\"none\" style=\"width: 100%;\" controls=\"controls\"><source type=\"audio\/mpeg\" src=\"https:\/\/archive.org\/download\/audio-nancy-loschiavo-larcade-15-03-2021\/AUDIO%20-%20NANCY%20LOSCHIAVO%20%28LARCADE%29%2015%2003%202021.mp3?_=2\" \/><a href=\"https:\/\/archive.org\/download\/audio-nancy-loschiavo-larcade-15-03-2021\/AUDIO%20-%20NANCY%20LOSCHIAVO%20%28LARCADE%29%2015%2003%202021.mp3\">https:\/\/archive.org\/download\/audio-nancy-loschiavo-larcade-15-03-2021\/AUDIO%20-%20NANCY%20LOSCHIAVO%20%28LARCADE%29%2015%2003%202021.mp3<\/a><\/audio>\n<div class=\"powerpress_player\" id=\"powerpress_player_17\"><audio class=\"wp-audio-shortcode\" id=\"audio-3106-1\" preload=\"none\" style=\"width: 100%;\" controls=\"controls\"><source type=\"audio\/mpeg\" src=\"https:\/\/archive.org\/download\/audio-nancy-loschiavo-larcade-15-03-2021\/AUDIO%20-%20NANCY%20LOSCHIAVO%20%28LARCADE%29%2015%2003%202021.mp3?_=1\" \/><a href=\"https:\/\/archive.org\/download\/audio-nancy-loschiavo-larcade-15-03-2021\/AUDIO%20-%20NANCY%20LOSCHIAVO%20%28LARCADE%29%2015%2003%202021.mp3\">https:\/\/archive.org\/download\/audio-nancy-loschiavo-larcade-15-03-2021\/AUDIO%20-%20NANCY%20LOSCHIAVO%20%28LARCADE%29%2015%2003%202021.mp3<\/a><\/audio><\/div><p class=\"powerpress_links powerpress_links_mp3\" style=\"margin-bottom: 1px !important;\">Podcast: <a href=\"https:\/\/archive.org\/download\/audio-nancy-loschiavo-larcade-15-03-2021\/AUDIO%20-%20NANCY%20LOSCHIAVO%20%28LARCADE%29%2015%2003%202021.mp3\" class=\"powerpress_link_pinw\" target=\"_blank\" title=\"Reproducir en una nueva ventana\" onclick=\"return powerpress_pinw('https:\/\/fmtinkunaco.ar\/?powerpress_pinw=3106-podcast');\" rel=\"nofollow\">Reproducir en una nueva ventana<\/a> | <a href=\"https:\/\/archive.org\/download\/audio-nancy-loschiavo-larcade-15-03-2021\/AUDIO%20-%20NANCY%20LOSCHIAVO%20%28LARCADE%29%2015%2003%202021.mp3\" class=\"powerpress_link_d\" title=\"Descargar\" rel=\"nofollow\" download=\"AUDIO%20-%20NANCY%20LOSCHIAVO%20%28LARCADE%29%2015%2003%202021.mp3\">Descargar<\/a><\/p>","protected":false},"excerpt":{"rendered":"<p>Trabajadores y Trabajadores del Hospital Larcade, de San Miguel, decidieron en asamblea volver a concentrar y movilizar el pr\u00f3ximo martes 30 de marzo, a las 15hs, con el objetivo de ser escuchados y que las autoridades municipales den soluciones a la precarizaci\u00f3n laboral y a los bajos salarios. En di\u00e1logo con el programa radial \u201cEncuentro [&hellip;]<\/p>\n","protected":false},"author":1,"featured_media":3107,"comment_status":"open","ping_status":"open","sticky":false,"template":"","format":"standard","meta":{"footnotes":""},"categories":[7],"tags":[],"class_list":["post-3106","post","type-post","status-publish","format-standard","has-post-thumbnail","hentry","category-salud"],"_links":{"self":[{"href":"https:\/\/fmtinkunaco.ar\/index.php?rest_route=\/wp\/v2\/posts\/3106","targetHints":{"allow":["GET"]}}],"collection":[{"href":"https:\/\/fmtinkunaco.ar\/index.php?rest_route=\/wp\/v2\/posts"}],"about":[{"href":"https:\/\/fmtinkunaco.ar\/index.php?rest_route=\/wp\/v2\/types\/post"}],"author":[{"embeddable":true,"href":"https:\/\/fmtinkunaco.ar\/index.php?rest_route=\/wp\/v2\/users\/1"}],"replies":[{"embeddable":true,"href":"https:\/\/fmtinkunaco.ar\/index.php?rest_route=%2Fwp%2Fv2%2Fcomments&post=3106"}],"version-history":[{"count":0,"href":"https:\/\/fmtinkunaco.ar\/index.php?rest_route=\/wp\/v2\/posts\/3106\/revisions"}],"wp:featuredmedia":[{"embeddable":true,"href":"https:\/\/fmtinkunaco.ar\/index.php?rest_route=\/"}],"wp:attachment":[{"href":"https:\/\/fmtinkunaco.ar\/index.php?rest_route=%2Fwp%2Fv2%2Fmedia&parent=3106"}],"wp:term":[{"taxonomy":"category","embeddable":true,"href":"https:\/\/fmtinkunaco.ar\/index.php?rest_route=%2Fwp%2Fv2%2Fcategories&post=3106"},{"taxonomy":"post_tag","embeddable":true,"href":"https:\/\/fmtinkunaco.ar\/index.php?rest_route=%2Fwp%2Fv2%2Ftags&post=3106"}],"curies":[{"name":"wp","href":"https:\/\/api.w.org\/{rel}","templated":true}]}}